{"id":10041,"date":"2024-11-16T15:10:08","date_gmt":"2024-11-16T21:10:08","guid":{"rendered":"https:\/\/moviecrazyplanet.com\/?p=10041"},"modified":"2024-11-16T15:10:08","modified_gmt":"2024-11-16T21:10:08","slug":"cartelera-cineteca-nacional-sabado-15-de-noviembre","status":"publish","type":"post","link":"https:\/\/moviecrazyplanet.com\/?p=10041","title":{"rendered":"Cartelera Cineteca Nacional s\u00e1bado 15 de noviembre"},"content":{"rendered":"<p dir=\"ltr\">Cartelera Cineteca Nacional s\u00e1bado 15 de noviembre de 2024<\/p>\n<p>&nbsp;<\/p>\n<p dir=\"ltr\">\u2022 <strong>M\u00e9xico: La Revoluci\u00f3n Congelada<\/strong><\/p>\n<p dir=\"ltr\"><a href=\"https:\/\/www.cinetecanacional.net\/sedes\/detallePelicula.php?FilmId=HO00006266&amp;cinemaId=003#gsc.tab=0\" target=\"_blank\" rel=\"noopener\"><img loading=\"lazy\" decoding=\"async\" class=\"alignnone size-full wp-image-10042\" src=\"http:\/\/moviecrazyplanet.com\/wp-content\/uploads\/2024\/11\/Mexico-La-Revolucion-Congelada.jpg\" alt=\"\" width=\"1500\" height=\"2250\" srcset=\"https:\/\/moviecrazyplanet.com\/wp-content\/uploads\/2024\/11\/Mexico-La-Revolucion-Congelada.jpg 1500w, https:\/\/moviecrazyplanet.com\/wp-content\/uploads\/2024\/11\/Mexico-La-Revolucion-Congelada-200x300.jpg 200w, https:\/\/moviecrazyplanet.com\/wp-content\/uploads\/2024\/11\/Mexico-La-Revolucion-Congelada-683x1024.jpg 683w, https:\/\/moviecrazyplanet.com\/wp-content\/uploads\/2024\/11\/Mexico-La-Revolucion-Congelada-768x1152.jpg 768w, https:\/\/moviecrazyplanet.com\/wp-content\/uploads\/2024\/11\/Mexico-La-Revolucion-Congelada-1024x1536.jpg 1024w, https:\/\/moviecrazyplanet.com\/wp-content\/uploads\/2024\/11\/Mexico-La-Revolucion-Congelada-1365x2048.jpg 1365w\" sizes=\"auto, (max-width: 1500px) 100vw, 1500px\" \/><\/a><\/p>\n<p dir=\"ltr\">Profundo an\u00e1lisis de la realidad sociopol\u00edtica de M\u00e9xico, dentro del contexto hist\u00f3rico de la Revoluci\u00f3n Mexicana. El cineasta argentino Raymundo Gleyzer recibi\u00f3 el permiso de Luis Echeverr\u00eda para grabar su campa\u00f1a y aprovech\u00f3 esta cercan\u00eda para mostrar la corrupci\u00f3n de la pol\u00edtica mexicana, incluyendo material de archivo de los a\u00f1os 1910, entrevistas con campesinos, intelectuales y clase media, escenas de la vida de una familia en Yucat\u00e1n e im\u00e1genes de la masacre en la Plaza de Tlatelolco en 1968.<\/p>\n<p>&nbsp;<\/p>\n<p>&nbsp;<\/p>\n<p dir=\"ltr\">\n\u2022 <strong>Pasitos a la Fama<\/strong><\/p>\n<p dir=\"ltr\"><a href=\"https:\/\/www.cinetecanacional.net\/sedes\/detallePelicula.php?FilmId=HO00008269&amp;cinemaId=002#gsc.tab=0\" target=\"_blank\" rel=\"noopener\"><img loading=\"lazy\" decoding=\"async\" class=\"alignnone size-full wp-image-10044\" src=\"http:\/\/moviecrazyplanet.com\/wp-content\/uploads\/2024\/11\/Pasitos-a-la-Fama.jpg\" alt=\"\" width=\"1050\" height=\"1500\" srcset=\"https:\/\/moviecrazyplanet.com\/wp-content\/uploads\/2024\/11\/Pasitos-a-la-Fama.jpg 1050w, https:\/\/moviecrazyplanet.com\/wp-content\/uploads\/2024\/11\/Pasitos-a-la-Fama-210x300.jpg 210w, https:\/\/moviecrazyplanet.com\/wp-content\/uploads\/2024\/11\/Pasitos-a-la-Fama-717x1024.jpg 717w, https:\/\/moviecrazyplanet.com\/wp-content\/uploads\/2024\/11\/Pasitos-a-la-Fama-768x1097.jpg 768w, https:\/\/moviecrazyplanet.com\/wp-content\/uploads\/2024\/11\/Pasitos-a-la-Fama-1024x1463.jpg 1024w\" sizes=\"auto, (max-width: 1050px) 100vw, 1050px\" \/><\/a><\/p>\n<p dir=\"ltr\">Del nominado al Oscar, el galardonado director y guionista Carlos Carrera, \u201cPasitos a la Fama\u201d sigue a cinco ni\u00f1os mexicanos (junto con sus familias) que persiguen el estrellato en sus respectivas localidades que, con suerte, los llevar\u00e1 a las brillantes luces de la Ciudad de M\u00e9xico, donde nacen las estrellas. Carrera expone la cruda realidad de la b\u00fasqueda de la fama y la fortuna a trav\u00e9s de la perspectiva infantil, mientras somos testigos de los sacrificios, altibajos y callejones sin salida de su peligroso viaje.<\/p>\n<p><iframe loading=\"lazy\" title=\"Pasitos a la Fama - Trailer\" width=\"640\" height=\"360\" src=\"https:\/\/www.youtube.com\/embed\/rsmvuEgVPCs?feature=oembed\" frameborder=\"0\" allow=\"accelerometer; autoplay; clipboard-write; encrypted-media; gyroscope; picture-in-picture; web-share\" referrerpolicy=\"strict-origin-when-cross-origin\" allowfullscreen><\/iframe><\/p>\n<p>&nbsp;<\/p>\n<p>&nbsp;<\/p>\n<p dir=\"ltr\">\n<strong>\u2022 Santa B\u00e1rbara<\/strong><\/p>\n<p dir=\"ltr\"><a href=\"https:\/\/www.cinetecanacional.net\/sedes\/detallePelicula.php?FilmId=HO00006913&amp;cinemaId=002#gsc.tab=0\" target=\"_blank\" rel=\"noopener\"><img loading=\"lazy\" decoding=\"async\" class=\"alignnone size-full wp-image-10043\" src=\"http:\/\/moviecrazyplanet.com\/wp-content\/uploads\/2024\/11\/Santa-Barbara-.png\" alt=\"\" width=\"1200\" height=\"1714\" srcset=\"https:\/\/moviecrazyplanet.com\/wp-content\/uploads\/2024\/11\/Santa-Barbara-.png 1200w, https:\/\/moviecrazyplanet.com\/wp-content\/uploads\/2024\/11\/Santa-Barbara--210x300.png 210w, https:\/\/moviecrazyplanet.com\/wp-content\/uploads\/2024\/11\/Santa-Barbara--717x1024.png 717w, https:\/\/moviecrazyplanet.com\/wp-content\/uploads\/2024\/11\/Santa-Barbara--768x1097.png 768w, https:\/\/moviecrazyplanet.com\/wp-content\/uploads\/2024\/11\/Santa-Barbara--1075x1536.png 1075w, https:\/\/moviecrazyplanet.com\/wp-content\/uploads\/2024\/11\/Santa-Barbara--1024x1463.png 1024w\" sizes=\"auto, (max-width: 1200px) 100vw, 1200px\" \/><\/a><\/p>\n<p dir=\"ltr\">Santa B\u00e1rbara cuenta la historia de B\u00e1rbara, una mujer que trabaja de empleada dom\u00e9stica en una casa y en una tienda de muebles. Todos los s\u00e1bados, llama a casa de su madre para hablar con sus dos hijos, a los que no ve desde que dej\u00f3 su pa\u00eds. En una de estas llamadas, su madre le dice que detuvieron a su hijo mayor y que ya no puede hacerse cargo de \u00e9l, por lo que B\u00e1rbara modificar\u00e1 su vida para recibirlo.<\/p>\n<p><iframe loading=\"lazy\" title=\"Trailer oficial SANTA B\u00c1RBARA (dir. Ana\u00efs Pareto Onghena)\" width=\"640\" height=\"360\" src=\"https:\/\/www.youtube.com\/embed\/vsK6ZBJz8-Y?feature=oembed\" frameborder=\"0\" allow=\"accelerometer; autoplay; clipboard-write; encrypted-media; gyroscope; picture-in-picture; web-share\" referrerpolicy=\"strict-origin-when-cross-origin\" allowfullscreen><\/iframe><\/p>\n<p>&nbsp;<\/p>\n<p>&nbsp;<\/p>\n<p dir=\"ltr\">\n<strong>\u2022 La Alberca de los Nadies<\/strong><\/p>\n<p dir=\"ltr\"><a href=\"https:\/\/www.cinetecanacional.net\/sedes\/detallePelicula.php?FilmId=HO00007930&amp;cinemaId=002#gsc.tab=0\" target=\"_blank\" rel=\"noopener\"><img loading=\"lazy\" decoding=\"async\" class=\"alignnone size-full wp-image-10045\" src=\"http:\/\/moviecrazyplanet.com\/wp-content\/uploads\/2024\/11\/La-Alberca-de-los-Nadies.jpg\" alt=\"\" width=\"1500\" height=\"2250\" srcset=\"https:\/\/moviecrazyplanet.com\/wp-content\/uploads\/2024\/11\/La-Alberca-de-los-Nadies.jpg 1500w, https:\/\/moviecrazyplanet.com\/wp-content\/uploads\/2024\/11\/La-Alberca-de-los-Nadies-200x300.jpg 200w, https:\/\/moviecrazyplanet.com\/wp-content\/uploads\/2024\/11\/La-Alberca-de-los-Nadies-683x1024.jpg 683w, https:\/\/moviecrazyplanet.com\/wp-content\/uploads\/2024\/11\/La-Alberca-de-los-Nadies-768x1152.jpg 768w, https:\/\/moviecrazyplanet.com\/wp-content\/uploads\/2024\/11\/La-Alberca-de-los-Nadies-1024x1536.jpg 1024w, https:\/\/moviecrazyplanet.com\/wp-content\/uploads\/2024\/11\/La-Alberca-de-los-Nadies-1365x2048.jpg 1365w\" sizes=\"auto, (max-width: 1500px) 100vw, 1500px\" \/><\/a><\/p>\n<p dir=\"ltr\">Basada en el tr\u00e1gico caso de los 73 migrantes asesinados en San Fernando, Tamaulipas, en 2010, por parte de grupos del narcotr\u00e1fico, La alberca de los nadies retrata la historia de Alex y Anayeli, dos migrantes centroamericanos que deber\u00e1n hacer todo lo posible para sobrevivir a estos grupos delictivos y cruzar la frontera. Cuestionando la moralidad y ejerciendo una clara cr\u00edtica al sistema de justicia del pa\u00eds, la cinta ha conseguido m\u00e1s de una decena de premios en festivales nacionales e internacionales.<\/p>\n<p><iframe loading=\"lazy\" title=\"LA ALBERCA DE LOS NADIES - Tr\u00e1iler Oficial - Par\u00e1bola Distribuci\u00f3n\" width=\"640\" height=\"360\" src=\"https:\/\/www.youtube.com\/embed\/bt-ymShzVlw?feature=oembed\" frameborder=\"0\" allow=\"accelerometer; autoplay; clipboard-write; encrypted-media; gyroscope; picture-in-picture; web-share\" referrerpolicy=\"strict-origin-when-cross-origin\" allowfullscreen><\/iframe><\/p>\n<p>&nbsp;<\/p>\n<p>&nbsp;<\/p>\n<p dir=\"ltr\">\n\u2022 <strong>Corre<\/strong><\/p>\n<p dir=\"ltr\"><a href=\"https:\/\/www.cinetecanacional.net\/sedes\/detallePelicula.php?FilmId=HO00008268&amp;cinemaId=002#gsc.tab=0\" target=\"_blank\" rel=\"noopener\"><img loading=\"lazy\" decoding=\"async\" class=\"alignnone size-full wp-image-10047\" src=\"http:\/\/moviecrazyplanet.com\/wp-content\/uploads\/2024\/11\/Corre.png\" alt=\"\" width=\"1200\" height=\"1716\" srcset=\"https:\/\/moviecrazyplanet.com\/wp-content\/uploads\/2024\/11\/Corre.png 1200w, https:\/\/moviecrazyplanet.com\/wp-content\/uploads\/2024\/11\/Corre-210x300.png 210w, https:\/\/moviecrazyplanet.com\/wp-content\/uploads\/2024\/11\/Corre-716x1024.png 716w, https:\/\/moviecrazyplanet.com\/wp-content\/uploads\/2024\/11\/Corre-768x1098.png 768w, https:\/\/moviecrazyplanet.com\/wp-content\/uploads\/2024\/11\/Corre-1074x1536.png 1074w, https:\/\/moviecrazyplanet.com\/wp-content\/uploads\/2024\/11\/Corre-1024x1464.png 1024w\" sizes=\"auto, (max-width: 1200px) 100vw, 1200px\" \/><\/a><\/p>\n<p dir=\"ltr\">Vincent empieza a ser atacado por la gente que lo rodea sin motivo aparente. Su tranquila existencia de pronto se descontrola y, conforme la violencia y el miedo crece, no tiene m\u00e1s remedio que huir.<\/p>\n<p><iframe loading=\"lazy\" title=\"\u00a1CORRE! - Trailer Oficial HD\" width=\"640\" height=\"360\" src=\"https:\/\/www.youtube.com\/embed\/v4BkUaWzTGY?feature=oembed\" frameborder=\"0\" allow=\"accelerometer; autoplay; clipboard-write; encrypted-media; gyroscope; picture-in-picture; web-share\" referrerpolicy=\"strict-origin-when-cross-origin\" allowfullscreen><\/iframe><\/p>\n<p>&nbsp;<\/p>\n<p>&nbsp;<\/p>\n<p dir=\"ltr\">\n<strong>\u2022 Dreamgirls<\/strong><\/p>\n<p dir=\"ltr\"><a href=\"https:\/\/www.cinetecanacional.net\/sedes\/detallePelicula.php?FilmId=HO00008230&amp;cinemaId=002#gsc.tab=0\" target=\"_blank\" rel=\"noopener\"><img loading=\"lazy\" decoding=\"async\" class=\"alignnone size-full wp-image-10046\" src=\"http:\/\/moviecrazyplanet.com\/wp-content\/uploads\/2024\/11\/Dreamgirls.png\" alt=\"\" width=\"1382\" height=\"2048\" srcset=\"https:\/\/moviecrazyplanet.com\/wp-content\/uploads\/2024\/11\/Dreamgirls.png 1382w, https:\/\/moviecrazyplanet.com\/wp-content\/uploads\/2024\/11\/Dreamgirls-202x300.png 202w, https:\/\/moviecrazyplanet.com\/wp-content\/uploads\/2024\/11\/Dreamgirls-691x1024.png 691w, https:\/\/moviecrazyplanet.com\/wp-content\/uploads\/2024\/11\/Dreamgirls-768x1138.png 768w, https:\/\/moviecrazyplanet.com\/wp-content\/uploads\/2024\/11\/Dreamgirls-1037x1536.png 1037w, https:\/\/moviecrazyplanet.com\/wp-content\/uploads\/2024\/11\/Dreamgirls-1024x1517.png 1024w\" sizes=\"auto, (max-width: 1382px) 100vw, 1382px\" \/><\/a><\/p>\n<p dir=\"ltr\">Ambientada en los a\u00f1os 60 y 70. Effie, Deena y Lorrell forman un prometedor grupo musical llamado The Dreamettes. El ambicioso agente Curtis Taylor (Jamie Foxx) las descubre durante un concurso y les ofrece la oportunidad de su vida: hacer los coros para el famos\u00edsimo James \u00abThunder\u00bb Early (Eddie Murphy). Poco a poco, Curtis empieza a controlar el aspecto f\u00edsico y la m\u00fasica de las chicas para acabar lanz\u00e1ndolas como The Dreams. Pero los focos no tardan en centrarse en Deena, olvidando e incluso apartando a la menos atractiva Effie. A pesar de que The Dreams se convierte en un aut\u00e9ntico fen\u00f3meno de costa a costa, no tardan en darse cuenta de que el precio de la fama y de la fortuna es mucho m\u00e1s elevado de lo que imaginaban.<\/p>\n<p><iframe loading=\"lazy\" title=\"DREAMGIRLS | Official Trailer\" width=\"640\" height=\"360\" src=\"https:\/\/www.youtube.com\/embed\/DTgGuFOh2M0?feature=oembed\" frameborder=\"0\" allow=\"accelerometer; autoplay; clipboard-write; encrypted-media; gyroscope; picture-in-picture; web-share\" referrerpolicy=\"strict-origin-when-cross-origin\" allowfullscreen><\/iframe><\/p>\n<p>&nbsp;<\/p>\n<p>&nbsp;<\/p>\n<p dir=\"ltr\">\n<strong>\u2022 Canoa<\/strong><\/p>\n<p dir=\"ltr\"><a href=\"https:\/\/www.cinetecanacional.net\/sedes\/detallePelicula.php?FilmId=HO00001604&amp;cinemaId=002#gsc.tab=0\" target=\"_blank\" rel=\"noopener\"><img loading=\"lazy\" decoding=\"async\" class=\"alignnone size-full wp-image-10048\" src=\"http:\/\/moviecrazyplanet.com\/wp-content\/uploads\/2024\/11\/Canoa.png\" alt=\"\" width=\"1500\" height=\"2073\" srcset=\"https:\/\/moviecrazyplanet.com\/wp-content\/uploads\/2024\/11\/Canoa.png 1500w, https:\/\/moviecrazyplanet.com\/wp-content\/uploads\/2024\/11\/Canoa-217x300.png 217w, https:\/\/moviecrazyplanet.com\/wp-content\/uploads\/2024\/11\/Canoa-741x1024.png 741w, https:\/\/moviecrazyplanet.com\/wp-content\/uploads\/2024\/11\/Canoa-768x1061.png 768w, https:\/\/moviecrazyplanet.com\/wp-content\/uploads\/2024\/11\/Canoa-1111x1536.png 1111w, https:\/\/moviecrazyplanet.com\/wp-content\/uploads\/2024\/11\/Canoa-1482x2048.png 1482w, https:\/\/moviecrazyplanet.com\/wp-content\/uploads\/2024\/11\/Canoa-1024x1415.png 1024w\" sizes=\"auto, (max-width: 1500px) 100vw, 1500px\" \/><\/a><\/p>\n<p dir=\"ltr\">Basada en hechos reales, sucedidos en M\u00e9xico en septiembre de 1968. Cinco j\u00f3venes emplea0d510os de la Universidad Aut\u00f3noma de Puebla intentan escalar la monta\u00f1a de La Malinche pero, debido al mal tiempo se ven obligados a refugiarse en el peque\u00f1o pueblo de San Miguel Canoa. A causa de la paranoia de los habitantes, incentivada por el p\u00e1rroco local que aseguraba que los comunistas vendr\u00edan a matarlo, el pueblo decide tomar violentas acciones en contra de ellos. Considerada hoy un cl\u00e1sico del cine nacional, en Canoa, una de las pel\u00edculas m\u00e1s importantes en su filmograf\u00eda, Felipe Cazals da vida a una dram\u00e1tica historia de terror social, al tiempo que reflexiona sobre las consecuencias del poder poder pol\u00edtico en la religi\u00f3n cat\u00f3lica.<\/p>\n<p><iframe loading=\"lazy\" title=\"Canoa: A Shameful Memory (1976) Original Trailer [FHD]\" width=\"640\" height=\"360\" src=\"https:\/\/www.youtube.com\/embed\/-2RPx_RDOhw?feature=oembed\" frameborder=\"0\" allow=\"accelerometer; autoplay; clipboard-write; encrypted-media; gyroscope; picture-in-picture; web-share\" referrerpolicy=\"strict-origin-when-cross-origin\" allowfullscreen><\/iframe><\/p>\n<p>&nbsp;<\/p>\n<p>&nbsp;<\/p>\n<p dir=\"ltr\">\n<strong>\u2022 Profundo Carmes\u00ed<\/strong><\/p>\n<p dir=\"ltr\"><a href=\"https:\/\/issuu.com\/cinetecanacional\/docs\/noviembre_2024_paginas_4\" target=\"_blank\" rel=\"noopener\"><img loading=\"lazy\" decoding=\"async\" class=\"alignnone size-full wp-image-10049\" src=\"http:\/\/moviecrazyplanet.com\/wp-content\/uploads\/2024\/11\/Profundo-Carmesi.png\" alt=\"\" width=\"524\" height=\"790\" srcset=\"https:\/\/moviecrazyplanet.com\/wp-content\/uploads\/2024\/11\/Profundo-Carmesi.png 524w, https:\/\/moviecrazyplanet.com\/wp-content\/uploads\/2024\/11\/Profundo-Carmesi-199x300.png 199w\" sizes=\"auto, (max-width: 524px) 100vw, 524px\" \/><\/a><\/p>\n<p>&nbsp;<\/p>\n<p dir=\"ltr\">\n<p dir=\"ltr\">Cartelera y programaci\u00f3n en<\/p>\n<p dir=\"ltr\"><a href=\"http:\/\/www.cinetecanacional.net\" target=\"_blank\" rel=\"noopener\"><img loading=\"lazy\" decoding=\"async\" class=\"alignnone size-full wp-image-8948\" src=\"http:\/\/moviecrazyplanet.com\/wp-content\/uploads\/2024\/09\/Cineteca-Nacional-Logo.jpeg\" alt=\"\" width=\"739\" height=\"415\" srcset=\"https:\/\/moviecrazyplanet.com\/wp-content\/uploads\/2024\/09\/Cineteca-Nacional-Logo.jpeg 739w, https:\/\/moviecrazyplanet.com\/wp-content\/uploads\/2024\/09\/Cineteca-Nacional-Logo-300x168.jpeg 300w\" sizes=\"auto, (max-width: 739px) 100vw, 739px\" \/><\/a><\/p>\n","protected":false},"excerpt":{"rendered":"<p>Cartelera Cineteca Nacional s\u00e1bado 15 de noviembre de 2024 &nbsp; \u2022 M\u00e9xico: La Revoluci\u00f3n Congelada Profundo an\u00e1lisis de la realidad sociopol\u00edtica de M\u00e9xico, dentro del contexto hist\u00f3rico de la Revoluci\u00f3n Mexicana. El cineasta argentino Raymundo Gleyzer recibi\u00f3 el permiso de Luis Echeverr\u00eda para grabar su campa\u00f1a y aprovech\u00f3 esta cercan\u00eda para mostrar la corrupci\u00f3n de [&hellip;]<\/p>\n","protected":false},"author":2,"featured_media":10050,"comment_status":"open","ping_status":"open","sticky":false,"template":"","format":"standard","meta":{"footnotes":""},"categories":[139,68],"tags":[],"class_list":["post-10041","post","type-post","status-publish","format-standard","has-post-thumbnail","hentry","category-cineteca-nacional","category-estrenos"],"_links":{"self":[{"href":"https:\/\/moviecrazyplanet.com\/index.php?rest_route=\/wp\/v2\/posts\/10041","targetHints":{"allow":["GET"]}}],"collection":[{"href":"https:\/\/moviecrazyplanet.com\/index.php?rest_route=\/wp\/v2\/posts"}],"about":[{"href":"https:\/\/moviecrazyplanet.com\/index.php?rest_route=\/wp\/v2\/types\/post"}],"author":[{"embeddable":true,"href":"https:\/\/moviecrazyplanet.com\/index.php?rest_route=\/wp\/v2\/users\/2"}],"replies":[{"embeddable":true,"href":"https:\/\/moviecrazyplanet.com\/index.php?rest_route=%2Fwp%2Fv2%2Fcomments&post=10041"}],"version-history":[{"count":3,"href":"https:\/\/moviecrazyplanet.com\/index.php?rest_route=\/wp\/v2\/posts\/10041\/revisions"}],"predecessor-version":[{"id":10053,"href":"https:\/\/moviecrazyplanet.com\/index.php?rest_route=\/wp\/v2\/posts\/10041\/revisions\/10053"}],"wp:featuredmedia":[{"embeddable":true,"href":"https:\/\/moviecrazyplanet.com\/index.php?rest_route=\/wp\/v2\/media\/10050"}],"wp:attachment":[{"href":"https:\/\/moviecrazyplanet.com\/index.php?rest_route=%2Fwp%2Fv2%2Fmedia&parent=10041"}],"wp:term":[{"taxonomy":"category","embeddable":true,"href":"https:\/\/moviecrazyplanet.com\/index.php?rest_route=%2Fwp%2Fv2%2Fcategories&post=10041"},{"taxonomy":"post_tag","embeddable":true,"href":"https:\/\/moviecrazyplanet.com\/index.php?rest_route=%2Fwp%2Fv2%2Ftags&post=10041"}],"curies":[{"name":"wp","href":"https:\/\/api.w.org\/{rel}","templated":true}]}}