{"id":10385,"date":"2024-12-07T14:51:28","date_gmt":"2024-12-07T20:51:28","guid":{"rendered":"https:\/\/moviecrazyplanet.com\/?p=10385"},"modified":"2024-12-07T15:01:32","modified_gmt":"2024-12-07T21:01:32","slug":"cartelera-cineteca-nacional-sabado-7-de-diciembre-de-2024","status":"publish","type":"post","link":"https:\/\/moviecrazyplanet.com\/?p=10385","title":{"rendered":"Cartelera Cineteca Nacional s\u00e1bado 7 de diciembre de 2024"},"content":{"rendered":"<p dir=\"ltr\">Cartelera Cineteca Nacional s\u00e1bado 7 de diciembre<\/p>\n<p>&nbsp;<\/p>\n<p dir=\"ltr\"><strong>\u2022\u00a0 Sujo<\/strong><\/p>\n<p dir=\"ltr\">Cin\u00e9polis Distribuci\u00f3n<\/p>\n<p dir=\"ltr\"><a href=\"https:\/\/www.cinetecanacional.net\/sedes\/detallePelicula.php?FilmId=HO00008301&amp;cinemaId=003#gsc.tab=0\" target=\"_blank\" rel=\"noopener\"><img loading=\"lazy\" decoding=\"async\" class=\"alignnone size-full wp-image-10386\" src=\"http:\/\/moviecrazyplanet.com\/wp-content\/uploads\/2024\/12\/Sujo.jpg\" alt=\"\" width=\"1500\" height=\"2143\" srcset=\"https:\/\/moviecrazyplanet.com\/wp-content\/uploads\/2024\/12\/Sujo.jpg 1500w, https:\/\/moviecrazyplanet.com\/wp-content\/uploads\/2024\/12\/Sujo-210x300.jpg 210w, https:\/\/moviecrazyplanet.com\/wp-content\/uploads\/2024\/12\/Sujo-717x1024.jpg 717w, https:\/\/moviecrazyplanet.com\/wp-content\/uploads\/2024\/12\/Sujo-768x1097.jpg 768w, https:\/\/moviecrazyplanet.com\/wp-content\/uploads\/2024\/12\/Sujo-1075x1536.jpg 1075w, https:\/\/moviecrazyplanet.com\/wp-content\/uploads\/2024\/12\/Sujo-1434x2048.jpg 1434w, https:\/\/moviecrazyplanet.com\/wp-content\/uploads\/2024\/12\/Sujo-1024x1463.jpg 1024w\" sizes=\"auto, (max-width: 1500px) 100vw, 1500px\" \/><\/a><\/p>\n<p dir=\"ltr\">Despu\u00e9s del asesinato de su padre, acusado de traici\u00f3n por un grupo del narcotr\u00e1fico, Sujo con apenas cuatro a\u00f1os comienza a ser perseguido. Para sobrevivir es escondido por su t\u00eda que lo cr\u00eda hasta la adolescencia. Buscando un poco de libertad, el a\u00fan adolescente escapa a la ciudad esperando as\u00ed poder huir de su destino, pero \u00e9ste termina por alcanzarlo. Pensada como una historia reflejo de la cinta Sin se\u00f1as particulares, Sujo ha sido elegida para representar a M\u00e9xico en la 97\u00b0 edici\u00f3n de los Premios \u00d3scar en 2025.<\/p>\n<p><iframe loading=\"lazy\" title=\"SUJO | Tr\u00e1iler oficial | Cin\u00e9polis Distribuci\u00f3n\" width=\"640\" height=\"360\" src=\"https:\/\/www.youtube.com\/embed\/Z6i_kjASRJs?feature=oembed\" frameborder=\"0\" allow=\"accelerometer; autoplay; clipboard-write; encrypted-media; gyroscope; picture-in-picture; web-share\" referrerpolicy=\"strict-origin-when-cross-origin\" allowfullscreen><\/iframe><\/p>\n<p>&nbsp;<\/p>\n<p>&nbsp;<\/p>\n<p>&nbsp;<\/p>\n<p dir=\"ltr\"><strong>\u2022 Un Hombre Diferente<\/strong><\/p>\n<p dir=\"ltr\">Cine CAN\u00cdBAL<\/p>\n<p dir=\"ltr\"><a href=\"https:\/\/www.cinetecanacional.net\/sedes\/detallePelicula.php?FilmId=HO00008277&amp;cinemaId=003#gsc.tab=0\" target=\"_blank\" rel=\"noopener\"><img loading=\"lazy\" decoding=\"async\" class=\"alignnone size-full wp-image-10387\" src=\"http:\/\/moviecrazyplanet.com\/wp-content\/uploads\/2024\/12\/Un-Hombre-Diferente-1.jpg\" alt=\"\" width=\"1500\" height=\"2143\" srcset=\"https:\/\/moviecrazyplanet.com\/wp-content\/uploads\/2024\/12\/Un-Hombre-Diferente-1.jpg 1500w, https:\/\/moviecrazyplanet.com\/wp-content\/uploads\/2024\/12\/Un-Hombre-Diferente-1-210x300.jpg 210w, https:\/\/moviecrazyplanet.com\/wp-content\/uploads\/2024\/12\/Un-Hombre-Diferente-1-717x1024.jpg 717w, https:\/\/moviecrazyplanet.com\/wp-content\/uploads\/2024\/12\/Un-Hombre-Diferente-1-768x1097.jpg 768w, https:\/\/moviecrazyplanet.com\/wp-content\/uploads\/2024\/12\/Un-Hombre-Diferente-1-1075x1536.jpg 1075w, https:\/\/moviecrazyplanet.com\/wp-content\/uploads\/2024\/12\/Un-Hombre-Diferente-1-1434x2048.jpg 1434w, https:\/\/moviecrazyplanet.com\/wp-content\/uploads\/2024\/12\/Un-Hombre-Diferente-1-1024x1463.jpg 1024w\" sizes=\"auto, (max-width: 1500px) 100vw, 1500px\" \/><\/a><\/p>\n<p dir=\"ltr\">Edward es un aspirante a actor que lleva una vida marcada por la soledad y la inseguridad debido a su rostro desfigurado por un trastorno gen\u00e9tico. La llegada de Ingrid, su vecina dramaturga, lo motiva a someterse a un procedimiento m\u00e9dico para transformar dr\u00e1sticamente su aspecto. Sin embargo, su nuevo rostro normalizado se convertir\u00e1 r\u00e1pidamente en una pesadilla. Un hombre diferente es una inquietante comedia negra con giros argumentales inesperados, que reflexiona sobre la identidad, las normas sociales que nos definen y el arte que se apropia de historias ajenas.<\/p>\n<p><iframe loading=\"lazy\" title=\"UN HOMBRE DIFERENTE - TRAILER OFICIAL HD\" width=\"640\" height=\"360\" src=\"https:\/\/www.youtube.com\/embed\/zraZ7-zmXhk?feature=oembed\" frameborder=\"0\" allow=\"accelerometer; autoplay; clipboard-write; encrypted-media; gyroscope; picture-in-picture; web-share\" referrerpolicy=\"strict-origin-when-cross-origin\" allowfullscreen><\/iframe><\/p>\n<p>&nbsp;<\/p>\n<p>&nbsp;<\/p>\n<p>&nbsp;<\/p>\n<p dir=\"ltr\"><strong>\u2022 El Jockey<\/strong><\/p>\n<p dir=\"ltr\">Somos Piano<\/p>\n<p dir=\"ltr\"><a href=\"https:\/\/www.cinetecanacional.net\/sedes\/detallePelicula.php?FilmId=HO00008279&amp;cinemaId=003#gsc.tab=0\" target=\"_blank\" rel=\"noopener\"><img loading=\"lazy\" decoding=\"async\" class=\"alignnone size-full wp-image-10388\" src=\"http:\/\/moviecrazyplanet.com\/wp-content\/uploads\/2024\/12\/El-Jockey.jpg\" alt=\"\" width=\"1500\" height=\"2222\" srcset=\"https:\/\/moviecrazyplanet.com\/wp-content\/uploads\/2024\/12\/El-Jockey.jpg 1500w, https:\/\/moviecrazyplanet.com\/wp-content\/uploads\/2024\/12\/El-Jockey-203x300.jpg 203w, https:\/\/moviecrazyplanet.com\/wp-content\/uploads\/2024\/12\/El-Jockey-691x1024.jpg 691w, https:\/\/moviecrazyplanet.com\/wp-content\/uploads\/2024\/12\/El-Jockey-768x1138.jpg 768w, https:\/\/moviecrazyplanet.com\/wp-content\/uploads\/2024\/12\/El-Jockey-1037x1536.jpg 1037w, https:\/\/moviecrazyplanet.com\/wp-content\/uploads\/2024\/12\/El-Jockey-1383x2048.jpg 1383w, https:\/\/moviecrazyplanet.com\/wp-content\/uploads\/2024\/12\/El-Jockey-1024x1517.jpg 1024w\" sizes=\"auto, (max-width: 1500px) 100vw, 1500px\" \/><\/a><\/p>\n<p dir=\"ltr\">Remo Manfredini es un jinete de caballos que, durante alg\u00fan tiempo, fue demasiado exitoso. Ahora, adicto al alcohol e innumerables sustancias, se ha vuelto un desastre apenas consciente. Mientras Manfredini ahoga su carrera en el caos, su colega y pareja Abril se encuentra embarazada. El caos en la vida de la joven pareja pondr\u00e1 todo de cabeza, y les ayudar\u00e1 a descubrir la posibilidad de desdibujar el deber ser de la personalidad y reencontrarse en un espectro espiritual mucho m\u00e1s profundo y complejo.<\/p>\n<p><iframe loading=\"lazy\" title=\"El Jockey - Tr\u00e1iler Oficial M\u00e9xico\" width=\"640\" height=\"360\" src=\"https:\/\/www.youtube.com\/embed\/e5XRmsJcBdE?feature=oembed\" frameborder=\"0\" allow=\"accelerometer; autoplay; clipboard-write; encrypted-media; gyroscope; picture-in-picture; web-share\" referrerpolicy=\"strict-origin-when-cross-origin\" allowfullscreen><\/iframe><\/p>\n<p>&nbsp;<\/p>\n<p>&nbsp;<\/p>\n<p>&nbsp;<\/p>\n<p dir=\"ltr\">\u2022 <strong>Esta Ambici\u00f3n Desmedida<\/strong><\/p>\n<p dir=\"ltr\">Pimienta Films<\/p>\n<p dir=\"ltr\"><a href=\"https:\/\/www.cinetecanacional.net\/sedes\/detallePelicula.php?FilmId=HO00008304&amp;cinemaId=002#gsc.tab=0\" target=\"_blank\" rel=\"noopener\"><img loading=\"lazy\" decoding=\"async\" class=\"alignnone size-full wp-image-10392\" src=\"http:\/\/moviecrazyplanet.com\/wp-content\/uploads\/2024\/12\/Esta-Ambicion-Desmedida-.jpg\" alt=\"\" width=\"1500\" height=\"2136\" srcset=\"https:\/\/moviecrazyplanet.com\/wp-content\/uploads\/2024\/12\/Esta-Ambicion-Desmedida-.jpg 1500w, https:\/\/moviecrazyplanet.com\/wp-content\/uploads\/2024\/12\/Esta-Ambicion-Desmedida--211x300.jpg 211w, https:\/\/moviecrazyplanet.com\/wp-content\/uploads\/2024\/12\/Esta-Ambicion-Desmedida--719x1024.jpg 719w, https:\/\/moviecrazyplanet.com\/wp-content\/uploads\/2024\/12\/Esta-Ambicion-Desmedida--768x1094.jpg 768w, https:\/\/moviecrazyplanet.com\/wp-content\/uploads\/2024\/12\/Esta-Ambicion-Desmedida--1079x1536.jpg 1079w, https:\/\/moviecrazyplanet.com\/wp-content\/uploads\/2024\/12\/Esta-Ambicion-Desmedida--1438x2048.jpg 1438w, https:\/\/moviecrazyplanet.com\/wp-content\/uploads\/2024\/12\/Esta-Ambicion-Desmedida--1024x1458.jpg 1024w\" sizes=\"auto, (max-width: 1500px) 100vw, 1500px\" \/><\/a><\/p>\n<p dir=\"ltr\">Despu\u00e9s del exitoso disco El Madrile\u00f1o, el cantautor C. Tangana emprendi\u00f3 la planificaci\u00f3n de una ambiciosa gira, un espect\u00e1culo lleno de m\u00fasicos y actores que pretend\u00eda revolucionar el concepto de show en vivo. Sin embargo, en el camino, las p\u00e9rdidas, los conflictos y los obst\u00e1culos fueron creciendo. \u00bfQu\u00e9 importa m\u00e1s, el arte o el dinero? Este \u00edntimo documental nos permite vivir el detr\u00e1s de c\u00e1maras de la gira, mostr\u00e1ndonos el momento exacto en el que el personaje se separa del artista.<\/p>\n<p><iframe loading=\"lazy\" title=\"Esta ambici\u00f3n desmedida - Tr\u00e1iler\" width=\"640\" height=\"360\" src=\"https:\/\/www.youtube.com\/embed\/MLdVQVnN8-8?feature=oembed\" frameborder=\"0\" allow=\"accelerometer; autoplay; clipboard-write; encrypted-media; gyroscope; picture-in-picture; web-share\" referrerpolicy=\"strict-origin-when-cross-origin\" allowfullscreen><\/iframe><\/p>\n<p>&nbsp;<\/p>\n<p>&nbsp;<\/p>\n<p>&nbsp;<\/p>\n<p dir=\"ltr\">\u2022 <strong>El Compromiso de las Sombras<\/strong><\/p>\n<p dir=\"ltr\">Mandarina Cine<\/p>\n<p dir=\"ltr\"><a href=\"https:\/\/www.cinetecanacional.net\/sedes\/detallePelicula.php?FilmId=HO00006752&amp;cinemaId=003#gsc.tab=0\" target=\"_blank\" rel=\"noopener\"><img loading=\"lazy\" decoding=\"async\" class=\"alignnone size-full wp-image-10389\" src=\"http:\/\/moviecrazyplanet.com\/wp-content\/uploads\/2024\/12\/El-Compromiso-de-las-Sombras.jpg\" alt=\"\" width=\"1500\" height=\"2036\" srcset=\"https:\/\/moviecrazyplanet.com\/wp-content\/uploads\/2024\/12\/El-Compromiso-de-las-Sombras.jpg 1500w, https:\/\/moviecrazyplanet.com\/wp-content\/uploads\/2024\/12\/El-Compromiso-de-las-Sombras-221x300.jpg 221w, https:\/\/moviecrazyplanet.com\/wp-content\/uploads\/2024\/12\/El-Compromiso-de-las-Sombras-754x1024.jpg 754w, https:\/\/moviecrazyplanet.com\/wp-content\/uploads\/2024\/12\/El-Compromiso-de-las-Sombras-768x1042.jpg 768w, https:\/\/moviecrazyplanet.com\/wp-content\/uploads\/2024\/12\/El-Compromiso-de-las-Sombras-1132x1536.jpg 1132w, https:\/\/moviecrazyplanet.com\/wp-content\/uploads\/2024\/12\/El-Compromiso-de-las-Sombras-1024x1390.jpg 1024w\" sizes=\"auto, (max-width: 1500px) 100vw, 1500px\" \/><\/a><\/p>\n<p dir=\"ltr\">Despu\u00e9s de pasar m\u00e1s de una d\u00e9cada conviviendo con la comunidad de San Nicol\u00e1s Tolentino, en la costa chica de Guerrero, la antrop\u00f3loga y cineasta L\u00f3pez Barroso comienza un registro \u00edntimo y afectivo de Lizbeth, una mujer transexual encargada de los rituales funerarios en el peque\u00f1o pueblo de San Nicol\u00e1s, quien posee un don que le permite acompa\u00f1ar las almas de los difuntos con c\u00e1nticos, oraciones y m\u00fasica. Ella abraza esta habilidad con cuidado, mientras la c\u00e1mara de L\u00f3pez Barrosos intenta encontrar im\u00e1genes que le ayuden a atravesar un duelo no vivido.<\/p>\n<p><iframe loading=\"lazy\" title=\"El compromiso de las sombras - Tr\u00e1iler Oficial\" width=\"640\" height=\"360\" src=\"https:\/\/www.youtube.com\/embed\/d7a3iN6WN6k?feature=oembed\" frameborder=\"0\" allow=\"accelerometer; autoplay; clipboard-write; encrypted-media; gyroscope; picture-in-picture; web-share\" referrerpolicy=\"strict-origin-when-cross-origin\" allowfullscreen><\/iframe><\/p>\n<p>&nbsp;<\/p>\n<p>&nbsp;<\/p>\n<p dir=\"ltr\">\u2022 <strong>El Odio<\/strong><\/p>\n<p dir=\"ltr\">Pimienta Films<\/p>\n<p dir=\"ltr\"><a href=\"https:\/\/www.cinetecanacional.net\/sedes\/detallePelicula.php?FilmId=HO00008300&amp;cinemaId=003#gsc.tab=0\" target=\"_blank\" rel=\"noopener\"><img loading=\"lazy\" decoding=\"async\" class=\"alignnone size-full wp-image-10390\" src=\"http:\/\/moviecrazyplanet.com\/wp-content\/uploads\/2024\/12\/El-Odio.jpg\" alt=\"\" width=\"1500\" height=\"2120\" srcset=\"https:\/\/moviecrazyplanet.com\/wp-content\/uploads\/2024\/12\/El-Odio.jpg 1500w, https:\/\/moviecrazyplanet.com\/wp-content\/uploads\/2024\/12\/El-Odio-212x300.jpg 212w, https:\/\/moviecrazyplanet.com\/wp-content\/uploads\/2024\/12\/El-Odio-725x1024.jpg 725w, https:\/\/moviecrazyplanet.com\/wp-content\/uploads\/2024\/12\/El-Odio-768x1085.jpg 768w, https:\/\/moviecrazyplanet.com\/wp-content\/uploads\/2024\/12\/El-Odio-1087x1536.jpg 1087w, https:\/\/moviecrazyplanet.com\/wp-content\/uploads\/2024\/12\/El-Odio-1449x2048.jpg 1449w, https:\/\/moviecrazyplanet.com\/wp-content\/uploads\/2024\/12\/El-Odio-1024x1447.jpg 1024w\" sizes=\"auto, (max-width: 1500px) 100vw, 1500px\" \/><\/a><\/p>\n<p dir=\"ltr\">El odio fue un hito del cine franc\u00e9s de los a\u00f1os 90, con el que el cineasta Mathieu Kassovitz ofreci\u00f3 una mirada descarnada, inquietante y visualmente explosiva a la volatilidad racial y cultural de Francia, concretamente a los barrios marginales de las afueras de Par\u00eds. En la pel\u00edcula seguimos a tres j\u00f3venes, Vinz, Hubert y Sa\u00efd \u2212un jud\u00edo, un africano y un \u00e1rabe, respectivamente\u2212, que pasan sus d\u00edas sin rumbo fijo y sin respeto a nadie en el entorno de hormig\u00f3n de su suburbio. Ellos dan rostro a las poblaciones inmigrantes, con su resentimiento erizado por la discriminaci\u00f3n coci\u00e9ndose a fuego lento hasta alcanzar un punto de ebullici\u00f3n culminante.<\/p>\n<p><iframe loading=\"lazy\" title=\"New trailer for La Haine - in UK cinemas from 11 September 2020 | BFI\" width=\"640\" height=\"360\" src=\"https:\/\/www.youtube.com\/embed\/FKwcXt3JIaU?feature=oembed\" frameborder=\"0\" allow=\"accelerometer; autoplay; clipboard-write; encrypted-media; gyroscope; picture-in-picture; web-share\" referrerpolicy=\"strict-origin-when-cross-origin\" allowfullscreen><\/iframe><\/p>\n<p>&nbsp;<\/p>\n<p>&nbsp;<\/p>\n<p>&nbsp;<\/p>\n<p dir=\"ltr\">\u2022 <strong>Caballero \u00c1guila<\/strong><\/p>\n<p dir=\"ltr\"><a href=\"https:\/\/www.cinetecanacional.net\/sedes\/detallePelicula.php?FilmId=HO00008303&amp;cinemaId=002#gsc.tab=0\" target=\"_blank\" rel=\"noopener\"><img loading=\"lazy\" decoding=\"async\" class=\"alignnone size-full wp-image-10391\" src=\"http:\/\/moviecrazyplanet.com\/wp-content\/uploads\/2024\/12\/Caballero-Aguila.png\" alt=\"\" width=\"1500\" height=\"2250\" srcset=\"https:\/\/moviecrazyplanet.com\/wp-content\/uploads\/2024\/12\/Caballero-Aguila.png 1500w, https:\/\/moviecrazyplanet.com\/wp-content\/uploads\/2024\/12\/Caballero-Aguila-200x300.png 200w, https:\/\/moviecrazyplanet.com\/wp-content\/uploads\/2024\/12\/Caballero-Aguila-683x1024.png 683w, https:\/\/moviecrazyplanet.com\/wp-content\/uploads\/2024\/12\/Caballero-Aguila-768x1152.png 768w, https:\/\/moviecrazyplanet.com\/wp-content\/uploads\/2024\/12\/Caballero-Aguila-1024x1536.png 1024w, https:\/\/moviecrazyplanet.com\/wp-content\/uploads\/2024\/12\/Caballero-Aguila-1365x2048.png 1365w\" sizes=\"auto, (max-width: 1500px) 100vw, 1500px\" \/><\/a><\/p>\n<p dir=\"ltr\">Pastor es un joven retra\u00eddo que sue\u00f1a con volar y formar parte de la comunidad de deportistas que practican el vuelo libre en el peque\u00f1o poblado de \u201cEl Pe\u00f1\u00f3n\u201d. Ahora que la preparatoria ha terminado, el padre de Pastor espera que su hijo se integre al oficio minero, sin embargo, la aparici\u00f3n de un grupo de operadores comerciales que realizan paseos tur\u00edsticos representa una nueva oferta laboral para salir adelante y un escape del negocio familiar.<\/p>\n<p><iframe loading=\"lazy\" title=\"Caballero \u00c1guila Theatrical Trailer 4K HDR\" width=\"640\" height=\"360\" src=\"https:\/\/www.youtube.com\/embed\/T-JroKCRV9Q?feature=oembed\" frameborder=\"0\" allow=\"accelerometer; autoplay; clipboard-write; encrypted-media; gyroscope; picture-in-picture; web-share\" referrerpolicy=\"strict-origin-when-cross-origin\" allowfullscreen><\/iframe><\/p>\n<p>&nbsp;<\/p>\n<p>&nbsp;<\/p>\n<p>&nbsp;<\/p>\n<p dir=\"ltr\">\u2022 <strong>El LIbro de Lila<\/strong><\/p>\n<p dir=\"ltr\"><a href=\"https:\/\/www.cinetecanacional.net\/sedes\/detallePelicula.php?FilmId=HO00008302&amp;cinemaId=002#gsc.tab=0\" target=\"_blank\" rel=\"noopener\"><img loading=\"lazy\" decoding=\"async\" class=\"alignnone size-full wp-image-10394\" src=\"http:\/\/moviecrazyplanet.com\/wp-content\/uploads\/2024\/12\/El-libro-de-Lila-.jpg\" alt=\"\" width=\"1500\" height=\"2156\" srcset=\"https:\/\/moviecrazyplanet.com\/wp-content\/uploads\/2024\/12\/El-libro-de-Lila-.jpg 1500w, https:\/\/moviecrazyplanet.com\/wp-content\/uploads\/2024\/12\/El-libro-de-Lila--209x300.jpg 209w, https:\/\/moviecrazyplanet.com\/wp-content\/uploads\/2024\/12\/El-libro-de-Lila--712x1024.jpg 712w, https:\/\/moviecrazyplanet.com\/wp-content\/uploads\/2024\/12\/El-libro-de-Lila--768x1104.jpg 768w, https:\/\/moviecrazyplanet.com\/wp-content\/uploads\/2024\/12\/El-libro-de-Lila--1069x1536.jpg 1069w, https:\/\/moviecrazyplanet.com\/wp-content\/uploads\/2024\/12\/El-libro-de-Lila--1425x2048.jpg 1425w, https:\/\/moviecrazyplanet.com\/wp-content\/uploads\/2024\/12\/El-libro-de-Lila--1024x1472.jpg 1024w\" sizes=\"auto, (max-width: 1500px) 100vw, 1500px\" \/><\/a><\/p>\n<p dir=\"ltr\">Lila, el personaje principal de un libro infantil, queda atrapada repentinamente en un lugar al que no pertenece, el \u201cmundo real\u201d. Ah\u00ed se encuentra con Ram\u00f3n, el ni\u00f1o que le\u00eda su libro de cuentos cuando era m\u00e1s peque\u00f1o. Ahora Lila deber\u00e1 convencer a Ram\u00f3n de que la ayude a regresar. Esto no ser\u00e1 f\u00e1cil, pues el camino a recorrer los confrontar\u00e1 con dolorosos recuerdos que deber\u00e1n afrontar juntos. La \u00f3pera prima de Marcela Rinc\u00f3n tuvo su estreno mundial en el Festival de Cine de Busan, y su premier europea en la 33\u00b0 edici\u00f3n del Festival de Cine de Varsovia.<\/p>\n<p><iframe loading=\"lazy\" title=\"El Libro de Lila  - Trailer Oficial #1\" width=\"640\" height=\"360\" src=\"https:\/\/www.youtube.com\/embed\/_iZSY8lE1bI?feature=oembed\" frameborder=\"0\" allow=\"accelerometer; autoplay; clipboard-write; encrypted-media; gyroscope; picture-in-picture; web-share\" referrerpolicy=\"strict-origin-when-cross-origin\" allowfullscreen><\/iframe><\/p>\n<p>&nbsp;<\/p>\n<p>&nbsp;<\/p>\n<p>&nbsp;<\/p>\n<p dir=\"ltr\"><strong>\u2022 El Lugar Prometido<\/strong><\/p>\n<p dir=\"ltr\">AniFest<\/p>\n<p dir=\"ltr\"><a href=\"https:\/\/www.cinetecanacional.net\/sedes\/detallePelicula.php?FilmId=HO00008305&amp;cinemaId=002#gsc.tab=0\" target=\"_blank\" rel=\"noopener\"><img loading=\"lazy\" decoding=\"async\" class=\"alignnone size-full wp-image-10393\" src=\"http:\/\/moviecrazyplanet.com\/wp-content\/uploads\/2024\/12\/El-Lugar-Prometido.jpg\" alt=\"\" width=\"1059\" height=\"1500\" srcset=\"https:\/\/moviecrazyplanet.com\/wp-content\/uploads\/2024\/12\/El-Lugar-Prometido.jpg 1059w, https:\/\/moviecrazyplanet.com\/wp-content\/uploads\/2024\/12\/El-Lugar-Prometido-212x300.jpg 212w, https:\/\/moviecrazyplanet.com\/wp-content\/uploads\/2024\/12\/El-Lugar-Prometido-723x1024.jpg 723w, https:\/\/moviecrazyplanet.com\/wp-content\/uploads\/2024\/12\/El-Lugar-Prometido-768x1088.jpg 768w, https:\/\/moviecrazyplanet.com\/wp-content\/uploads\/2024\/12\/El-Lugar-Prometido-1024x1450.jpg 1024w\" sizes=\"auto, (max-width: 1059px) 100vw, 1059px\" \/><\/a><\/p>\n<p dir=\"ltr\">Durante la II Guerra Mundial, Jap\u00f3n qued\u00f3 dividida en dos partes. En la parte controlada por las fuerzas de EE. UU. viven tres j\u00f3venes, Sayuri, Hiroki y Takuya, que un d\u00eda deciden construir su propio aeroplano y volar hasta la torre de Hokkaido, ubicada en territorio de la Uni\u00f3n Sovi\u00e9tica. Pero, antes de que puedan comenzar a ejecutar su plan, son obligados a separarse. Tres a\u00f1os despu\u00e9s, Sayuri entra en un estado de coma profundo y ellos entienden que la \u00fanica manera de ayudarla es cumplir aquella promesa que parec\u00eda olvidada.<\/p>\n<p><iframe loading=\"lazy\" title=\"Trailer El Lugar Prometido\" width=\"640\" height=\"360\" src=\"https:\/\/www.youtube.com\/embed\/WIsz2JBxVEI?feature=oembed\" frameborder=\"0\" allow=\"accelerometer; autoplay; clipboard-write; encrypted-media; gyroscope; picture-in-picture; web-share\" referrerpolicy=\"strict-origin-when-cross-origin\" allowfullscreen><\/iframe><\/p>\n<p>&nbsp;<\/p>\n<p dir=\"ltr\">Consulta programaci\u00f3n y horarios<\/p>\n<p dir=\"ltr\"><a href=\"http:\/\/www.cinetecanacional.net\" target=\"_blank\" rel=\"noopener\"><img loading=\"lazy\" decoding=\"async\" class=\"alignnone size-full wp-image-8948\" src=\"http:\/\/moviecrazyplanet.com\/wp-content\/uploads\/2024\/09\/Cineteca-Nacional-Logo.jpeg\" alt=\"\" width=\"739\" height=\"415\" srcset=\"https:\/\/moviecrazyplanet.com\/wp-content\/uploads\/2024\/09\/Cineteca-Nacional-Logo.jpeg 739w, https:\/\/moviecrazyplanet.com\/wp-content\/uploads\/2024\/09\/Cineteca-Nacional-Logo-300x168.jpeg 300w\" sizes=\"auto, (max-width: 739px) 100vw, 739px\" \/><\/a><\/p>\n","protected":false},"excerpt":{"rendered":"<p>Cartelera Cineteca Nacional s\u00e1bado 7 de diciembre &nbsp; \u2022\u00a0 Sujo Cin\u00e9polis Distribuci\u00f3n Despu\u00e9s del asesinato de su padre, acusado de traici\u00f3n por un grupo del narcotr\u00e1fico, Sujo con apenas cuatro a\u00f1os comienza a ser perseguido. Para sobrevivir es escondido por su t\u00eda que lo cr\u00eda hasta la adolescencia. Buscando un poco de libertad, el a\u00fan [&hellip;]<\/p>\n","protected":false},"author":2,"featured_media":10397,"comment_status":"open","ping_status":"open","sticky":false,"template":"","format":"standard","meta":{"footnotes":""},"categories":[139,68],"tags":[],"class_list":["post-10385","post","type-post","status-publish","format-standard","has-post-thumbnail","hentry","category-cineteca-nacional","category-estrenos"],"_links":{"self":[{"href":"https:\/\/moviecrazyplanet.com\/index.php?rest_route=\/wp\/v2\/posts\/10385","targetHints":{"allow":["GET"]}}],"collection":[{"href":"https:\/\/moviecrazyplanet.com\/index.php?rest_route=\/wp\/v2\/posts"}],"about":[{"href":"https:\/\/moviecrazyplanet.com\/index.php?rest_route=\/wp\/v2\/types\/post"}],"author":[{"embeddable":true,"href":"https:\/\/moviecrazyplanet.com\/index.php?rest_route=\/wp\/v2\/users\/2"}],"replies":[{"embeddable":true,"href":"https:\/\/moviecrazyplanet.com\/index.php?rest_route=%2Fwp%2Fv2%2Fcomments&post=10385"}],"version-history":[{"count":3,"href":"https:\/\/moviecrazyplanet.com\/index.php?rest_route=\/wp\/v2\/posts\/10385\/revisions"}],"predecessor-version":[{"id":10400,"href":"https:\/\/moviecrazyplanet.com\/index.php?rest_route=\/wp\/v2\/posts\/10385\/revisions\/10400"}],"wp:featuredmedia":[{"embeddable":true,"href":"https:\/\/moviecrazyplanet.com\/index.php?rest_route=\/wp\/v2\/media\/10397"}],"wp:attachment":[{"href":"https:\/\/moviecrazyplanet.com\/index.php?rest_route=%2Fwp%2Fv2%2Fmedia&parent=10385"}],"wp:term":[{"taxonomy":"category","embeddable":true,"href":"https:\/\/moviecrazyplanet.com\/index.php?rest_route=%2Fwp%2Fv2%2Fcategories&post=10385"},{"taxonomy":"post_tag","embeddable":true,"href":"https:\/\/moviecrazyplanet.com\/index.php?rest_route=%2Fwp%2Fv2%2Ftags&post=10385"}],"curies":[{"name":"wp","href":"https:\/\/api.w.org\/{rel}","templated":true}]}}