{"id":10886,"date":"2025-01-08T13:49:22","date_gmt":"2025-01-08T19:49:22","guid":{"rendered":"https:\/\/moviecrazyplanet.com\/?p=10886"},"modified":"2025-01-08T13:49:22","modified_gmt":"2025-01-08T19:49:22","slug":"diego-calva-se-adentra-en-la-celda-211","status":"publish","type":"post","link":"https:\/\/moviecrazyplanet.com\/?p=10886","title":{"rendered":"Diego Calva se adentra en la Celda 211"},"content":{"rendered":"<p>Inspirada en los hechos que sucedieron en el <strong>Centro de Reinserci\u00f3n Social para Adultos<\/strong> <strong>3<\/strong>, de <strong>Ciudad Ju\u00e1rez, Chihuahua<\/strong>, el <strong>1 de enero del 2023<\/strong>, <strong>Celda 211<\/strong> es una serie limitada de seis episodios que oscila entre el drama y el thriller, al adaptar a la realidad mexicana la novela hom\u00f3nima de <strong>Francisco P\u00e9rez Gandul<\/strong>. La historia llegar\u00e1 a <strong>Netflix<\/strong> el pr\u00f3ximo <strong>5 de febrero<\/strong>.<\/p>\n<figure id=\"attachment_10891\" aria-describedby=\"caption-attachment-10891\" style=\"width: 2560px\" class=\"wp-caption alignnone\"><a href=\"http:\/\/www.netflix.com\/Celda211\" target=\"_blank\" rel=\"noopener\"><img loading=\"lazy\" decoding=\"async\" class=\"size-full wp-image-10891\" src=\"http:\/\/moviecrazyplanet.com\/wp-content\/uploads\/2025\/01\/Celda-211-Juan-1-scaled.jpg\" alt=\"\" width=\"2560\" height=\"1772\" srcset=\"https:\/\/moviecrazyplanet.com\/wp-content\/uploads\/2025\/01\/Celda-211-Juan-1-scaled.jpg 2560w, https:\/\/moviecrazyplanet.com\/wp-content\/uploads\/2025\/01\/Celda-211-Juan-1-300x208.jpg 300w, https:\/\/moviecrazyplanet.com\/wp-content\/uploads\/2025\/01\/Celda-211-Juan-1-1024x709.jpg 1024w, https:\/\/moviecrazyplanet.com\/wp-content\/uploads\/2025\/01\/Celda-211-Juan-1-768x532.jpg 768w, https:\/\/moviecrazyplanet.com\/wp-content\/uploads\/2025\/01\/Celda-211-Juan-1-1536x1063.jpg 1536w, https:\/\/moviecrazyplanet.com\/wp-content\/uploads\/2025\/01\/Celda-211-Juan-1-2048x1418.jpg 2048w\" sizes=\"auto, (max-width: 2560px) 100vw, 2560px\" \/><\/a><figcaption id=\"caption-attachment-10891\" class=\"wp-caption-text\">Celda 211. Diego Calva in Celda 211. Cr. Mar\u00eda Medina \/ Netflix \u00a92024<\/figcaption><\/figure>\n<p>Protagonizada por <strong>Diego Calva<\/strong>, en un tipo de rol en el que nunca antes lo hemos visto, y <strong>No\u00e9 Hern\u00e1ndez<\/strong>, quien interpreta a un reo que llevar\u00e1 al personaje de <strong>Calva<\/strong> a vivir situaciones l\u00edmite y contrarreloj, tambi\u00e9n cuenta con las actuaciones de <strong>Ana Sof\u00eda Gatica<\/strong>, <strong>Karina Gidi<\/strong>, <strong>\u00darsula Pruneda<\/strong>, <strong>Roberto Duarte<\/strong>, <strong>Giovanna Zacar\u00edas<\/strong>, <strong>Alejandro Puente<\/strong>, entre otros. Cuenta con la direcci\u00f3n de <strong>Jaime Reynoso<\/strong> y <strong>Gerardo Naranjo<\/strong>, bajo la producci\u00f3n de <strong>Woo Films<\/strong>.<\/p>\n<p><strong>Sinopsis<\/strong><\/p>\n<p>Atrapado en un mot\u00edn en prisi\u00f3n, un abogado de derechos humanos se hace pasar por recluso para sobrevivir, hasta que el caos y una p\u00e9rdida personal revelan su lado m\u00e1s oscuro.<\/p>\n<p><strong>DIRECCI\u00d3N<\/strong>: Jaime Reynoso, Gerardo Naranjo<br \/>\n<strong>ESCRITA POR<\/strong>: Umaru Robles, Enrique Videla, Gibr\u00e1n Portela, Paula del Fierro, Javier Pe\u00f1alosa, Tania Tinajero y C\u00e9sar G\u00e1ndara<br \/>\n<strong>PRODUCCI\u00d3N<\/strong>: Woo Films<br \/>\n<strong>PRODUCCI\u00d3N EJECUTIVA<\/strong>: Rafael Ley, Vanessa Castro, Mariana Aceves y Alejandra Gonz\u00e1lez Reygadas<br \/>\n<strong>ELENCO<\/strong>: Diego Calva (El secreto del r\u00edo), No\u00e9 Hern\u00e1ndez (Pedro P\u00e1ramo), Ana Sof\u00eda Gatica (Control Z), Karina Gidi (Los adioses), \u00darsula Pruneda (El sue\u00f1o de Lu), Roberto Duarte (El baile de los 41), Giovanna Zacar\u00edas (Pedro P\u00e1ramo), Alejandro Puente (Rebelde), Pedro de Tavira (Belascoar\u00e1n), entre otros.<\/p>\n<p><a href=\"http:\/\/www.netflix.com\/Celda211\" target=\"_blank\" rel=\"noopener\"><img loading=\"lazy\" decoding=\"async\" class=\"alignnone size-full wp-image-10889\" src=\"http:\/\/moviecrazyplanet.com\/wp-content\/uploads\/2025\/01\/Celda-211-I-Arte-principal-1.jpg\" alt=\"\" width=\"1080\" height=\"1350\" srcset=\"https:\/\/moviecrazyplanet.com\/wp-content\/uploads\/2025\/01\/Celda-211-I-Arte-principal-1.jpg 1080w, https:\/\/moviecrazyplanet.com\/wp-content\/uploads\/2025\/01\/Celda-211-I-Arte-principal-1-240x300.jpg 240w, https:\/\/moviecrazyplanet.com\/wp-content\/uploads\/2025\/01\/Celda-211-I-Arte-principal-1-819x1024.jpg 819w, https:\/\/moviecrazyplanet.com\/wp-content\/uploads\/2025\/01\/Celda-211-I-Arte-principal-1-768x960.jpg 768w, https:\/\/moviecrazyplanet.com\/wp-content\/uploads\/2025\/01\/Celda-211-I-Arte-principal-1-1024x1280.jpg 1024w\" sizes=\"auto, (max-width: 1080px) 100vw, 1080px\" \/><\/a><\/p>\n<p><strong>Celda 211<\/strong> se estrena el <strong>5 de febrero<\/strong> solo en <strong>Netflix<\/strong>.<\/p>\n<p><iframe loading=\"lazy\" title=\"Celda 211 | Tr\u00e1iler oficial | Netflix\" width=\"640\" height=\"360\" src=\"https:\/\/www.youtube.com\/embed\/WtgD6MYBmdM?feature=oembed\" frameborder=\"0\" allow=\"accelerometer; autoplay; clipboard-write; encrypted-media; gyroscope; picture-in-picture; web-share\" referrerpolicy=\"strict-origin-when-cross-origin\" allowfullscreen><\/iframe><\/p>\n<p><a href=\"http:\/\/www.netflix.com\" target=\"_blank\" rel=\"noopener\"><img loading=\"lazy\" decoding=\"async\" class=\"alignnone size-full wp-image-1763\" src=\"http:\/\/moviecrazyplanet.com\/wp-content\/uploads\/2023\/08\/images-2-1.png\" alt=\"\" width=\"738\" height=\"415\" srcset=\"https:\/\/moviecrazyplanet.com\/wp-content\/uploads\/2023\/08\/images-2-1.png 738w, https:\/\/moviecrazyplanet.com\/wp-content\/uploads\/2023\/08\/images-2-1-300x169.png 300w\" sizes=\"auto, (max-width: 738px) 100vw, 738px\" \/><\/a><\/p>\n<p>Con informaci\u00f3n de <strong>Netflix<\/strong> gracias a <strong>Eureka&amp;Co<\/strong>.<\/p>\n","protected":false},"excerpt":{"rendered":"<p>Inspirada en los hechos que sucedieron en el Centro de Reinserci\u00f3n Social para Adultos 3, de Ciudad Ju\u00e1rez, Chihuahua, el 1 de enero del 2023, Celda 211 es una serie limitada de seis episodios que oscila entre el drama y el thriller, al adaptar a la realidad mexicana la novela hom\u00f3nima de Francisco P\u00e9rez Gandul. [&hellip;]<\/p>\n","protected":false},"author":2,"featured_media":10892,"comment_status":"open","ping_status":"open","sticky":false,"template":"","format":"standard","meta":{"footnotes":""},"categories":[93,59,82],"tags":[],"class_list":["post-10886","post","type-post","status-publish","format-standard","has-post-thumbnail","hentry","category-crimen","category-drama","category-netflix"],"_links":{"self":[{"href":"https:\/\/moviecrazyplanet.com\/index.php?rest_route=\/wp\/v2\/posts\/10886","targetHints":{"allow":["GET"]}}],"collection":[{"href":"https:\/\/moviecrazyplanet.com\/index.php?rest_route=\/wp\/v2\/posts"}],"about":[{"href":"https:\/\/moviecrazyplanet.com\/index.php?rest_route=\/wp\/v2\/types\/post"}],"author":[{"embeddable":true,"href":"https:\/\/moviecrazyplanet.com\/index.php?rest_route=\/wp\/v2\/users\/2"}],"replies":[{"embeddable":true,"href":"https:\/\/moviecrazyplanet.com\/index.php?rest_route=%2Fwp%2Fv2%2Fcomments&post=10886"}],"version-history":[{"count":2,"href":"https:\/\/moviecrazyplanet.com\/index.php?rest_route=\/wp\/v2\/posts\/10886\/revisions"}],"predecessor-version":[{"id":10894,"href":"https:\/\/moviecrazyplanet.com\/index.php?rest_route=\/wp\/v2\/posts\/10886\/revisions\/10894"}],"wp:featuredmedia":[{"embeddable":true,"href":"https:\/\/moviecrazyplanet.com\/index.php?rest_route=\/wp\/v2\/media\/10892"}],"wp:attachment":[{"href":"https:\/\/moviecrazyplanet.com\/index.php?rest_route=%2Fwp%2Fv2%2Fmedia&parent=10886"}],"wp:term":[{"taxonomy":"category","embeddable":true,"href":"https:\/\/moviecrazyplanet.com\/index.php?rest_route=%2Fwp%2Fv2%2Fcategories&post=10886"},{"taxonomy":"post_tag","embeddable":true,"href":"https:\/\/moviecrazyplanet.com\/index.php?rest_route=%2Fwp%2Fv2%2Ftags&post=10886"}],"curies":[{"name":"wp","href":"https:\/\/api.w.org\/{rel}","templated":true}]}}