{"id":10951,"date":"2025-01-09T22:16:08","date_gmt":"2025-01-10T04:16:08","guid":{"rendered":"https:\/\/moviecrazyplanet.com\/?p=10951"},"modified":"2025-01-09T22:19:10","modified_gmt":"2025-01-10T04:19:10","slug":"barbara-mori-y-juan-pablo-medina-protagonizan-los-dos-hemisferios-de-lucca","status":"publish","type":"post","link":"https:\/\/moviecrazyplanet.com\/?p=10951","title":{"rendered":"B\u00e1rbara Mori y Juan Pablo Medina protagonizan Los dos Hemisferios de Lucca"},"content":{"rendered":"<p dir=\"ltr\"><strong>Los dos Hemisferios de Lucca<\/strong>, basada en el libro hom\u00f3nimo de <strong>B\u00e1rbara Anderson<\/strong>, producida por <strong>Woo Films<\/strong>, dirigida por <strong>Mariana Chenillo<\/strong> y protagonizada por <strong>B\u00e1rbara Mori<\/strong> y <strong>Juan Pablo Medina<\/strong>, es una historia de esperanza que nos tocar\u00e1 el alma.<\/p>\n<figure id=\"attachment_10957\" aria-describedby=\"caption-attachment-10957\" style=\"width: 2560px\" class=\"wp-caption alignnone\"><img loading=\"lazy\" decoding=\"async\" class=\"size-full wp-image-10957\" src=\"http:\/\/moviecrazyplanet.com\/wp-content\/uploads\/2025\/01\/Los-dos-Hemisferios-de-Lucca-004-scaled.jpg\" alt=\"\" width=\"2560\" height=\"1772\" srcset=\"https:\/\/moviecrazyplanet.com\/wp-content\/uploads\/2025\/01\/Los-dos-Hemisferios-de-Lucca-004-scaled.jpg 2560w, https:\/\/moviecrazyplanet.com\/wp-content\/uploads\/2025\/01\/Los-dos-Hemisferios-de-Lucca-004-300x208.jpg 300w, https:\/\/moviecrazyplanet.com\/wp-content\/uploads\/2025\/01\/Los-dos-Hemisferios-de-Lucca-004-1024x709.jpg 1024w, https:\/\/moviecrazyplanet.com\/wp-content\/uploads\/2025\/01\/Los-dos-Hemisferios-de-Lucca-004-768x532.jpg 768w, https:\/\/moviecrazyplanet.com\/wp-content\/uploads\/2025\/01\/Los-dos-Hemisferios-de-Lucca-004-1536x1063.jpg 1536w, https:\/\/moviecrazyplanet.com\/wp-content\/uploads\/2025\/01\/Los-dos-Hemisferios-de-Lucca-004-2048x1418.jpg 2048w\" sizes=\"auto, (max-width: 2560px) 100vw, 2560px\" \/><figcaption id=\"caption-attachment-10957\" class=\"wp-caption-text\">Los Dos Hemisferios de Lucca (L to R) B\u00e1rbara Mori as B\u00e1rbara, Juan Pablo Medina as Andr\u00e9s, Julian Aguilar Tello as Lucca in Los Dos Hemisferios de Lucca. Cr. Ana York \/ Netflix \u00a92024<\/figcaption><\/figure>\n<p dir=\"ltr\"><strong>B\u00e1rbara<\/strong> se vuelca en su hijo <strong>Lucca<\/strong>, un ni\u00f1o con par\u00e1lisis cerebral severa, para que pueda prosperar en un mundo a menudo abrumador. A pesar de las dificultades econ\u00f3micas, viaja a India con toda su familia en busca de una terapia experimental que pueda reavivar las conexiones de su cerebro.\u00a0<strong>Los dos Hemisferios de Lucca<\/strong>\u00a0retrata el viaje emocional de una madre cuya dedicaci\u00f3n y resistencia no conocen l\u00edmites.<\/p>\n<figure id=\"attachment_10954\" aria-describedby=\"caption-attachment-10954\" style=\"width: 2560px\" class=\"wp-caption alignnone\"><a href=\"http:\/\/www.netflix.com\/LosDosHemisferiosDeLucca\" target=\"_blank\" rel=\"noopener\"><img loading=\"lazy\" decoding=\"async\" class=\"size-full wp-image-10954\" src=\"http:\/\/moviecrazyplanet.com\/wp-content\/uploads\/2025\/01\/Los-dos-Hemisferios-de-Lucca-002-scaled.jpg\" alt=\"\" width=\"2560\" height=\"1772\" srcset=\"https:\/\/moviecrazyplanet.com\/wp-content\/uploads\/2025\/01\/Los-dos-Hemisferios-de-Lucca-002-scaled.jpg 2560w, https:\/\/moviecrazyplanet.com\/wp-content\/uploads\/2025\/01\/Los-dos-Hemisferios-de-Lucca-002-300x208.jpg 300w, https:\/\/moviecrazyplanet.com\/wp-content\/uploads\/2025\/01\/Los-dos-Hemisferios-de-Lucca-002-1024x709.jpg 1024w, https:\/\/moviecrazyplanet.com\/wp-content\/uploads\/2025\/01\/Los-dos-Hemisferios-de-Lucca-002-768x532.jpg 768w, https:\/\/moviecrazyplanet.com\/wp-content\/uploads\/2025\/01\/Los-dos-Hemisferios-de-Lucca-002-1536x1063.jpg 1536w\" sizes=\"auto, (max-width: 2560px) 100vw, 2560px\" \/><\/a><figcaption id=\"caption-attachment-10954\" class=\"wp-caption-text\">Los Dos Hemisferios de Lucca. B\u00e1rbara Mori as B\u00e1rbara in Los Dos Hemisferios de Lucca. Cr. Maria Medina \/ Netflix \u00a92024<\/figcaption><\/figure>\n<p dir=\"ltr\"><em>\u201cMirarse a uno mismo en una pel\u00edcula es muy dif\u00edcil de explicar, llor\u00e9 al vernos \u2018ser\u2019 otra vez.<\/em><br \/>\n<em>Escuchar la voz de B\u00e1rbara Mori y de Juan Pablo Medina con mi timbre o con las muletillas de Andr\u00e9s, mi esposo\u2026me vi \u2018siendo\u2019 otros y se me congel\u00f3 el cuerpo.\u00a0<\/em><\/p>\n<p dir=\"ltr\"><em>As\u00ed como muchas veces dicen que la realidad supera a la ficci\u00f3n, esta vez la ficci\u00f3n catapult\u00f3 nuestra vida a otro nivel.\u201d<\/em><\/p>\n<p dir=\"ltr\" role=\"presentation\">&#8211; <strong>B\u00e1rbara Anderson<\/strong><\/p>\n<div>\n<figure id=\"attachment_10956\" aria-describedby=\"caption-attachment-10956\" style=\"width: 2560px\" class=\"wp-caption alignnone\"><a href=\"http:\/\/www.netflix.com\/LosDosHemisferiosDeLucca\" target=\"_blank\" rel=\"noopener\"><img loading=\"lazy\" decoding=\"async\" class=\"size-full wp-image-10956\" src=\"http:\/\/moviecrazyplanet.com\/wp-content\/uploads\/2025\/01\/Los-dos-Hemisferios-de-Lucca-003-scaled.jpg\" alt=\"\" width=\"2560\" height=\"1772\" srcset=\"https:\/\/moviecrazyplanet.com\/wp-content\/uploads\/2025\/01\/Los-dos-Hemisferios-de-Lucca-003-scaled.jpg 2560w, https:\/\/moviecrazyplanet.com\/wp-content\/uploads\/2025\/01\/Los-dos-Hemisferios-de-Lucca-003-300x208.jpg 300w, https:\/\/moviecrazyplanet.com\/wp-content\/uploads\/2025\/01\/Los-dos-Hemisferios-de-Lucca-003-1024x709.jpg 1024w, https:\/\/moviecrazyplanet.com\/wp-content\/uploads\/2025\/01\/Los-dos-Hemisferios-de-Lucca-003-768x532.jpg 768w, https:\/\/moviecrazyplanet.com\/wp-content\/uploads\/2025\/01\/Los-dos-Hemisferios-de-Lucca-003-1536x1063.jpg 1536w, https:\/\/moviecrazyplanet.com\/wp-content\/uploads\/2025\/01\/Los-dos-Hemisferios-de-Lucca-003-2048x1418.jpg 2048w\" sizes=\"auto, (max-width: 2560px) 100vw, 2560px\" \/><\/a><figcaption id=\"caption-attachment-10956\" class=\"wp-caption-text\">Los Dos Hemisferios de Lucca (L to R) Juan Pablo Medina as Andr\u00c8s, B\u00b7rbara Mori as B\u00b7rbara in Los Dos Hemisferios de Lucca. Cr. Maria Medina \/ Netflix \u00a92024<\/figcaption><\/figure>\n<\/div>\n<p dir=\"ltr\"><strong>DIRECCI\u00d3N<\/strong>: Mariana Chenillo<br \/>\n<strong>ESCRITA POR<\/strong>: Javier Pe\u00f1alosa, Mariana Chenillo<br \/>\n<strong>BASADA EN EL LIBRO:\u00a0<\/strong>Los Dos Hemisferios de Lucca, de B\u00e1rbara Anderson<br \/>\n<strong>PRODUCCI\u00d3N<\/strong>: Rafael Ley, M\u00f3nica Vertiz, Ximena Castro<br \/>\n<strong>PRODUCCI\u00d3N EJECUTIVA:<\/strong>\u00a0Mariana Chenillo, Paulina Albarr\u00e1n<br \/>\n<strong>ELENCO<\/strong>: B\u00e1rbara Mori, Juan Pablo Medina, Ari Brickman, Danish Hussain, Juli\u00e1n Tello, Samuel P\u00e9rez<\/p>\n<figure id=\"attachment_10958\" aria-describedby=\"caption-attachment-10958\" style=\"width: 2560px\" class=\"wp-caption alignnone\"><a href=\"http:\/\/www.netflix.com\/LosDosHemisferiosDeLucca\" target=\"_blank\" rel=\"noopener\"><img loading=\"lazy\" decoding=\"async\" class=\"size-full wp-image-10958\" src=\"http:\/\/moviecrazyplanet.com\/wp-content\/uploads\/2025\/01\/Los-dos-Hemisferios-de-Lucca-005-scaled.jpg\" alt=\"\" width=\"2560\" height=\"1773\" srcset=\"https:\/\/moviecrazyplanet.com\/wp-content\/uploads\/2025\/01\/Los-dos-Hemisferios-de-Lucca-005-scaled.jpg 2560w, https:\/\/moviecrazyplanet.com\/wp-content\/uploads\/2025\/01\/Los-dos-Hemisferios-de-Lucca-005-300x208.jpg 300w, https:\/\/moviecrazyplanet.com\/wp-content\/uploads\/2025\/01\/Los-dos-Hemisferios-de-Lucca-005-1024x709.jpg 1024w, https:\/\/moviecrazyplanet.com\/wp-content\/uploads\/2025\/01\/Los-dos-Hemisferios-de-Lucca-005-768x532.jpg 768w, https:\/\/moviecrazyplanet.com\/wp-content\/uploads\/2025\/01\/Los-dos-Hemisferios-de-Lucca-005-1536x1064.jpg 1536w, https:\/\/moviecrazyplanet.com\/wp-content\/uploads\/2025\/01\/Los-dos-Hemisferios-de-Lucca-005-2048x1418.jpg 2048w\" sizes=\"auto, (max-width: 2560px) 100vw, 2560px\" \/><\/a><figcaption id=\"caption-attachment-10958\" class=\"wp-caption-text\">Los Dos Hemisferios de Lucca (L to R) Paloma Alvamar as Nayelli, Samuel P\u00e9rez as Bruno, Juan Pablo Medina as Andr\u00e9s, B\u00e1rbara Mori as B\u00e1rbara, Samuel P\u00e9rez as Bruno, Julian Aguilar Tello as Lucca in Los Dos Hemisferios de Lucca. Cr. Hitesh Mulani \/ Netflix \u00a92024<\/figcaption><\/figure>\n<p dir=\"ltr\"><strong>SINOPSIS<\/strong><\/p>\n<p dir=\"ltr\">Decidida a ayudar a su hijo, Lucca, quien tiene par\u00e1lisis cerebral, la madre devota B\u00e1rbara emprende un viaje emocional a la India con toda su familia. A pesar de las dificultades financieras, buscan una terapia experimental que podr\u00eda reactivar las conexiones en el cerebro de Lucca. Basada en el libro de la periodista B\u00e1rbara Anderson, esta poderosa pel\u00edcula explora los derechos de las personas con discapacidades y el amor inquebrantable de una madre.<\/p>\n<p><iframe loading=\"lazy\" title=\"Los Dos Hemisferios de Lucca | Tr\u00e1iler oficial | Netflix\" width=\"640\" height=\"360\" src=\"https:\/\/www.youtube.com\/embed\/ntuh5RN4GdQ?feature=oembed\" frameborder=\"0\" allow=\"accelerometer; autoplay; clipboard-write; encrypted-media; gyroscope; picture-in-picture; web-share\" referrerpolicy=\"strict-origin-when-cross-origin\" allowfullscreen><\/iframe><\/p>\n<p><a href=\"http:\/\/www.netflix.com\" target=\"_blank\" rel=\"noopener\"><img loading=\"lazy\" decoding=\"async\" class=\"alignnone size-full wp-image-1763\" src=\"http:\/\/moviecrazyplanet.com\/wp-content\/uploads\/2023\/08\/images-2-1.png\" alt=\"\" width=\"738\" height=\"415\" srcset=\"https:\/\/moviecrazyplanet.com\/wp-content\/uploads\/2023\/08\/images-2-1.png 738w, https:\/\/moviecrazyplanet.com\/wp-content\/uploads\/2023\/08\/images-2-1-300x169.png 300w\" sizes=\"auto, (max-width: 738px) 100vw, 738px\" \/><\/a><\/p>\n<p>Con informaci\u00f3n de <strong>Netflix<\/strong> gracias a <strong>Eureka&amp;Co.<\/strong><\/p>\n","protected":false},"excerpt":{"rendered":"<p>Los dos Hemisferios de Lucca, basada en el libro hom\u00f3nimo de B\u00e1rbara Anderson, producida por Woo Films, dirigida por Mariana Chenillo y protagonizada por B\u00e1rbara Mori y Juan Pablo Medina, es una historia de esperanza que nos tocar\u00e1 el alma. B\u00e1rbara se vuelca en su hijo Lucca, un ni\u00f1o con par\u00e1lisis cerebral severa, para que [&hellip;]<\/p>\n","protected":false},"author":2,"featured_media":10965,"comment_status":"open","ping_status":"open","sticky":false,"template":"","format":"standard","meta":{"footnotes":""},"categories":[59,82],"tags":[],"class_list":["post-10951","post","type-post","status-publish","format-standard","has-post-thumbnail","hentry","category-drama","category-netflix"],"_links":{"self":[{"href":"https:\/\/moviecrazyplanet.com\/index.php?rest_route=\/wp\/v2\/posts\/10951","targetHints":{"allow":["GET"]}}],"collection":[{"href":"https:\/\/moviecrazyplanet.com\/index.php?rest_route=\/wp\/v2\/posts"}],"about":[{"href":"https:\/\/moviecrazyplanet.com\/index.php?rest_route=\/wp\/v2\/types\/post"}],"author":[{"embeddable":true,"href":"https:\/\/moviecrazyplanet.com\/index.php?rest_route=\/wp\/v2\/users\/2"}],"replies":[{"embeddable":true,"href":"https:\/\/moviecrazyplanet.com\/index.php?rest_route=%2Fwp%2Fv2%2Fcomments&post=10951"}],"version-history":[{"count":3,"href":"https:\/\/moviecrazyplanet.com\/index.php?rest_route=\/wp\/v2\/posts\/10951\/revisions"}],"predecessor-version":[{"id":10966,"href":"https:\/\/moviecrazyplanet.com\/index.php?rest_route=\/wp\/v2\/posts\/10951\/revisions\/10966"}],"wp:featuredmedia":[{"embeddable":true,"href":"https:\/\/moviecrazyplanet.com\/index.php?rest_route=\/wp\/v2\/media\/10965"}],"wp:attachment":[{"href":"https:\/\/moviecrazyplanet.com\/index.php?rest_route=%2Fwp%2Fv2%2Fmedia&parent=10951"}],"wp:term":[{"taxonomy":"category","embeddable":true,"href":"https:\/\/moviecrazyplanet.com\/index.php?rest_route=%2Fwp%2Fv2%2Fcategories&post=10951"},{"taxonomy":"post_tag","embeddable":true,"href":"https:\/\/moviecrazyplanet.com\/index.php?rest_route=%2Fwp%2Fv2%2Ftags&post=10951"}],"curies":[{"name":"wp","href":"https:\/\/api.w.org\/{rel}","templated":true}]}}