{"id":11646,"date":"2025-02-06T12:44:24","date_gmt":"2025-02-06T18:44:24","guid":{"rendered":"https:\/\/moviecrazyplanet.com\/?p=11646"},"modified":"2025-02-13T02:32:02","modified_gmt":"2025-02-13T08:32:02","slug":"estrenos-en-cines-jueves-6-de-enero-de-2025","status":"publish","type":"post","link":"https:\/\/moviecrazyplanet.com\/?p=11646","title":{"rendered":"Estrenos en cines jueves 6 de enero de 2025"},"content":{"rendered":"<p dir=\"ltr\">Estrenos en cines jueves 6 de febrero de 2025<\/p>\n<p>&nbsp;<\/p>\n<p><strong>\u2022 El Brutalista<\/strong><br \/>\nUniversal Pictures<\/p>\n<p><img loading=\"lazy\" decoding=\"async\" class=\"alignnone size-full wp-image-11630\" src=\"http:\/\/moviecrazyplanet.com\/wp-content\/uploads\/2025\/02\/El-Brutalista-poster.jpg\" alt=\"\" width=\"1080\" height=\"1350\" srcset=\"https:\/\/moviecrazyplanet.com\/wp-content\/uploads\/2025\/02\/El-Brutalista-poster.jpg 1080w, https:\/\/moviecrazyplanet.com\/wp-content\/uploads\/2025\/02\/El-Brutalista-poster-240x300.jpg 240w, https:\/\/moviecrazyplanet.com\/wp-content\/uploads\/2025\/02\/El-Brutalista-poster-819x1024.jpg 819w, https:\/\/moviecrazyplanet.com\/wp-content\/uploads\/2025\/02\/El-Brutalista-poster-768x960.jpg 768w, https:\/\/moviecrazyplanet.com\/wp-content\/uploads\/2025\/02\/El-Brutalista-poster-1024x1280.jpg 1024w\" sizes=\"auto, (max-width: 1080px) 100vw, 1080px\" \/><\/p>\n<p>Cuando el visionario arquitecto L\u00e1szl\u00f3 Toth y su esposa Erzs\u00e9bet huyen de la Europa de posguerra en 1947 para reconstruir su legado y ver el nacimiento de la Am\u00e9rica moderna, sus vidas cambian a causa de un misterioso y adinerado cliente.<\/p>\n<p><iframe loading=\"lazy\" title=\"El Brutalista | Tr\u00e1iler Oficial (Universal Pictures) HD\" width=\"640\" height=\"360\" src=\"https:\/\/www.youtube.com\/embed\/4Ekj3otDJXM?feature=oembed\" frameborder=\"0\" allow=\"accelerometer; autoplay; clipboard-write; encrypted-media; gyroscope; picture-in-picture; web-share\" referrerpolicy=\"strict-origin-when-cross-origin\" allowfullscreen><\/iframe><\/p>\n<blockquote class=\"wp-embedded-content\" data-secret=\"RT6KirTWrI\"><p><a href=\"https:\/\/moviecrazyplanet.com\/?p=11629\">Adrien Brody protagoniza The Brutalist, la \u00faltima producci\u00f3n del director Brady Corbet<\/a><\/p><\/blockquote>\n<p><iframe loading=\"lazy\" class=\"wp-embedded-content\" sandbox=\"allow-scripts\" security=\"restricted\" style=\"position: absolute; visibility: hidden;\" title=\"\u00abAdrien Brody protagoniza The Brutalist, la \u00faltima producci\u00f3n del director Brady Corbet\u00bb \u2014 M C P\" src=\"https:\/\/moviecrazyplanet.com\/?p=11629&#038;embed=true#?secret=Nek5zXUdm4#?secret=RT6KirTWrI\" data-secret=\"RT6KirTWrI\" width=\"600\" height=\"338\" frameborder=\"0\" marginwidth=\"0\" marginheight=\"0\" scrolling=\"no\"><\/iframe><\/p>\n<p>&nbsp;<\/p>\n<p>&nbsp;<\/p>\n<p>&nbsp;<\/p>\n<p>&nbsp;<\/p>\n<p><strong>\u2022 Un Dolor Real<\/strong><br \/>\n20th Century Studios<\/p>\n<p><img loading=\"lazy\" decoding=\"async\" class=\"alignnone size-full wp-image-11663\" src=\"http:\/\/moviecrazyplanet.com\/wp-content\/uploads\/2025\/02\/Un-Dolor-Real-poster.jpg\" alt=\"\" width=\"500\" height=\"690\" srcset=\"https:\/\/moviecrazyplanet.com\/wp-content\/uploads\/2025\/02\/Un-Dolor-Real-poster.jpg 500w, https:\/\/moviecrazyplanet.com\/wp-content\/uploads\/2025\/02\/Un-Dolor-Real-poster-217x300.jpg 217w\" sizes=\"auto, (max-width: 500px) 100vw, 500px\" \/><\/p>\n<p>Cuenta la historia de David y Benji, dos primos muy distintos entre s\u00ed que se re\u00fanen para hacer un viaje a trav\u00e9s de Polonia para honrar a su querida abuela. La aventura da un giro cuando las viejas tensiones de la improbable dupla resurgen en el contexto de su historia familiar.<\/p>\n<p><iframe loading=\"lazy\" title=\"Un Dolor Real | Tr\u00e1iler Oficial | Subtitulado\" width=\"640\" height=\"360\" src=\"https:\/\/www.youtube.com\/embed\/XVlv8FuRiR4?feature=oembed\" frameborder=\"0\" allow=\"accelerometer; autoplay; clipboard-write; encrypted-media; gyroscope; picture-in-picture; web-share\" referrerpolicy=\"strict-origin-when-cross-origin\" allowfullscreen><\/iframe><\/p>\n<blockquote class=\"wp-embedded-content\" data-secret=\"Jq335jCAeq\"><p><a href=\"https:\/\/moviecrazyplanet.com\/?p=11171\">Jesee Eisenberg y Kieran Culkin protagonizan Un Dolor Real<\/a><\/p><\/blockquote>\n<p><iframe loading=\"lazy\" class=\"wp-embedded-content\" sandbox=\"allow-scripts\" security=\"restricted\" style=\"position: absolute; visibility: hidden;\" title=\"\u00abJesee Eisenberg y Kieran Culkin protagonizan Un Dolor Real\u00bb \u2014 M C P\" src=\"https:\/\/moviecrazyplanet.com\/?p=11171&#038;embed=true#?secret=DBsHGQxSdr#?secret=Jq335jCAeq\" data-secret=\"Jq335jCAeq\" width=\"600\" height=\"338\" frameborder=\"0\" marginwidth=\"0\" marginheight=\"0\" scrolling=\"no\"><\/iframe><\/p>\n<p>&nbsp;<\/p>\n<p>&nbsp;<\/p>\n<p>&nbsp;<\/p>\n<p>&nbsp;<\/p>\n<p><strong>\u2022 Implacable<\/strong><br \/>\nImagem Films Mx<\/p>\n<p><img loading=\"lazy\" decoding=\"async\" class=\"alignnone size-full wp-image-11659\" src=\"http:\/\/moviecrazyplanet.com\/wp-content\/uploads\/2025\/02\/Implacable-poster.jpg\" alt=\"\" width=\"837\" height=\"1200\" srcset=\"https:\/\/moviecrazyplanet.com\/wp-content\/uploads\/2025\/02\/Implacable-poster.jpg 837w, https:\/\/moviecrazyplanet.com\/wp-content\/uploads\/2025\/02\/Implacable-poster-209x300.jpg 209w, https:\/\/moviecrazyplanet.com\/wp-content\/uploads\/2025\/02\/Implacable-poster-714x1024.jpg 714w, https:\/\/moviecrazyplanet.com\/wp-content\/uploads\/2025\/02\/Implacable-poster-768x1101.jpg 768w\" sizes=\"auto, (max-width: 837px) 100vw, 837px\" \/><\/p>\n<p>Un experimentado y peligroso gangster (Liam Neeson) descubre que est\u00e1 empezando a perder la memoria. Decidido a enmendar las cosas con su hija y rectificar los errores del pasado, antes de que sea demasiado tarde, intentar\u00e1 hacer lo que sea para redimirse. Pero las garras del mundo criminal no lo soltar\u00e1n tan f\u00e1cilmente y se ver\u00e1 obligado a enfrentarse a la organizaci\u00f3n para la que lleva m\u00e1s de 20 a\u00f1os trabajando.<\/p>\n<p><iframe loading=\"lazy\" title=\"Implacable | Tr\u00e1iler\" width=\"640\" height=\"360\" src=\"https:\/\/www.youtube.com\/embed\/LRjP0uvooWY?feature=oembed\" frameborder=\"0\" allow=\"accelerometer; autoplay; clipboard-write; encrypted-media; gyroscope; picture-in-picture; web-share\" referrerpolicy=\"strict-origin-when-cross-origin\" allowfullscreen><\/iframe><\/p>\n<blockquote class=\"wp-embedded-content\" data-secret=\"VS0wOocV5M\"><p><a href=\"https:\/\/moviecrazyplanet.com\/?p=10939\">Liam Neeson, un ex g\u00e1nster dispuesto a cambiar su vida en Implacable<\/a><\/p><\/blockquote>\n<p><iframe loading=\"lazy\" class=\"wp-embedded-content\" sandbox=\"allow-scripts\" security=\"restricted\" style=\"position: absolute; visibility: hidden;\" title=\"\u00abLiam Neeson, un ex g\u00e1nster dispuesto a cambiar su vida en Implacable\u00bb \u2014 M C P\" src=\"https:\/\/moviecrazyplanet.com\/?p=10939&#038;embed=true#?secret=reJFOoqQF2#?secret=VS0wOocV5M\" data-secret=\"VS0wOocV5M\" width=\"600\" height=\"338\" frameborder=\"0\" marginwidth=\"0\" marginheight=\"0\" scrolling=\"no\"><\/iframe><\/p>\n<p>&nbsp;<\/p>\n<p>&nbsp;<\/p>\n<p>&nbsp;<\/p>\n<p>&nbsp;<\/p>\n<p>\u2022 <strong>Acaba con Ellos<\/strong><br \/>\nMUBI<\/p>\n<p><img loading=\"lazy\" decoding=\"async\" class=\"alignnone size-full wp-image-11388\" src=\"http:\/\/moviecrazyplanet.com\/wp-content\/uploads\/2025\/01\/Acaba-con-Ellos-poster-XL.png\" alt=\"\" width=\"2700\" height=\"4000\" srcset=\"https:\/\/moviecrazyplanet.com\/wp-content\/uploads\/2025\/01\/Acaba-con-Ellos-poster-XL.png 2700w, https:\/\/moviecrazyplanet.com\/wp-content\/uploads\/2025\/01\/Acaba-con-Ellos-poster-XL-203x300.png 203w, https:\/\/moviecrazyplanet.com\/wp-content\/uploads\/2025\/01\/Acaba-con-Ellos-poster-XL-691x1024.png 691w, https:\/\/moviecrazyplanet.com\/wp-content\/uploads\/2025\/01\/Acaba-con-Ellos-poster-XL-768x1138.png 768w, https:\/\/moviecrazyplanet.com\/wp-content\/uploads\/2025\/01\/Acaba-con-Ellos-poster-XL-1037x1536.png 1037w, https:\/\/moviecrazyplanet.com\/wp-content\/uploads\/2025\/01\/Acaba-con-Ellos-poster-XL-1382x2048.png 1382w, https:\/\/moviecrazyplanet.com\/wp-content\/uploads\/2025\/01\/Acaba-con-Ellos-poster-XL-1024x1517.png 1024w\" sizes=\"auto, (max-width: 2700px) 100vw, 2700px\" \/><\/p>\n<p>Cuando la rivalidad entre dos granjeros irlandeses, Michael y Jack, escala, comienza una cadena de eventos cada vez m\u00e1s violentos dejando a ambas familias cada vez m\u00e1s alteradas.<\/p>\n<p><iframe loading=\"lazy\" title=\"ACABA CON ELLOS | TR\u00c1ILER | SUBT\u00cdTULOS ESPA\u00d1OL\" width=\"640\" height=\"360\" src=\"https:\/\/www.youtube.com\/embed\/6LyR6WQyycY?feature=oembed\" frameborder=\"0\" allow=\"accelerometer; autoplay; clipboard-write; encrypted-media; gyroscope; picture-in-picture; web-share\" referrerpolicy=\"strict-origin-when-cross-origin\" allowfullscreen><\/iframe><\/p>\n<blockquote class=\"wp-embedded-content\" data-secret=\"UuQpmW2eU0\"><p><a href=\"https:\/\/moviecrazyplanet.com\/?p=11386\">Barry Keoghan y Christopher Abbott protagonizan el thriller Acaba con Ellos<\/a><\/p><\/blockquote>\n<p><iframe loading=\"lazy\" class=\"wp-embedded-content\" sandbox=\"allow-scripts\" security=\"restricted\" style=\"position: absolute; visibility: hidden;\" title=\"\u00abBarry Keoghan y Christopher Abbott protagonizan el thriller Acaba con Ellos\u00bb \u2014 M C P\" src=\"https:\/\/moviecrazyplanet.com\/?p=11386&#038;embed=true#?secret=R0G8086l5I#?secret=UuQpmW2eU0\" data-secret=\"UuQpmW2eU0\" width=\"600\" height=\"338\" frameborder=\"0\" marginwidth=\"0\" marginheight=\"0\" scrolling=\"no\"><\/iframe><\/p>\n<p>&nbsp;<\/p>\n<p>&nbsp;<\/p>\n<p>&nbsp;<\/p>\n<p>&nbsp;<\/p>\n<p>\u2022 <strong>\u00c9fimera<\/strong><br \/>\nNeverlanding Pictures<\/p>\n<p><img loading=\"lazy\" decoding=\"async\" class=\"alignnone size-full wp-image-11666\" src=\"http:\/\/moviecrazyplanet.com\/wp-content\/uploads\/2025\/02\/Efimera.jpg\" alt=\"\" width=\"640\" height=\"800\" srcset=\"https:\/\/moviecrazyplanet.com\/wp-content\/uploads\/2025\/02\/Efimera.jpg 640w, https:\/\/moviecrazyplanet.com\/wp-content\/uploads\/2025\/02\/Efimera-240x300.jpg 240w\" sizes=\"auto, (max-width: 640px) 100vw, 640px\" \/><\/p>\n<p>Emilia es una adolescente con la habilidad de ver brillar a las personas cercanas a morir. Siempre solitaria y enfocada al futuro, se ve enfrentada por la realidad cuando ve brillar a un compa\u00f1ero de escuela, a la par que inicia una relaci\u00f3n amorosa con Renata, quien la llevar\u00e1 finalmente a apreciar su presente.<\/p>\n<p><iframe loading=\"lazy\" title=\"Ef\u00edmera | Trailer\" width=\"640\" height=\"360\" src=\"https:\/\/www.youtube.com\/embed\/i8c0rB3pGHk?feature=oembed\" frameborder=\"0\" allow=\"accelerometer; autoplay; clipboard-write; encrypted-media; gyroscope; picture-in-picture; web-share\" referrerpolicy=\"strict-origin-when-cross-origin\" allowfullscreen><\/iframe><\/p>\n<p>&nbsp;<\/p>\n<p>&nbsp;<\/p>\n<p>&nbsp;<\/p>\n<p>&nbsp;<\/p>\n<p>&nbsp;<\/p>\n<p><strong>\u2022 La Sobreviviente: La Caida del Vuelo 811<\/strong><br \/>\nSpra Cinema<\/p>\n<p><img loading=\"lazy\" decoding=\"async\" class=\"alignnone size-full wp-image-11463\" src=\"http:\/\/moviecrazyplanet.com\/wp-content\/uploads\/2025\/02\/La-Sobreviviente-La-Caida-del-Vuelo-811.jpg\" alt=\"\" width=\"1080\" height=\"1350\" srcset=\"https:\/\/moviecrazyplanet.com\/wp-content\/uploads\/2025\/02\/La-Sobreviviente-La-Caida-del-Vuelo-811.jpg 1080w, https:\/\/moviecrazyplanet.com\/wp-content\/uploads\/2025\/02\/La-Sobreviviente-La-Caida-del-Vuelo-811-240x300.jpg 240w, https:\/\/moviecrazyplanet.com\/wp-content\/uploads\/2025\/02\/La-Sobreviviente-La-Caida-del-Vuelo-811-819x1024.jpg 819w, https:\/\/moviecrazyplanet.com\/wp-content\/uploads\/2025\/02\/La-Sobreviviente-La-Caida-del-Vuelo-811-768x960.jpg 768w, https:\/\/moviecrazyplanet.com\/wp-content\/uploads\/2025\/02\/La-Sobreviviente-La-Caida-del-Vuelo-811-1024x1280.jpg 1024w\" sizes=\"auto, (max-width: 1080px) 100vw, 1080px\" \/><\/p>\n<p>Basada en una historia real, los reci\u00e9n casados Larisa y Vladimir subieron a bordo del vuelo 811. Minutos antes del aterrizaje, otro avi\u00f3n en pleno vuelo choca contra ellos a una altura de m\u00e1s de 5 kil\u00f3metros sobre el suelo. Se supon\u00eda que nadie sobrevivir\u00eda&#8230; pero ocurri\u00f3 un milagro. Larisa se despert\u00f3 en medio de los restos del avi\u00f3n en el impenetrable y helado bosque. Ahora ella misma tendr\u00e1 que crear un verdadero milagro para seguir con vida en medio de los peligros que la acechan.<\/p>\n<p><iframe loading=\"lazy\" title=\"LA SOBREVIVIENTE: LA CAIDA DEL VUELO 811 (The One) - trailer HD doblado\" width=\"640\" height=\"360\" src=\"https:\/\/www.youtube.com\/embed\/UuxJ2Nz2Fj4?feature=oembed\" frameborder=\"0\" allow=\"accelerometer; autoplay; clipboard-write; encrypted-media; gyroscope; picture-in-picture; web-share\" referrerpolicy=\"strict-origin-when-cross-origin\" allowfullscreen><\/iframe><\/p>\n<blockquote class=\"wp-embedded-content\" data-secret=\"qNUbe5U6eN\"><p><a href=\"https:\/\/moviecrazyplanet.com\/?p=11462\">Desde Rusia llega a la pantalla grande La Sobreviviente: La Ca\u00edda del Vuelo 811<\/a><\/p><\/blockquote>\n<p><iframe loading=\"lazy\" class=\"wp-embedded-content\" sandbox=\"allow-scripts\" security=\"restricted\" style=\"position: absolute; visibility: hidden;\" title=\"\u00abDesde Rusia llega a la pantalla grande La Sobreviviente: La Ca\u00edda del Vuelo 811\u00bb \u2014 M C P\" src=\"https:\/\/moviecrazyplanet.com\/?p=11462&#038;embed=true#?secret=m026Rvq8eH#?secret=qNUbe5U6eN\" data-secret=\"qNUbe5U6eN\" width=\"600\" height=\"338\" frameborder=\"0\" marginwidth=\"0\" marginheight=\"0\" scrolling=\"no\"><\/iframe><\/p>\n<p>&nbsp;<\/p>\n<p>&nbsp;<\/p>\n<p>&nbsp;<\/p>\n<p>&nbsp;<\/p>\n<p><strong>\u2022 Medium<\/strong><br \/>\nZima Entertainment<\/p>\n<p><img loading=\"lazy\" decoding=\"async\" class=\"alignnone size-full wp-image-11662\" src=\"http:\/\/moviecrazyplanet.com\/wp-content\/uploads\/2025\/02\/Medium.jpg\" alt=\"\" width=\"1500\" height=\"2143\" srcset=\"https:\/\/moviecrazyplanet.com\/wp-content\/uploads\/2025\/02\/Medium.jpg 1500w, https:\/\/moviecrazyplanet.com\/wp-content\/uploads\/2025\/02\/Medium-210x300.jpg 210w, https:\/\/moviecrazyplanet.com\/wp-content\/uploads\/2025\/02\/Medium-717x1024.jpg 717w, https:\/\/moviecrazyplanet.com\/wp-content\/uploads\/2025\/02\/Medium-768x1097.jpg 768w, https:\/\/moviecrazyplanet.com\/wp-content\/uploads\/2025\/02\/Medium-1075x1536.jpg 1075w, https:\/\/moviecrazyplanet.com\/wp-content\/uploads\/2025\/02\/Medium-1434x2048.jpg 1434w, https:\/\/moviecrazyplanet.com\/wp-content\/uploads\/2025\/02\/Medium-1024x1463.jpg 1024w\" sizes=\"auto, (max-width: 1500px) 100vw, 1500px\" \/><\/p>\n<p>Darcy, una autoproclamada ps\u00edquica, visita a su cu\u00f1ado y a su nueva novia un a\u00f1o despu\u00e9s del brutal asesinato de su hermana gemela. Darcy intuye que la muerte de su hermana esconde un secreto y est\u00e1 decidida a descubrir la verdad con la ayuda de un macabro mu\u00f1eco de madera.<\/p>\n<p><iframe loading=\"lazy\" title=\"M\u00e9dium (Oddity) -Trailer Oficial Subtitulado al Espa\u00f1ol\" width=\"640\" height=\"360\" src=\"https:\/\/www.youtube.com\/embed\/7aLorDFtg-8?feature=oembed\" frameborder=\"0\" allow=\"accelerometer; autoplay; clipboard-write; encrypted-media; gyroscope; picture-in-picture; web-share\" referrerpolicy=\"strict-origin-when-cross-origin\" allowfullscreen><\/iframe><\/p>\n<p>&nbsp;<\/p>\n<p>&nbsp;<\/p>\n<p>&nbsp;<\/p>\n<p>&nbsp;<\/p>\n<p>\u2022 <strong>Omar and Cedric: If This Ever Gets Weird<\/strong><\/p>\n<p><img loading=\"lazy\" decoding=\"async\" class=\"alignnone size-full wp-image-11660\" src=\"http:\/\/moviecrazyplanet.com\/wp-content\/uploads\/2025\/02\/Omar-and-Cedric-If-This-Ever-Gets-Weird.jpeg\" alt=\"\" width=\"455\" height=\"674\" srcset=\"https:\/\/moviecrazyplanet.com\/wp-content\/uploads\/2025\/02\/Omar-and-Cedric-If-This-Ever-Gets-Weird.jpeg 455w, https:\/\/moviecrazyplanet.com\/wp-content\/uploads\/2025\/02\/Omar-and-Cedric-If-This-Ever-Gets-Weird-203x300.jpeg 203w\" sizes=\"auto, (max-width: 455px) 100vw, 455px\" \/><\/p>\n<p>Con la fuerte amistad de estos dos talentosos artistas como hilo conductor de una incre\u00edble historia, al igual que su m\u00fasica, misma que ha impactado a millones de personas, el documental \u201cOmar and Cedric: If This Ever Gets Weird\u201d muestra una mirada a trav\u00e9s de un prisma creativo totalmente nuevo retratando el intenso y profundo viaje del d\u00fao mientras enfrentan el \u00e9xito, la adicci\u00f3n, la tragedia, la traici\u00f3n, el perd\u00f3n y, finalmente, la redenci\u00f3n.<\/p>\n<p><iframe loading=\"lazy\" title=\"Omar and Cedric: If This Ever Gets Weird | Tr\u00e1iler Oficial (Subtitulado) | Cinemex\" width=\"640\" height=\"360\" src=\"https:\/\/www.youtube.com\/embed\/FiBhs0XiWDU?feature=oembed\" frameborder=\"0\" allow=\"accelerometer; autoplay; clipboard-write; encrypted-media; gyroscope; picture-in-picture; web-share\" referrerpolicy=\"strict-origin-when-cross-origin\" allowfullscreen><\/iframe><\/p>\n<p>&nbsp;<\/p>\n<p>&nbsp;<\/p>\n<p>&nbsp;<\/p>\n<p>&nbsp;<\/p>\n<p>\u2022 <strong>En escena: Lucia Di Lammermoor<\/strong><br \/>\nCinemex<\/p>\n<p><img loading=\"lazy\" decoding=\"async\" class=\"alignnone size-full wp-image-11661\" src=\"http:\/\/moviecrazyplanet.com\/wp-content\/uploads\/2025\/02\/En-Escena-Lucia-Di-Lammermoor-.jpg\" alt=\"\" width=\"360\" height=\"540\" srcset=\"https:\/\/moviecrazyplanet.com\/wp-content\/uploads\/2025\/02\/En-Escena-Lucia-Di-Lammermoor-.jpg 360w, https:\/\/moviecrazyplanet.com\/wp-content\/uploads\/2025\/02\/En-Escena-Lucia-Di-Lammermoor--200x300.jpg 200w\" sizes=\"auto, (max-width: 360px) 100vw, 360px\" \/><\/p>\n<p>En esta ocasi\u00f3n, el director de escena David Alden nos traslada a la fr\u00eda y h\u00fameda Escocia para contar la historia de una joven enamorada que cae en la m\u00e1s profunda desesperaci\u00f3n al verse acusada por su amante de traici\u00f3n, dando pie a una de las escenas de locura m\u00e1s c\u00e9lebres de la historia de la \u00f3pera.<\/p>\n<p>&nbsp;<\/p>\n<p><strong>\u2022 La Tumba de las Luci\u00e9rnagas<\/strong><br \/>\nCin\u00e9polis +QUE Cine<\/p>\n<p><img loading=\"lazy\" decoding=\"async\" class=\"alignnone size-full wp-image-11501\" src=\"http:\/\/moviecrazyplanet.com\/wp-content\/uploads\/2025\/02\/La-Tumba-de-las-Luciernagas.jpg\" alt=\"\" width=\"1434\" height=\"2048\" srcset=\"https:\/\/moviecrazyplanet.com\/wp-content\/uploads\/2025\/02\/La-Tumba-de-las-Luciernagas.jpg 1434w, https:\/\/moviecrazyplanet.com\/wp-content\/uploads\/2025\/02\/La-Tumba-de-las-Luciernagas-210x300.jpg 210w, https:\/\/moviecrazyplanet.com\/wp-content\/uploads\/2025\/02\/La-Tumba-de-las-Luciernagas-717x1024.jpg 717w, https:\/\/moviecrazyplanet.com\/wp-content\/uploads\/2025\/02\/La-Tumba-de-las-Luciernagas-768x1097.jpg 768w, https:\/\/moviecrazyplanet.com\/wp-content\/uploads\/2025\/02\/La-Tumba-de-las-Luciernagas-1076x1536.jpg 1076w, https:\/\/moviecrazyplanet.com\/wp-content\/uploads\/2025\/02\/La-Tumba-de-las-Luciernagas-1024x1462.jpg 1024w\" sizes=\"auto, (max-width: 1434px) 100vw, 1434px\" \/><\/p>\n<p>Hacia finales de la Segunda Guerra Mundial, el joven Seita y su hermana peque\u00f1a Setsuko quedan hu\u00e9rfanos durante un ataque a\u00e9reo en Kobe, Jap\u00f3n. Refugiados en un b\u00fanker y con sus raciones de comida agotadas, ambos luchar\u00e1n por sobrevivir en medio de la hostilidad. Obra mayor de la animaci\u00f3n japonesa, aclamada como una de las mejores pel\u00edculas de guerra de todos los tiempos.<\/p>\n<p><iframe loading=\"lazy\" title=\"LA TUMBA DE LAS LUCI\u00c9RNAGAS | TR\u00c1ILER\" width=\"640\" height=\"360\" src=\"https:\/\/www.youtube.com\/embed\/oTUush1wXL0?feature=oembed\" frameborder=\"0\" allow=\"accelerometer; autoplay; clipboard-write; encrypted-media; gyroscope; picture-in-picture; web-share\" referrerpolicy=\"strict-origin-when-cross-origin\" allowfullscreen><\/iframe><\/p>\n<p>&nbsp;<\/p>\n<p>&nbsp;<\/p>\n<p>&nbsp;<\/p>\n<p>&nbsp;<\/p>\n<p>\u2022 <strong>Wicked<\/strong> &#8211; ReEstreno<\/p>\n<p><img loading=\"lazy\" decoding=\"async\" class=\"alignnone size-full wp-image-11664\" src=\"http:\/\/moviecrazyplanet.com\/wp-content\/uploads\/2025\/02\/images-7.jpeg\" alt=\"\" width=\"440\" height=\"697\" srcset=\"https:\/\/moviecrazyplanet.com\/wp-content\/uploads\/2025\/02\/images-7.jpeg 440w, https:\/\/moviecrazyplanet.com\/wp-content\/uploads\/2025\/02\/images-7-189x300.jpeg 189w\" sizes=\"auto, (max-width: 440px) 100vw, 440px\" \/><\/p>\n<p>Despu\u00e9s de dos d\u00e9cadas de ser uno de los musicales m\u00e1s queridos y duraderos en el escenario, este noviembre, Wicked hace su tan esperado viaje a la pantalla grande en un espectacular evento cinematogr\u00e1fico que definir\u00e1 a una generaci\u00f3n. Wicked, la historia nunca contada de las brujas de Oz, est\u00e1 protagonizada por la ganadora de un Emmy, un Grammy y un Tony, Cynthia Erivo (Harriet, El color p\u00farpura, de Broadway) como Elphaba, una joven incomprendida debido a su inusual piel verde, que a\u00fan no ha descubierto su verdadero poder, y la artista mundial reconocida con m\u00faltiples discos de platino y superestrella ganadora del Grammy, Ariana Grande como Glinda, una popular joven, favorecida por el privilegio y la ambici\u00f3n, que a\u00fan tiene que descubrir su verdadero coraz\u00f3n. Ambas se conocen como estudiantes en la Universidad de Shiz en la fant\u00e1stica Tierra de Oz y forjan una amistad improbable pero profunda. Tras un encuentro con El maravilloso Mago de Oz, su amistad llega a una encrucijada y sus vidas toman caminos muy diferentes. El inquebrantable deseo de popularidad de Glinda se ve seducido por el poder, mientras que la determinaci\u00f3n de Elphaba de permanecer fiel a s\u00ed misma y a quienes la rodean tendr\u00e1 consecuencias inesperadas e impactantes en su futuro. Sus extraordinarias aventuras en Oz finalmente las ver\u00e1n cumplir sus destinos como Glinda la Buena y la Malvada Bruja del Oeste.<\/p>\n<p><iframe loading=\"lazy\" title=\"WICKED - Tr\u00e1iler Oficial (Universal Pictures) HD\" width=\"640\" height=\"360\" src=\"https:\/\/www.youtube.com\/embed\/YZy2hnJc0b8?feature=oembed\" frameborder=\"0\" allow=\"accelerometer; autoplay; clipboard-write; encrypted-media; gyroscope; picture-in-picture; web-share\" referrerpolicy=\"strict-origin-when-cross-origin\" allowfullscreen><\/iframe><\/p>\n<p>&nbsp;<\/p>\n<p>&nbsp;<\/p>\n<p>&nbsp;<\/p>\n<p>&nbsp;<\/p>\n<p>\u2022 <strong>Duna Parte 2<\/strong> &#8211;\u00a0 ReEstreno<\/p>\n<p><img loading=\"lazy\" decoding=\"async\" class=\"alignnone size-full wp-image-11665\" src=\"http:\/\/moviecrazyplanet.com\/wp-content\/uploads\/2025\/02\/Duna-Parte-Dos.jpg\" alt=\"\" width=\"1080\" height=\"1513\" srcset=\"https:\/\/moviecrazyplanet.com\/wp-content\/uploads\/2025\/02\/Duna-Parte-Dos.jpg 1080w, https:\/\/moviecrazyplanet.com\/wp-content\/uploads\/2025\/02\/Duna-Parte-Dos-214x300.jpg 214w, https:\/\/moviecrazyplanet.com\/wp-content\/uploads\/2025\/02\/Duna-Parte-Dos-731x1024.jpg 731w, https:\/\/moviecrazyplanet.com\/wp-content\/uploads\/2025\/02\/Duna-Parte-Dos-768x1076.jpg 768w, https:\/\/moviecrazyplanet.com\/wp-content\/uploads\/2025\/02\/Duna-Parte-Dos-1024x1435.jpg 1024w\" sizes=\"auto, (max-width: 1080px) 100vw, 1080px\" \/><\/p>\n<p>Paul Atreides se une a Chani y a los Fremen en una guerra de venganza contra los conspiradores que destruyeron a su familia. Enfrentado a la elecci\u00f3n entre el amor de su vida y el destino del universo conocido, se esfuerza por evitar un futuro terrible que s\u00f3lo \u00e9l puede prever.<\/p>\n<p><iframe loading=\"lazy\" title=\"Duna: Parte Dos | Tr\u00e1iler Oficial 2 | Subtitulado\" width=\"640\" height=\"360\" src=\"https:\/\/www.youtube.com\/embed\/YdhPAyApRQ4?feature=oembed\" frameborder=\"0\" allow=\"accelerometer; autoplay; clipboard-write; encrypted-media; gyroscope; picture-in-picture; web-share\" referrerpolicy=\"strict-origin-when-cross-origin\" allowfullscreen><\/iframe><\/p>\n<p>Consulta cartelera de tu cine favorito.<\/p>\n<p>&nbsp;<\/p>\n<p>Si tu estreno no se encuentra en nuestra cartelera, por favor cont\u00e1ctanos en moviecrazyplanet@gmail.com<\/p>\n","protected":false},"excerpt":{"rendered":"<p>Estrenos en cines jueves 6 de febrero de 2025 &nbsp; \u2022 El Brutalista Universal Pictures Cuando el visionario arquitecto L\u00e1szl\u00f3 Toth y su esposa Erzs\u00e9bet huyen de la Europa de posguerra en 1947 para reconstruir su legado y ver el nacimiento de la Am\u00e9rica moderna, sus vidas cambian a causa de un misterioso y adinerado [&hellip;]<\/p>\n","protected":false},"author":2,"featured_media":11667,"comment_status":"open","ping_status":"open","sticky":false,"template":"","format":"standard","meta":{"footnotes":""},"categories":[68],"tags":[],"class_list":["post-11646","post","type-post","status-publish","format-standard","has-post-thumbnail","hentry","category-estrenos"],"_links":{"self":[{"href":"https:\/\/moviecrazyplanet.com\/index.php?rest_route=\/wp\/v2\/posts\/11646","targetHints":{"allow":["GET"]}}],"collection":[{"href":"https:\/\/moviecrazyplanet.com\/index.php?rest_route=\/wp\/v2\/posts"}],"about":[{"href":"https:\/\/moviecrazyplanet.com\/index.php?rest_route=\/wp\/v2\/types\/post"}],"author":[{"embeddable":true,"href":"https:\/\/moviecrazyplanet.com\/index.php?rest_route=\/wp\/v2\/users\/2"}],"replies":[{"embeddable":true,"href":"https:\/\/moviecrazyplanet.com\/index.php?rest_route=%2Fwp%2Fv2%2Fcomments&post=11646"}],"version-history":[{"count":5,"href":"https:\/\/moviecrazyplanet.com\/index.php?rest_route=\/wp\/v2\/posts\/11646\/revisions"}],"predecessor-version":[{"id":11805,"href":"https:\/\/moviecrazyplanet.com\/index.php?rest_route=\/wp\/v2\/posts\/11646\/revisions\/11805"}],"wp:featuredmedia":[{"embeddable":true,"href":"https:\/\/moviecrazyplanet.com\/index.php?rest_route=\/wp\/v2\/media\/11667"}],"wp:attachment":[{"href":"https:\/\/moviecrazyplanet.com\/index.php?rest_route=%2Fwp%2Fv2%2Fmedia&parent=11646"}],"wp:term":[{"taxonomy":"category","embeddable":true,"href":"https:\/\/moviecrazyplanet.com\/index.php?rest_route=%2Fwp%2Fv2%2Fcategories&post=11646"},{"taxonomy":"post_tag","embeddable":true,"href":"https:\/\/moviecrazyplanet.com\/index.php?rest_route=%2Fwp%2Fv2%2Ftags&post=11646"}],"curies":[{"name":"wp","href":"https:\/\/api.w.org\/{rel}","templated":true}]}}