{"id":11901,"date":"2025-02-20T13:33:14","date_gmt":"2025-02-20T19:33:14","guid":{"rendered":"https:\/\/moviecrazyplanet.com\/?p=11901"},"modified":"2025-02-20T13:33:14","modified_gmt":"2025-02-20T19:33:14","slug":"estrenos-en-cines-jueves-20-de-febrero-de-2025","status":"publish","type":"post","link":"https:\/\/moviecrazyplanet.com\/?p=11901","title":{"rendered":"Estrenos en cines jueves 20 de febrero de 2025"},"content":{"rendered":"<p>Estrenos en cines jueves 20 de febrero de 2025<\/p>\n<p>&nbsp;<\/p>\n<p>&nbsp;<\/p>\n<p><strong>\u2022 Memorias de un Caracol<\/strong><br \/>\nCanibal<!--\/data\/user\/0\/com.samsung.android.app.notes\/files\/clipdata\/clipdata_bodytext_250220_114138_472.sdocx--><\/p>\n<p><img loading=\"lazy\" decoding=\"async\" class=\"alignnone size-full wp-image-10878\" src=\"http:\/\/moviecrazyplanet.com\/wp-content\/uploads\/2025\/01\/Memorias-de-un-Caracol-poster-scaled.jpg\" alt=\"\" width=\"1799\" height=\"2560\" srcset=\"https:\/\/moviecrazyplanet.com\/wp-content\/uploads\/2025\/01\/Memorias-de-un-Caracol-poster-scaled.jpg 1799w, https:\/\/moviecrazyplanet.com\/wp-content\/uploads\/2025\/01\/Memorias-de-un-Caracol-poster-211x300.jpg 211w, https:\/\/moviecrazyplanet.com\/wp-content\/uploads\/2025\/01\/Memorias-de-un-Caracol-poster-720x1024.jpg 720w, https:\/\/moviecrazyplanet.com\/wp-content\/uploads\/2025\/01\/Memorias-de-un-Caracol-poster-768x1093.jpg 768w, https:\/\/moviecrazyplanet.com\/wp-content\/uploads\/2025\/01\/Memorias-de-un-Caracol-poster-1080x1536.jpg 1080w, https:\/\/moviecrazyplanet.com\/wp-content\/uploads\/2025\/01\/Memorias-de-un-Caracol-poster-1440x2048.jpg 1440w, https:\/\/moviecrazyplanet.com\/wp-content\/uploads\/2025\/01\/Memorias-de-un-Caracol-poster-1024x1457.jpg 1024w\" sizes=\"auto, (max-width: 1799px) 100vw, 1799px\" \/><\/p>\n<p>Grace es una ni\u00f1a solitaria por un amor por los caracoles y un intenso amor por los libros. A una edad temprana, cuando se separa de su hermano gemelo Gilbert, que escupe fuego, cae en una gran tristeza. A pesar de una serie continua de dificultades, la inspiraci\u00f3n y la esperanza surgen cuando entabla una amistad duradera con una anciana exc\u00e9ntrica llamada Pinky, que le demuestra que la vida esta llena de espenza. Del director ganador del premio de la Academia\u00ae Adam Elliot, Memorias de un caracol, es una pel\u00edcula conmovedora y divertida.<\/p>\n<p><iframe loading=\"lazy\" title=\"MEMORIAS DE UN CARACOL - Trailer HD Espa\u00f1ol\" width=\"640\" height=\"360\" src=\"https:\/\/www.youtube.com\/embed\/9p6ng7aAtpo?feature=oembed\" frameborder=\"0\" allow=\"accelerometer; autoplay; clipboard-write; encrypted-media; gyroscope; picture-in-picture; web-share\" referrerpolicy=\"strict-origin-when-cross-origin\" allowfullscreen><\/iframe><\/p>\n<blockquote class=\"wp-embedded-content\" data-secret=\"hXMRBRv7NW\"><p><a href=\"https:\/\/moviecrazyplanet.com\/?p=10875\">Conoce el talento de Memorias de un Caracol en su versi\u00f3n en espa\u00f1ol<\/a><\/p><\/blockquote>\n<p><iframe loading=\"lazy\" class=\"wp-embedded-content\" sandbox=\"allow-scripts\" security=\"restricted\" style=\"position: absolute; visibility: hidden;\" title=\"\u00abConoce el talento de Memorias de un Caracol en su versi\u00f3n en espa\u00f1ol\u00bb \u2014 M C P\" src=\"https:\/\/moviecrazyplanet.com\/?p=10875&#038;embed=true#?secret=eK4ppHQ6iK#?secret=hXMRBRv7NW\" data-secret=\"hXMRBRv7NW\" width=\"600\" height=\"338\" frameborder=\"0\" marginwidth=\"0\" marginheight=\"0\" scrolling=\"no\"><\/iframe><\/p>\n<p>&nbsp;<\/p>\n<p>&nbsp;<\/p>\n<p>&nbsp;<\/p>\n<p>&nbsp;<\/p>\n<p><strong>\u2022 A\u00fan Estoy Aqu\u00ed<\/strong><br \/>\nSony Pictures<!--\/data\/user\/0\/com.samsung.android.app.notes\/files\/clipdata\/clipdata_bodytext_250220_114345_102.sdocx--><\/p>\n<p><img loading=\"lazy\" decoding=\"async\" class=\"alignnone size-full wp-image-11213\" src=\"http:\/\/moviecrazyplanet.com\/wp-content\/uploads\/2025\/01\/Aun-Estoy-Aqui-scaled.jpg\" alt=\"\" width=\"1796\" height=\"2560\" srcset=\"https:\/\/moviecrazyplanet.com\/wp-content\/uploads\/2025\/01\/Aun-Estoy-Aqui-scaled.jpg 1796w, https:\/\/moviecrazyplanet.com\/wp-content\/uploads\/2025\/01\/Aun-Estoy-Aqui-210x300.jpg 210w, https:\/\/moviecrazyplanet.com\/wp-content\/uploads\/2025\/01\/Aun-Estoy-Aqui-718x1024.jpg 718w, https:\/\/moviecrazyplanet.com\/wp-content\/uploads\/2025\/01\/Aun-Estoy-Aqui-768x1095.jpg 768w, https:\/\/moviecrazyplanet.com\/wp-content\/uploads\/2025\/01\/Aun-Estoy-Aqui-1077x1536.jpg 1077w, https:\/\/moviecrazyplanet.com\/wp-content\/uploads\/2025\/01\/Aun-Estoy-Aqui-1437x2048.jpg 1437w, https:\/\/moviecrazyplanet.com\/wp-content\/uploads\/2025\/01\/Aun-Estoy-Aqui-1024x1460.jpg 1024w\" sizes=\"auto, (max-width: 1796px) 100vw, 1796px\" \/><\/p>\n<p>Principios de los a\u00f1os 70s en R\u00edo de Janeiro mientras que Brasil atraviesa el endurecimiento de una dictadura militar. Nos presentan a la familia Paiva: un padre de nombre Rubens, la madre, Eunice, y sus cinco hijos. Ellos viven en una casa rentada frente a la playa con las puertas siempre abiertas para sus amigos. El cari\u00f1o y humor que comparten entre ellos son sus sutiles formas de resistencia ante la opresi\u00f3n que rodea su pa\u00eds. Un d\u00eda sufren un acto violento y arbitrario que cambiar\u00e1 sus vidas para siempre. Posteriormente, Eunice se ve obligada a reinventarse y crear un nuevo futuro para ella y sus hijos. Basada en la memoria de Marcelo Rubens Paiva. La conmovedora historia de esta familia, basada en las memorias de Marcelo Rubens Paiva, ayud\u00f3 a reconstruir una parte importante de la historia oculta de Brasil.<\/p>\n<p><iframe loading=\"lazy\" title=\"A\u00fan Estoy Aqu\u00ed l Tr\u00e1iler Oficial\" width=\"640\" height=\"360\" src=\"https:\/\/www.youtube.com\/embed\/I1Vagac7YEY?feature=oembed\" frameborder=\"0\" allow=\"accelerometer; autoplay; clipboard-write; encrypted-media; gyroscope; picture-in-picture; web-share\" referrerpolicy=\"strict-origin-when-cross-origin\" allowfullscreen><\/iframe><\/p>\n<blockquote class=\"wp-embedded-content\" data-secret=\"GwEHSitG4K\"><p><a href=\"https:\/\/moviecrazyplanet.com\/?p=11210\">A\u00fan Estoy Aqu\u00ed, la importancia de nunca rendirse<\/a><\/p><\/blockquote>\n<p><iframe loading=\"lazy\" class=\"wp-embedded-content\" sandbox=\"allow-scripts\" security=\"restricted\" style=\"position: absolute; visibility: hidden;\" title=\"\u00abA\u00fan Estoy Aqu\u00ed, la importancia de nunca rendirse\u00bb \u2014 M C P\" src=\"https:\/\/moviecrazyplanet.com\/?p=11210&#038;embed=true#?secret=2NsKzzguwq#?secret=GwEHSitG4K\" data-secret=\"GwEHSitG4K\" width=\"600\" height=\"338\" frameborder=\"0\" marginwidth=\"0\" marginheight=\"0\" scrolling=\"no\"><\/iframe><\/p>\n<p>&nbsp;<\/p>\n<p>&nbsp;<\/p>\n<p>&nbsp;<\/p>\n<p>&nbsp;<\/p>\n<p>&nbsp;<\/p>\n<p><strong>\u2022 Mar\u00eda Callas<\/strong><br \/>\nDiamond Films<!--\/data\/user\/0\/com.samsung.android.app.notes\/files\/clipdata\/clipdata_bodytext_250220_114920_604.sdocx--><\/p>\n<p><img loading=\"lazy\" decoding=\"async\" class=\"alignnone size-full wp-image-10416\" src=\"http:\/\/moviecrazyplanet.com\/wp-content\/uploads\/2024\/12\/Maria-Callas.jpg\" alt=\"\" width=\"1080\" height=\"1350\" srcset=\"https:\/\/moviecrazyplanet.com\/wp-content\/uploads\/2024\/12\/Maria-Callas.jpg 1080w, https:\/\/moviecrazyplanet.com\/wp-content\/uploads\/2024\/12\/Maria-Callas-240x300.jpg 240w, https:\/\/moviecrazyplanet.com\/wp-content\/uploads\/2024\/12\/Maria-Callas-819x1024.jpg 819w, https:\/\/moviecrazyplanet.com\/wp-content\/uploads\/2024\/12\/Maria-Callas-768x960.jpg 768w, https:\/\/moviecrazyplanet.com\/wp-content\/uploads\/2024\/12\/Maria-Callas-1024x1280.jpg 1024w\" sizes=\"auto, (max-width: 1080px) 100vw, 1080px\" \/><\/p>\n<p>Una pel\u00edcula sobre la vida de Mar\u00eda Callas (Angelina Jolie), una de las cantantes de \u00f3pera m\u00e1s importantes de la historia. En este filme vemos sus \u00faltimos d\u00edas en el Par\u00eds de los a\u00f1os setenta, a la vez que conocemos eventos de su pasado.<\/p>\n<p><iframe loading=\"lazy\" title=\"MARIA CALLAS | TRAILER OFICIAL\" width=\"640\" height=\"360\" src=\"https:\/\/www.youtube.com\/embed\/Wuk7ZJZhgOU?feature=oembed\" frameborder=\"0\" allow=\"accelerometer; autoplay; clipboard-write; encrypted-media; gyroscope; picture-in-picture; web-share\" referrerpolicy=\"strict-origin-when-cross-origin\" allowfullscreen><\/iframe><\/p>\n<blockquote class=\"wp-embedded-content\" data-secret=\"gHLdryHPcB\"><p><a href=\"https:\/\/moviecrazyplanet.com\/?p=10321\">Angelina Jolie, la ganadora del Oscar, interpreta a Maria Callas<\/a><\/p><\/blockquote>\n<p><iframe loading=\"lazy\" class=\"wp-embedded-content\" sandbox=\"allow-scripts\" security=\"restricted\" style=\"position: absolute; visibility: hidden;\" title=\"\u00abAngelina Jolie, la ganadora del Oscar, interpreta a Maria Callas\u00bb \u2014 M C P\" src=\"https:\/\/moviecrazyplanet.com\/?p=10321&#038;embed=true#?secret=opwOdBgnwE#?secret=gHLdryHPcB\" data-secret=\"gHLdryHPcB\" width=\"600\" height=\"338\" frameborder=\"0\" marginwidth=\"0\" marginheight=\"0\" scrolling=\"no\"><\/iframe><\/p>\n<p>&nbsp;<\/p>\n<p>&nbsp;<\/p>\n<p>&nbsp;<\/p>\n<p>&nbsp;<\/p>\n<p><strong>\u2022 Septiembre 5<\/strong><br \/>\nParamount Pictures<!--\/data\/user\/0\/com.samsung.android.app.notes\/files\/clipdata\/clipdata_bodytext_250220_115348_794.sdocx--><\/p>\n<p><img loading=\"lazy\" decoding=\"async\" class=\"alignnone size-full wp-image-11129\" src=\"http:\/\/moviecrazyplanet.com\/wp-content\/uploads\/2024\/12\/Septiembre-5-poster-2025-scaled.jpg\" alt=\"\" width=\"1728\" height=\"2560\" srcset=\"https:\/\/moviecrazyplanet.com\/wp-content\/uploads\/2024\/12\/Septiembre-5-poster-2025-scaled.jpg 1728w, https:\/\/moviecrazyplanet.com\/wp-content\/uploads\/2024\/12\/Septiembre-5-poster-2025-203x300.jpg 203w, https:\/\/moviecrazyplanet.com\/wp-content\/uploads\/2024\/12\/Septiembre-5-poster-2025-691x1024.jpg 691w, https:\/\/moviecrazyplanet.com\/wp-content\/uploads\/2024\/12\/Septiembre-5-poster-2025-768x1138.jpg 768w, https:\/\/moviecrazyplanet.com\/wp-content\/uploads\/2024\/12\/Septiembre-5-poster-2025-1037x1536.jpg 1037w, https:\/\/moviecrazyplanet.com\/wp-content\/uploads\/2024\/12\/Septiembre-5-poster-2025-1382x2048.jpg 1382w, https:\/\/moviecrazyplanet.com\/wp-content\/uploads\/2024\/12\/Septiembre-5-poster-2025-1024x1517.jpg 1024w\" sizes=\"auto, (max-width: 1728px) 100vw, 1728px\" \/><\/p>\n<p>\u00abSeptiembre 5\u00bb revela el momento decisivo que cambi\u00f3 para siempre la cobertura medi\u00e1tica y que sigue impactando las noticias en vivo hoy en d\u00eda. Ambientada durante los Juegos Ol\u00edmpicos de M\u00fanich de 1972, la pel\u00edcula sigue a un equipo de transmisi\u00f3n deportiva estadounidense que se adapta r\u00e1pidamente de la cobertura deportiva a la cobertura en vivo de los atletas israel\u00edes secuestrados. A trav\u00e9s de esta lente, \u00abSeptiembre 5\u00bb ofrece una nueva perspectiva sobre la transmisi\u00f3n en vivo vista globalmente por aproximadamente mil millones de personas en ese momento. En el centro de la historia est\u00e1 Geoff (John Magaro), un joven y ambicioso productor que lucha por demostrar su val\u00eda ante su jefe, el legendario ejecutivo de televisi\u00f3n Roone Arledge (Peter Sarsgaard). Junto a la int\u00e9rprete alemana Marianne (Leonie Benesch) y su mentor Marvin Bader (Ben Chaplin), Geoff asume inesperadamente el mando de la cobertura en vivo. A medida que las narrativas cambian, el tiempo avanza y se propagan rumores contradictorios, con la vida de los rehenes en juego, Geoff se enfrenta a decisiones dif\u00edciles mientras confronta su propio c\u00f3digo moral.<\/p>\n<p><iframe loading=\"lazy\" title=\"Septiembre 5 | Tr\u00e1iler oficial | Pr\u00f3ximamente\" width=\"640\" height=\"360\" src=\"https:\/\/www.youtube.com\/embed\/UHAL4cqvDE0?feature=oembed\" frameborder=\"0\" allow=\"accelerometer; autoplay; clipboard-write; encrypted-media; gyroscope; picture-in-picture; web-share\" referrerpolicy=\"strict-origin-when-cross-origin\" allowfullscreen><\/iframe><\/p>\n<blockquote class=\"wp-embedded-content\" data-secret=\"KKWeppu7a8\"><p><a href=\"https:\/\/moviecrazyplanet.com\/?p=10401\">Septiembre 5, una nueva perspectiva de Munich 1972<\/a><\/p><\/blockquote>\n<p><iframe loading=\"lazy\" class=\"wp-embedded-content\" sandbox=\"allow-scripts\" security=\"restricted\" style=\"position: absolute; visibility: hidden;\" title=\"\u00abSeptiembre 5, una nueva perspectiva de Munich 1972\u00bb \u2014 M C P\" src=\"https:\/\/moviecrazyplanet.com\/?p=10401&#038;embed=true#?secret=fGxrlK85tA#?secret=KKWeppu7a8\" data-secret=\"KKWeppu7a8\" width=\"600\" height=\"338\" frameborder=\"0\" marginwidth=\"0\" marginheight=\"0\" scrolling=\"no\"><\/iframe><\/p>\n<p>&nbsp;<\/p>\n<p>&nbsp;<\/p>\n<p>&nbsp;<\/p>\n<p>&nbsp;<\/p>\n<p><strong>\u2022 No Other Land<\/strong><br \/>\nArtegios Distribuci\u00f3n<\/p>\n<p><img loading=\"lazy\" decoding=\"async\" class=\"alignnone size-full wp-image-11910\" src=\"http:\/\/moviecrazyplanet.com\/wp-content\/uploads\/2025\/02\/No-Other-Land.jpg\" alt=\"\" width=\"1635\" height=\"2253\" srcset=\"https:\/\/moviecrazyplanet.com\/wp-content\/uploads\/2025\/02\/No-Other-Land.jpg 1635w, https:\/\/moviecrazyplanet.com\/wp-content\/uploads\/2025\/02\/No-Other-Land-218x300.jpg 218w, https:\/\/moviecrazyplanet.com\/wp-content\/uploads\/2025\/02\/No-Other-Land-743x1024.jpg 743w, https:\/\/moviecrazyplanet.com\/wp-content\/uploads\/2025\/02\/No-Other-Land-768x1058.jpg 768w, https:\/\/moviecrazyplanet.com\/wp-content\/uploads\/2025\/02\/No-Other-Land-1115x1536.jpg 1115w, https:\/\/moviecrazyplanet.com\/wp-content\/uploads\/2025\/02\/No-Other-Land-1486x2048.jpg 1486w, https:\/\/moviecrazyplanet.com\/wp-content\/uploads\/2025\/02\/No-Other-Land-1024x1411.jpg 1024w\" sizes=\"auto, (max-width: 1635px) 100vw, 1635px\" \/><\/p>\n<p>Durante media d\u00e9cada, Basel Adra, un activista palestino, filma a su comunidad de Masafer Yatta siendo destruida por la ocupaci\u00f3n de Israel, mientras construye una alianza improbable con un periodista israel\u00ed que quiere unirse a su lucha.<\/p>\n<p><iframe loading=\"lazy\" title=\"No Other Land - Tr\u00e1iler Oficial\" width=\"640\" height=\"360\" src=\"https:\/\/www.youtube.com\/embed\/7r_j9eh1jhI?feature=oembed\" frameborder=\"0\" allow=\"accelerometer; autoplay; clipboard-write; encrypted-media; gyroscope; picture-in-picture; web-share\" referrerpolicy=\"strict-origin-when-cross-origin\" allowfullscreen><\/iframe><\/p>\n<p>&nbsp;<\/p>\n<p>&nbsp;<\/p>\n<p>&nbsp;<\/p>\n<p>&nbsp;<\/p>\n<p>\u2022 Mujeres del Alba<\/p>\n<p><img loading=\"lazy\" decoding=\"async\" class=\"alignnone size-full wp-image-11911\" src=\"http:\/\/moviecrazyplanet.com\/wp-content\/uploads\/2025\/02\/Mujeres-del-Alba.jpg\" alt=\"\" width=\"839\" height=\"1200\" srcset=\"https:\/\/moviecrazyplanet.com\/wp-content\/uploads\/2025\/02\/Mujeres-del-Alba.jpg 839w, https:\/\/moviecrazyplanet.com\/wp-content\/uploads\/2025\/02\/Mujeres-del-Alba-210x300.jpg 210w, https:\/\/moviecrazyplanet.com\/wp-content\/uploads\/2025\/02\/Mujeres-del-Alba-716x1024.jpg 716w, https:\/\/moviecrazyplanet.com\/wp-content\/uploads\/2025\/02\/Mujeres-del-Alba-768x1098.jpg 768w\" sizes=\"auto, (max-width: 839px) 100vw, 839px\" \/><\/p>\n<p>23 de septiembre, 1965. Sierra de Madera, Chihuahua. El cuartel militar es atacado por un grupo de estudiantes, campesinos y maestros. Las familias de los guerrilleros son v\u00edctimas de la represi\u00f3n por parte de las autoridades. Las mujeres, ni\u00f1as y la naturaleza son testigo y fuerza que mantiene con amor y resistencia los lazos de vida de quienes luchan.<\/p>\n<p><iframe loading=\"lazy\" title=\"Mujeres del alba | Trailer\" width=\"640\" height=\"360\" src=\"https:\/\/www.youtube.com\/embed\/ZJMSpGjYlnY?feature=oembed\" frameborder=\"0\" allow=\"accelerometer; autoplay; clipboard-write; encrypted-media; gyroscope; picture-in-picture; web-share\" referrerpolicy=\"strict-origin-when-cross-origin\" allowfullscreen><\/iframe><\/p>\n<p>&nbsp;<\/p>\n<p>&nbsp;<\/p>\n<p>&nbsp;<\/p>\n<p>&nbsp;<\/p>\n<p>&nbsp;<\/p>\n<p>\u2022 <strong>Bambi: Una Aventura en el Bosque<\/strong><\/p>\n<p><img loading=\"lazy\" decoding=\"async\" class=\"alignnone size-full wp-image-11912\" src=\"http:\/\/moviecrazyplanet.com\/wp-content\/uploads\/2025\/02\/Bambi-Una-Aventura-en-el-Bosque.jpg\" alt=\"\" width=\"640\" height=\"800\" srcset=\"https:\/\/moviecrazyplanet.com\/wp-content\/uploads\/2025\/02\/Bambi-Una-Aventura-en-el-Bosque.jpg 640w, https:\/\/moviecrazyplanet.com\/wp-content\/uploads\/2025\/02\/Bambi-Una-Aventura-en-el-Bosque-240x300.jpg 240w\" sizes=\"auto, (max-width: 640px) 100vw, 640px\" \/><\/p>\n<p>Un peque\u00f1o cervatillo llamado Bambi acaba de llegar al mundo. De la mano de sus amigos, el conejo, el cuervo, el mapache y el resto de los animales que habitan en este espacio natural , Bambi vivir\u00e1 todo tipo de aventuras con las que se preparar\u00e1 para asumir su pape como pr\u00edncipe del bosque.<\/p>\n<p><iframe loading=\"lazy\" title=\"BAMBI: UNA AVENTURA EN EL BOSQUE | TR\u00c1ILER\" width=\"640\" height=\"360\" src=\"https:\/\/www.youtube.com\/embed\/V2lEm5M7yGI?feature=oembed\" frameborder=\"0\" allow=\"accelerometer; autoplay; clipboard-write; encrypted-media; gyroscope; picture-in-picture; web-share\" referrerpolicy=\"strict-origin-when-cross-origin\" allowfullscreen><\/iframe><\/p>\n<p>&nbsp;<\/p>\n<p>&nbsp;<\/p>\n<p>&nbsp;<\/p>\n<p>&nbsp;<\/p>\n<p><strong>\u2022 El Mono<\/strong><\/p>\n<p><img loading=\"lazy\" decoding=\"async\" class=\"alignnone size-full wp-image-11909\" src=\"http:\/\/moviecrazyplanet.com\/wp-content\/uploads\/2025\/02\/El-Mono.jpg\" alt=\"\" width=\"1386\" height=\"2047\" srcset=\"https:\/\/moviecrazyplanet.com\/wp-content\/uploads\/2025\/02\/El-Mono.jpg 1386w, https:\/\/moviecrazyplanet.com\/wp-content\/uploads\/2025\/02\/El-Mono-203x300.jpg 203w, https:\/\/moviecrazyplanet.com\/wp-content\/uploads\/2025\/02\/El-Mono-693x1024.jpg 693w, https:\/\/moviecrazyplanet.com\/wp-content\/uploads\/2025\/02\/El-Mono-768x1134.jpg 768w, https:\/\/moviecrazyplanet.com\/wp-content\/uploads\/2025\/02\/El-Mono-1040x1536.jpg 1040w, https:\/\/moviecrazyplanet.com\/wp-content\/uploads\/2025\/02\/El-Mono-1024x1512.jpg 1024w\" sizes=\"auto, (max-width: 1386px) 100vw, 1386px\" \/><\/p>\n<p>Hal (Theo James), regresa a casa de su infancia, donde un siniestro juguete regresa para atormentarlo. El mono, que parec\u00eda un inocente regalo de su padre, pronto revel\u00f3 su naturaleza maldita: cada vez que suena su tambor, la muerte se desata de manera violenta y grotesca. \u00bfEs el mono el verdadero agente del mal, o Hal est\u00e1 siendo castigado por algo a\u00fan m\u00e1s oscuro? El mal est\u00e1 en todas partes, y el sonido del mono es s\u00f3lo el comienzo. Basada en el cuento The Monkey de Stephen King, producida por James Wan (Jigsaw, Annabelle, La monja, M3GAN), y escrita y dirigida por Osgood Perkins (Longlegs, Gretel &amp; Hansel).<\/p>\n<p><iframe loading=\"lazy\" title=\"EL MONO | TR\u00c1ILER\" width=\"640\" height=\"360\" src=\"https:\/\/www.youtube.com\/embed\/Aq2sT4j1nos?feature=oembed\" frameborder=\"0\" allow=\"accelerometer; autoplay; clipboard-write; encrypted-media; gyroscope; picture-in-picture; web-share\" referrerpolicy=\"strict-origin-when-cross-origin\" allowfullscreen><\/iframe><\/p>\n<p>&nbsp;<\/p>\n<p>&nbsp;<\/p>\n<p>&nbsp;<\/p>\n<p>&nbsp;<\/p>\n<p><strong>\u2022 Oshi No Ko El \u00daltimo Acto<\/strong><br \/>\nMadness Entertainment \/ Cin\u00e9polis +QUE Cine<!--\/data\/user\/0\/com.samsung.android.app.notes\/files\/clipdata\/clipdata_bodytext_250220_115935_461.sdocx--><\/p>\n<p><img loading=\"lazy\" decoding=\"async\" class=\"alignnone size-full wp-image-11056\" src=\"http:\/\/moviecrazyplanet.com\/wp-content\/uploads\/2025\/01\/Oshi-no-Ko-The-Final-Act.jpg\" alt=\"\" width=\"737\" height=\"1000\" srcset=\"https:\/\/moviecrazyplanet.com\/wp-content\/uploads\/2025\/01\/Oshi-no-Ko-The-Final-Act.jpg 737w, https:\/\/moviecrazyplanet.com\/wp-content\/uploads\/2025\/01\/Oshi-no-Ko-The-Final-Act-221x300.jpg 221w\" sizes=\"auto, (max-width: 737px) 100vw, 737px\" \/><\/p>\n<p>En Oshi no Ko: The Final Act, la b\u00fasqueda de venganza de Aqua Hoshino alcanza su cl\u00edmax mientras secretos del pasado y traiciones salen a la luz. Dividido entre hacer justicia y proteger el legado de su madre Ai, Aqua se enfrenta a las sombras del despiadado mundo del entretenimiento. Mientras tanto, Ruby brilla como estrella, pero su \u00e9xito oculta heridas profundas. Cuando sus caminos se cruzan en una revelaci\u00f3n que sacude la industria, deber\u00e1n elegir: \u00bfdestruir la oscuridad que los une o dejar que los consuma? Un final impactante lleno de drama, giros y emociones desgarradoras.<\/p>\n<p><iframe loading=\"lazy\" title=\"OSHI NO KO - El \u00faltimo acto - Trailer subtitulado\" width=\"640\" height=\"360\" src=\"https:\/\/www.youtube.com\/embed\/DcTC5v8lXF8?feature=oembed\" frameborder=\"0\" allow=\"accelerometer; autoplay; clipboard-write; encrypted-media; gyroscope; picture-in-picture; web-share\" referrerpolicy=\"strict-origin-when-cross-origin\" allowfullscreen><\/iframe><\/p>\n<blockquote class=\"wp-embedded-content\" data-secret=\"bjrR81Iljg\"><p><a href=\"https:\/\/moviecrazyplanet.com\/?p=11053\">Oshi no Ko: El \u00daltimo Acto, un impactante desenlace en pantalla grande<\/a><\/p><\/blockquote>\n<p><iframe loading=\"lazy\" class=\"wp-embedded-content\" sandbox=\"allow-scripts\" security=\"restricted\" style=\"position: absolute; visibility: hidden;\" title=\"\u00abOshi no Ko: El \u00daltimo Acto, un impactante desenlace en pantalla grande\u00bb \u2014 M C P\" src=\"https:\/\/moviecrazyplanet.com\/?p=11053&#038;embed=true#?secret=T623qeL4eY#?secret=bjrR81Iljg\" data-secret=\"bjrR81Iljg\" width=\"600\" height=\"338\" frameborder=\"0\" marginwidth=\"0\" marginheight=\"0\" scrolling=\"no\"><\/iframe><\/p>\n<p>&nbsp;<\/p>\n<p>&nbsp;<\/p>\n<p>&nbsp;<\/p>\n<p>&nbsp;<\/p>\n<p>\u2022 <strong>Red Velvet Happiness Diary: My Dear, ReVe1uv en cines<\/strong><br \/>\nCin\u00e9polis +QUE Cine<\/p>\n<p><img loading=\"lazy\" decoding=\"async\" class=\"alignnone size-full wp-image-11907\" src=\"http:\/\/moviecrazyplanet.com\/wp-content\/uploads\/2025\/02\/Red-Velvet-Happiness-Diary--scaled.jpeg\" alt=\"\" width=\"1793\" height=\"2560\" srcset=\"https:\/\/moviecrazyplanet.com\/wp-content\/uploads\/2025\/02\/Red-Velvet-Happiness-Diary--scaled.jpeg 1793w, https:\/\/moviecrazyplanet.com\/wp-content\/uploads\/2025\/02\/Red-Velvet-Happiness-Diary--210x300.jpeg 210w, https:\/\/moviecrazyplanet.com\/wp-content\/uploads\/2025\/02\/Red-Velvet-Happiness-Diary--717x1024.jpeg 717w, https:\/\/moviecrazyplanet.com\/wp-content\/uploads\/2025\/02\/Red-Velvet-Happiness-Diary--768x1097.jpeg 768w, https:\/\/moviecrazyplanet.com\/wp-content\/uploads\/2025\/02\/Red-Velvet-Happiness-Diary--1076x1536.jpeg 1076w, https:\/\/moviecrazyplanet.com\/wp-content\/uploads\/2025\/02\/Red-Velvet-Happiness-Diary--1434x2048.jpeg 1434w, https:\/\/moviecrazyplanet.com\/wp-content\/uploads\/2025\/02\/Red-Velvet-Happiness-Diary--1024x1462.jpeg 1024w\" sizes=\"auto, (max-width: 1793px) 100vw, 1793px\" \/><\/p>\n<p>\u00a1Celebra el 10.\u00ba aniversario de Red Velvet con una pel\u00edcula llena de recuerdos y momentos especiales del 2024 Red Velvet FANCON TOUR HAPPINESS : My Dear, ReVe1uv! \u00a1La fant\u00e1stica m\u00fasica e historias de Red Velvet cobran vida en la pantalla grande! Desde su tema debut \u00abHappiness\u00bb hasta \u00e9xitos atemporales como \u00abIce Cream Cake\u00bb, \u00abRed Flavor\u00bb, \u00abPsycho\u00bb, \u00abFeel My Rhythm\u00bb y \u00abCosmic\u00bb, Red Velvet ha consolidado su lugar como un artista ic\u00f3nico que crea canciones inolvidables que trascienden el tiempo. Disfruta de las deslumbrantes presentaciones en vivo del 2024 Red Velvet FANCON TOUR HAPPINESS : My Dear, ReVe1uv en SE\u00daL, junto con historias detr\u00e1s de escena contadas directamente por las integrantes, sobre la m\u00fasica y los momentos especiales que han creado en los \u00faltimos 10 a\u00f1os.<\/p>\n<p><iframe loading=\"lazy\" title=\"RED VELVET HAPPINESS DIARY: QUERIDO, REVE1UV EN CINES | TR\u00c1ILER\" width=\"640\" height=\"360\" src=\"https:\/\/www.youtube.com\/embed\/BboyV91km_A?feature=oembed\" frameborder=\"0\" allow=\"accelerometer; autoplay; clipboard-write; encrypted-media; gyroscope; picture-in-picture; web-share\" referrerpolicy=\"strict-origin-when-cross-origin\" allowfullscreen><\/iframe><\/p>\n<p>&nbsp;<\/p>\n<p>&nbsp;<\/p>\n<p>&nbsp;<\/p>\n<p><strong>\u2022 En Escena: La Boh\u00e8me<\/strong><br \/>\nCinemex<\/p>\n<p><img loading=\"lazy\" decoding=\"async\" class=\"alignnone size-full wp-image-11905\" src=\"http:\/\/moviecrazyplanet.com\/wp-content\/uploads\/2025\/02\/En-Escena-La-Boheme.jpg\" alt=\"\" width=\"360\" height=\"540\" srcset=\"https:\/\/moviecrazyplanet.com\/wp-content\/uploads\/2025\/02\/En-Escena-La-Boheme.jpg 360w, https:\/\/moviecrazyplanet.com\/wp-content\/uploads\/2025\/02\/En-Escena-La-Boheme-200x300.jpg 200w\" sizes=\"auto, (max-width: 360px) 100vw, 360px\" \/><\/p>\n<p>La Boh\u00e8me nos muestra las aventuras y desventuras de cuatro j\u00f3venes bohemios que viven juntos en una buhardilla: el pintor Marcello el poeta Rodolfo, el fil\u00f3sofo Colline y el m\u00fasico Schaunard, quienes tienen que soportar los caprichos de su vecina Mimi y los esc\u00e1ndalos de su amiga Musetta.<\/p>\n<p><iframe loading=\"lazy\" title=\"La boh\u00e8me, de Giacomo Puccini | Teatro Real 200 a\u00f1os 17\/18\" width=\"640\" height=\"360\" src=\"https:\/\/www.youtube.com\/embed\/2HFdQBLp-X8?feature=oembed\" frameborder=\"0\" allow=\"accelerometer; autoplay; clipboard-write; encrypted-media; gyroscope; picture-in-picture; web-share\" referrerpolicy=\"strict-origin-when-cross-origin\" allowfullscreen><\/iframe><\/p>\n<p>&nbsp;<\/p>\n<p>&nbsp;<\/p>\n<p>&nbsp;<\/p>\n<p><strong>\u2022 El Viaje de Chihiro\u00a0<\/strong>&#8211; (ReEstreno)<br \/>\nCinemex<\/p>\n<p><img loading=\"lazy\" decoding=\"async\" class=\"alignnone size-full wp-image-11904\" src=\"http:\/\/moviecrazyplanet.com\/wp-content\/uploads\/2025\/02\/El-Viaje-de-Chihiro.jpg\" alt=\"\" width=\"1200\" height=\"1600\" srcset=\"https:\/\/moviecrazyplanet.com\/wp-content\/uploads\/2025\/02\/El-Viaje-de-Chihiro.jpg 1200w, https:\/\/moviecrazyplanet.com\/wp-content\/uploads\/2025\/02\/El-Viaje-de-Chihiro-225x300.jpg 225w, https:\/\/moviecrazyplanet.com\/wp-content\/uploads\/2025\/02\/El-Viaje-de-Chihiro-768x1024.jpg 768w, https:\/\/moviecrazyplanet.com\/wp-content\/uploads\/2025\/02\/El-Viaje-de-Chihiro-1152x1536.jpg 1152w, https:\/\/moviecrazyplanet.com\/wp-content\/uploads\/2025\/02\/El-Viaje-de-Chihiro-1024x1365.jpg 1024w\" sizes=\"auto, (max-width: 1200px) 100vw, 1200px\" \/><\/p>\n<p>Chihiro es una ni\u00f1a de diez a\u00f1os que viaja en coche con sus padres. Despu\u00e9s de atravesar un t\u00fanel, llegan a un mundo fant\u00e1stico en el que solo hay lugar para los dioses de primera y segunda clase. Cuando descubre que sus padres han sido convertidos en cerdos Chihiro inicia una aventura para salvarlos Y volver a la normalidad, a pesar de sentirse sola y asustada.<\/p>\n<p><iframe loading=\"lazy\" title=\"EL VIAJE DE CHIHIRO - Tr\u00e1iler Espa\u00f1ol | HD\" width=\"640\" height=\"360\" src=\"https:\/\/www.youtube.com\/embed\/5Fgq4Osh6XQ?feature=oembed\" frameborder=\"0\" allow=\"accelerometer; autoplay; clipboard-write; encrypted-media; gyroscope; picture-in-picture; web-share\" referrerpolicy=\"strict-origin-when-cross-origin\" allowfullscreen><\/iframe><\/p>\n<p>&nbsp;<\/p>\n<p>&nbsp;<\/p>\n<p>&nbsp;<\/p>\n<p>&nbsp;<\/p>\n<p>\u2022 <strong>Guten Tag Ram\u00f3n<\/strong> ( ReEstreno 10\u00b0 Aniversario)<br \/>\nCin\u00e9polis +QUE Cine<\/p>\n<p><img loading=\"lazy\" decoding=\"async\" class=\"alignnone size-full wp-image-11906\" src=\"http:\/\/moviecrazyplanet.com\/wp-content\/uploads\/2025\/02\/Guten-Tag-Ramon-scaled.jpeg\" alt=\"\" width=\"1792\" height=\"2560\" srcset=\"https:\/\/moviecrazyplanet.com\/wp-content\/uploads\/2025\/02\/Guten-Tag-Ramon-scaled.jpeg 1792w, https:\/\/moviecrazyplanet.com\/wp-content\/uploads\/2025\/02\/Guten-Tag-Ramon-210x300.jpeg 210w, https:\/\/moviecrazyplanet.com\/wp-content\/uploads\/2025\/02\/Guten-Tag-Ramon-717x1024.jpeg 717w, https:\/\/moviecrazyplanet.com\/wp-content\/uploads\/2025\/02\/Guten-Tag-Ramon-768x1097.jpeg 768w, https:\/\/moviecrazyplanet.com\/wp-content\/uploads\/2025\/02\/Guten-Tag-Ramon-1075x1536.jpeg 1075w, https:\/\/moviecrazyplanet.com\/wp-content\/uploads\/2025\/02\/Guten-Tag-Ramon-1434x2048.jpeg 1434w, https:\/\/moviecrazyplanet.com\/wp-content\/uploads\/2025\/02\/Guten-Tag-Ramon-1024x1463.jpeg 1024w\" sizes=\"auto, (max-width: 1792px) 100vw, 1792px\" \/><\/p>\n<p>Ram\u00f3n, un joven de una rancher\u00eda del norte del pa\u00eds, harto de cruzar la frontera de Estados Unidos y ser siempre detenido, decide buscar a la t\u00eda de un amigo en Alemania. Pero al llegar no encuentra a la t\u00eda. Sin dinero, sin papeles y sin hablar otro idioma m\u00e1s que el suyo, sobrevive en las calles hasta que conoce a Ruth, una solitaria enfermera jubilada, quien le ofrece apoyo. Utilizando el lenguaje universal de la solidaridad, ambos se ayudan mutuamente.<\/p>\n<p><iframe loading=\"lazy\" title=\"GUTEN TAG RAM\u00d3N | REESTRENO | TR\u00c1ILER\" width=\"640\" height=\"360\" src=\"https:\/\/www.youtube.com\/embed\/W3vw8J-6Izc?feature=oembed\" frameborder=\"0\" allow=\"accelerometer; autoplay; clipboard-write; encrypted-media; gyroscope; picture-in-picture; web-share\" referrerpolicy=\"strict-origin-when-cross-origin\" allowfullscreen><\/iframe><\/p>\n<p>&nbsp;<\/p>\n<p>&nbsp;<\/p>\n<p>&nbsp;<\/p>\n<p>&nbsp;<\/p>\n<p><strong>\u2022 Nosotros los de la Fe\u00a0<\/strong>(ReEstreno)<br \/>\nCanzion Films<\/p>\n<p><img loading=\"lazy\" decoding=\"async\" class=\"alignnone size-full wp-image-11908\" src=\"http:\/\/moviecrazyplanet.com\/wp-content\/uploads\/2025\/02\/Nosotros-los-de-la-Fe.jpg\" alt=\"\" width=\"1080\" height=\"1590\" srcset=\"https:\/\/moviecrazyplanet.com\/wp-content\/uploads\/2025\/02\/Nosotros-los-de-la-Fe.jpg 1080w, https:\/\/moviecrazyplanet.com\/wp-content\/uploads\/2025\/02\/Nosotros-los-de-la-Fe-204x300.jpg 204w, https:\/\/moviecrazyplanet.com\/wp-content\/uploads\/2025\/02\/Nosotros-los-de-la-Fe-696x1024.jpg 696w, https:\/\/moviecrazyplanet.com\/wp-content\/uploads\/2025\/02\/Nosotros-los-de-la-Fe-768x1131.jpg 768w, https:\/\/moviecrazyplanet.com\/wp-content\/uploads\/2025\/02\/Nosotros-los-de-la-Fe-1043x1536.jpg 1043w, https:\/\/moviecrazyplanet.com\/wp-content\/uploads\/2025\/02\/Nosotros-los-de-la-Fe-1024x1508.jpg 1024w\" sizes=\"auto, (max-width: 1080px) 100vw, 1080px\" \/><\/p>\n<p>Nosotros, los De la Fe, una divertida comedia de enredos sobre la vida y conflictos de una familia de creyentes y su interacci\u00f3n con personas que no creen ni ven la vida como ellos, con un poderoso mensaje de redenci\u00f3n, unidad y el amor incondicional de Dios.<\/p>\n<p><iframe loading=\"lazy\" title=\"Nosotros, los De la Fe - Trailer oficial  Estreno en cines de Bolivia el 15 de mayo, 2025\" width=\"640\" height=\"360\" src=\"https:\/\/www.youtube.com\/embed\/GNyGAXnun0k?feature=oembed\" frameborder=\"0\" allow=\"accelerometer; autoplay; clipboard-write; encrypted-media; gyroscope; picture-in-picture; web-share\" referrerpolicy=\"strict-origin-when-cross-origin\" allowfullscreen><\/iframe><\/p>\n<p>&nbsp;<\/p>\n<p>&nbsp;<\/p>\n<p>&nbsp;<\/p>\n<p>\u2022 <strong>Box Beterbiev vs Bivol 2 | Dubois vs. Parker<\/strong><br \/>\nCinemex<!--\/data\/user\/0\/com.samsung.android.app.notes\/files\/clipdata\/clipdata_bodytext_250220_124329_279.sdocx--><\/p>\n<p><img loading=\"lazy\" decoding=\"async\" class=\"size-full wp-image-11913 aligncenter\" src=\"http:\/\/moviecrazyplanet.com\/wp-content\/uploads\/2025\/02\/Beterbiev-vs-Bivol-2-y-Dubois-vs.-Parker.jpg\" alt=\"\" width=\"338\" height=\"420\" srcset=\"https:\/\/moviecrazyplanet.com\/wp-content\/uploads\/2025\/02\/Beterbiev-vs-Bivol-2-y-Dubois-vs.-Parker.jpg 338w, https:\/\/moviecrazyplanet.com\/wp-content\/uploads\/2025\/02\/Beterbiev-vs-Bivol-2-y-Dubois-vs.-Parker-241x300.jpg 241w\" sizes=\"auto, (max-width: 338px) 100vw, 338px\" \/><\/p>\n<p><iframe loading=\"lazy\" title=\"Artur Beterbiev vs Dmitry Bivol 2 LIVE Press Conference | Light-Heavyweight UNDISPUTED #RiyadhSeason\" width=\"640\" height=\"480\" src=\"https:\/\/www.youtube.com\/embed\/59J6nRujgV8?feature=oembed\" frameborder=\"0\" allow=\"accelerometer; autoplay; clipboard-write; encrypted-media; gyroscope; picture-in-picture; web-share\" referrerpolicy=\"strict-origin-when-cross-origin\" allowfullscreen><\/iframe><\/p>\n<p>Consulta cartelera de tu cine favorito.<\/p>\n<p>&nbsp;<\/p>\n<p>Si tu estreno no se encuentra en nuestra cartelera, por favor cont\u00e1ctanos en moviecrazyplanet@gmail.com<\/p>\n","protected":false},"excerpt":{"rendered":"<p>Estrenos en cines jueves 20 de febrero de 2025 &nbsp; &nbsp; \u2022 Memorias de un Caracol Canibal Grace es una ni\u00f1a solitaria por un amor por los caracoles y un intenso amor por los libros. A una edad temprana, cuando se separa de su hermano gemelo Gilbert, que escupe fuego, cae en una gran tristeza. [&hellip;]<\/p>\n","protected":false},"author":2,"featured_media":11914,"comment_status":"open","ping_status":"open","sticky":false,"template":"","format":"standard","meta":{"footnotes":""},"categories":[68],"tags":[],"class_list":["post-11901","post","type-post","status-publish","format-standard","has-post-thumbnail","hentry","category-estrenos"],"_links":{"self":[{"href":"https:\/\/moviecrazyplanet.com\/index.php?rest_route=\/wp\/v2\/posts\/11901","targetHints":{"allow":["GET"]}}],"collection":[{"href":"https:\/\/moviecrazyplanet.com\/index.php?rest_route=\/wp\/v2\/posts"}],"about":[{"href":"https:\/\/moviecrazyplanet.com\/index.php?rest_route=\/wp\/v2\/types\/post"}],"author":[{"embeddable":true,"href":"https:\/\/moviecrazyplanet.com\/index.php?rest_route=\/wp\/v2\/users\/2"}],"replies":[{"embeddable":true,"href":"https:\/\/moviecrazyplanet.com\/index.php?rest_route=%2Fwp%2Fv2%2Fcomments&post=11901"}],"version-history":[{"count":4,"href":"https:\/\/moviecrazyplanet.com\/index.php?rest_route=\/wp\/v2\/posts\/11901\/revisions"}],"predecessor-version":[{"id":11918,"href":"https:\/\/moviecrazyplanet.com\/index.php?rest_route=\/wp\/v2\/posts\/11901\/revisions\/11918"}],"wp:featuredmedia":[{"embeddable":true,"href":"https:\/\/moviecrazyplanet.com\/index.php?rest_route=\/wp\/v2\/media\/11914"}],"wp:attachment":[{"href":"https:\/\/moviecrazyplanet.com\/index.php?rest_route=%2Fwp%2Fv2%2Fmedia&parent=11901"}],"wp:term":[{"taxonomy":"category","embeddable":true,"href":"https:\/\/moviecrazyplanet.com\/index.php?rest_route=%2Fwp%2Fv2%2Fcategories&post=11901"},{"taxonomy":"post_tag","embeddable":true,"href":"https:\/\/moviecrazyplanet.com\/index.php?rest_route=%2Fwp%2Fv2%2Ftags&post=11901"}],"curies":[{"name":"wp","href":"https:\/\/api.w.org\/{rel}","templated":true}]}}