{"id":12291,"date":"2025-03-20T22:04:22","date_gmt":"2025-03-21T04:04:22","guid":{"rendered":"https:\/\/moviecrazyplanet.com\/?p=12291"},"modified":"2025-03-20T22:04:22","modified_gmt":"2025-03-21T04:04:22","slug":"seth-rogen-luchara-por-mantener-las-peliculas-vivas-y-relevantes-en-el-estudio","status":"publish","type":"post","link":"https:\/\/moviecrazyplanet.com\/?p=12291","title":{"rendered":"Seth Rogen luchar\u00e1 por mantener las pel\u00edculas vivas y relevantes en El Estudio"},"content":{"rendered":"<p dir=\"ltr\">Hollywood cuenta su propia historia.<\/p>\n<p><strong>El Estudio<\/strong>, la nueva comedia de <strong>10 episodios<\/strong> de media hora protagonizada por <strong>Seth Rogen<\/strong>, quien tambi\u00e9n se desempe\u00f1a como escritor, director y productor ejecutivo junto al nominado al premio Emmy <strong>Evan Goldberg<\/strong>, debutar\u00e1 globalmente en <strong>Apple TV+<\/strong> con los primeros dos episodios el <strong>mi\u00e9rcoles 26 de marzo<\/strong>, seguidos de un episodio cada mi\u00e9rcoles hasta el <strong>21 de mayo<\/strong>.<\/p>\n<p><a href=\"https:\/\/tv.apple.com\/us\/show\/el-estudio\/umc.cmc.7518algxc4lsoobtsx30dqb52?l=es-ES\" target=\"_blank\" rel=\"noopener\"><img loading=\"lazy\" decoding=\"async\" class=\"alignnone size-full wp-image-12300\" src=\"http:\/\/moviecrazyplanet.com\/wp-content\/uploads\/2025\/03\/The-Estudio-001.jpg\" alt=\"\" width=\"1079\" height=\"586\" srcset=\"https:\/\/moviecrazyplanet.com\/wp-content\/uploads\/2025\/03\/The-Estudio-001.jpg 1079w, https:\/\/moviecrazyplanet.com\/wp-content\/uploads\/2025\/03\/The-Estudio-001-300x163.jpg 300w, https:\/\/moviecrazyplanet.com\/wp-content\/uploads\/2025\/03\/The-Estudio-001-1024x556.jpg 1024w, https:\/\/moviecrazyplanet.com\/wp-content\/uploads\/2025\/03\/The-Estudio-001-768x417.jpg 768w\" sizes=\"auto, (max-width: 1079px) 100vw, 1079px\" \/><\/a><\/p>\n<p>El elenco formado por <strong>Seth Rogen<\/strong>, <strong>Catherine O\u2019Hara<\/strong>, <strong>Kathryn Hahn<\/strong>, <strong>Ike Barinholtz<\/strong>, <strong>Chase Sui Wonders<\/strong>, las estrellas invitadas <strong>Dewayne Perkins<\/strong> y <strong>Jessica Clements<\/strong>, los creadores <strong>Evan Goldberg<\/strong>, <strong>Peter Huyck<\/strong> y <strong>Alex Gregory<\/strong>, <strong>Frida P\u00e9rez<\/strong> y el productor ejecutivo <strong>James Weaver<\/strong> estuvieron presentes en la alfombra roja del estreno mundial de \u201c<strong>El Estudio<\/strong>\u201d en el <strong>Teatro Paramount de Austin, Texas<\/strong>, durante la noche inaugural del <strong>Festival de Cine y Televisi\u00f3n<\/strong> <strong>SXSW<\/strong>.<\/p>\n<p><a href=\"https:\/\/tv.apple.com\/us\/show\/el-estudio\/umc.cmc.7518algxc4lsoobtsx30dqb52?l=es-ES\" target=\"_blank\" rel=\"noopener\"><img loading=\"lazy\" decoding=\"async\" class=\"alignnone size-full wp-image-12301\" src=\"http:\/\/moviecrazyplanet.com\/wp-content\/uploads\/2025\/03\/The-Estudio-002.jpg\" alt=\"\" width=\"1080\" height=\"574\" srcset=\"https:\/\/moviecrazyplanet.com\/wp-content\/uploads\/2025\/03\/The-Estudio-002.jpg 1080w, https:\/\/moviecrazyplanet.com\/wp-content\/uploads\/2025\/03\/The-Estudio-002-300x159.jpg 300w, https:\/\/moviecrazyplanet.com\/wp-content\/uploads\/2025\/03\/The-Estudio-002-1024x544.jpg 1024w, https:\/\/moviecrazyplanet.com\/wp-content\/uploads\/2025\/03\/The-Estudio-002-768x408.jpg 768w\" sizes=\"auto, (max-width: 1080px) 100vw, 1080px\" \/><\/a><\/p>\n<p>En \u201c<strong>El Estudio<\/strong>\u201d <strong>Seth Rogen<\/strong> interpreta a <strong>Matt Remick<\/strong>, el reci\u00e9n nombrado director de los atribulados <strong>Continental Studios<\/strong>. Mientras las pel\u00edculas luchan por mantenerse vivas y relevantes, <strong>Matt<\/strong> y su equipo central de ejecutivos en pugna luchan contra sus propias inseguridades mientras lidian con artistas narcisistas y cobardes se\u00f1ores corporativos en la siempre esquiva b\u00fasqueda de hacer grandes pel\u00edculas. Con sus poderosos trajes enmascarando su interminable sensaci\u00f3n de p\u00e1nico, cada fiesta, visita al set, decisi\u00f3n de casting, reuni\u00f3n de marketing y entrega de premios les presenta una oportunidad de \u00e9xito brillante o de una cat\u00e1strofe que acabe con su carrera. Como alguien que come, duerme y respira pel\u00edculas, es el trabajo que <strong>Matt<\/strong> ha estado persiguiendo toda su vida, y muy bien podr\u00eda destruirlo.<\/p>\n<p><a href=\"https:\/\/tv.apple.com\/us\/show\/el-estudio\/umc.cmc.7518algxc4lsoobtsx30dqb52?l=es-ES\" target=\"_blank\" rel=\"noopener\"><img loading=\"lazy\" decoding=\"async\" class=\"alignnone size-full wp-image-12302\" src=\"http:\/\/moviecrazyplanet.com\/wp-content\/uploads\/2025\/03\/The-Estudio-003.jpg\" alt=\"\" width=\"1080\" height=\"575\" srcset=\"https:\/\/moviecrazyplanet.com\/wp-content\/uploads\/2025\/03\/The-Estudio-003.jpg 1080w, https:\/\/moviecrazyplanet.com\/wp-content\/uploads\/2025\/03\/The-Estudio-003-300x160.jpg 300w, https:\/\/moviecrazyplanet.com\/wp-content\/uploads\/2025\/03\/The-Estudio-003-1024x545.jpg 1024w, https:\/\/moviecrazyplanet.com\/wp-content\/uploads\/2025\/03\/The-Estudio-003-768x409.jpg 768w\" sizes=\"auto, (max-width: 1080px) 100vw, 1080px\" \/><\/a><\/p>\n<p>\u201c<strong>El Estudio<\/strong>\u201d re\u00fane a un elenco repleto de estrellas que tambi\u00e9n incluye a la ganadora del Emmy, SAG y Globo de Oro <strong>Catherine O\u2019Hara<\/strong>, la nominada al premio <strong>Emmy Kathryn Hahn<\/strong>, <strong>Ike Barinholtz<\/strong> y <strong>Chase Sui Wonders<\/strong>. El nominado al Premio de la Academia y ganador del Premio Emmy <strong>Bryan Cranston<\/strong>, <strong>Keyla Monterroso Mejia<\/strong> y <strong>Dewayne Perkins<\/strong> aparecer\u00e1n como importantes estrellas invitadas recurrentes.<\/p>\n<p><a href=\"https:\/\/tv.apple.com\/us\/show\/el-estudio\/umc.cmc.7518algxc4lsoobtsx30dqb52?l=es-ES\" target=\"_blank\" rel=\"noopener\"><img loading=\"lazy\" decoding=\"async\" class=\"alignnone size-full wp-image-12294\" src=\"http:\/\/moviecrazyplanet.com\/wp-content\/uploads\/2025\/03\/The-Studio-poster-003.jpg\" alt=\"\" width=\"1080\" height=\"1346\" srcset=\"https:\/\/moviecrazyplanet.com\/wp-content\/uploads\/2025\/03\/The-Studio-poster-003.jpg 1080w, https:\/\/moviecrazyplanet.com\/wp-content\/uploads\/2025\/03\/The-Studio-poster-003-241x300.jpg 241w, https:\/\/moviecrazyplanet.com\/wp-content\/uploads\/2025\/03\/The-Studio-poster-003-822x1024.jpg 822w, https:\/\/moviecrazyplanet.com\/wp-content\/uploads\/2025\/03\/The-Studio-poster-003-768x957.jpg 768w, https:\/\/moviecrazyplanet.com\/wp-content\/uploads\/2025\/03\/The-Studio-poster-003-1024x1276.jpg 1024w\" sizes=\"auto, (max-width: 1080px) 100vw, 1080px\" \/><\/a><\/p>\n<p dir=\"ltr\">En \u201c<strong>El Estudio<\/strong>\u201d, <strong>Seth Rogen<\/strong> interpreta a un director reci\u00e9n ascendido en un estudio cinematogr\u00e1fico. Desesperado por la aprobaci\u00f3n de las celebridades, \u00e9l y su equipo de ejecutivos de <strong>Estudios Continental<\/strong> deben equilibrar las exigencias corporativas y las ambiciones creativas mientras luchan por mantener las pel\u00edculas vivas y relevantes.<\/p>\n<p><a href=\"https:\/\/tv.apple.com\/us\/show\/el-estudio\/umc.cmc.7518algxc4lsoobtsx30dqb52?l=es-ES\" target=\"_blank\" rel=\"noopener\"><img loading=\"lazy\" decoding=\"async\" class=\"alignnone size-full wp-image-12298\" src=\"http:\/\/moviecrazyplanet.com\/wp-content\/uploads\/2025\/03\/The-Studio-poster-007.jpg\" alt=\"\" width=\"1080\" height=\"1346\" srcset=\"https:\/\/moviecrazyplanet.com\/wp-content\/uploads\/2025\/03\/The-Studio-poster-007.jpg 1080w, https:\/\/moviecrazyplanet.com\/wp-content\/uploads\/2025\/03\/The-Studio-poster-007-241x300.jpg 241w, https:\/\/moviecrazyplanet.com\/wp-content\/uploads\/2025\/03\/The-Studio-poster-007-822x1024.jpg 822w, https:\/\/moviecrazyplanet.com\/wp-content\/uploads\/2025\/03\/The-Studio-poster-007-768x957.jpg 768w, https:\/\/moviecrazyplanet.com\/wp-content\/uploads\/2025\/03\/The-Studio-poster-007-1024x1276.jpg 1024w\" sizes=\"auto, (max-width: 1080px) 100vw, 1080px\" \/><\/a><\/p>\n<p><a href=\"https:\/\/tv.apple.com\/us\/show\/el-estudio\/umc.cmc.7518algxc4lsoobtsx30dqb52?l=es-ES\" target=\"_blank\" rel=\"noopener\"><img loading=\"lazy\" decoding=\"async\" class=\"alignnone size-full wp-image-12299\" src=\"http:\/\/moviecrazyplanet.com\/wp-content\/uploads\/2025\/03\/The-Studio-poster-008.jpg\" alt=\"\" width=\"1080\" height=\"1346\" srcset=\"https:\/\/moviecrazyplanet.com\/wp-content\/uploads\/2025\/03\/The-Studio-poster-008.jpg 1080w, https:\/\/moviecrazyplanet.com\/wp-content\/uploads\/2025\/03\/The-Studio-poster-008-241x300.jpg 241w, https:\/\/moviecrazyplanet.com\/wp-content\/uploads\/2025\/03\/The-Studio-poster-008-822x1024.jpg 822w, https:\/\/moviecrazyplanet.com\/wp-content\/uploads\/2025\/03\/The-Studio-poster-008-768x957.jpg 768w, https:\/\/moviecrazyplanet.com\/wp-content\/uploads\/2025\/03\/The-Studio-poster-008-1024x1276.jpg 1024w\" sizes=\"auto, (max-width: 1080px) 100vw, 1080px\" \/><\/a><\/p>\n<p><a href=\"https:\/\/tv.apple.com\/us\/show\/el-estudio\/umc.cmc.7518algxc4lsoobtsx30dqb52?l=es-ES\" target=\"_blank\" rel=\"noopener\"><img loading=\"lazy\" decoding=\"async\" class=\"alignnone size-full wp-image-12295\" src=\"http:\/\/moviecrazyplanet.com\/wp-content\/uploads\/2025\/03\/The-Studio-poster-004.jpg\" alt=\"\" width=\"1080\" height=\"1346\" srcset=\"https:\/\/moviecrazyplanet.com\/wp-content\/uploads\/2025\/03\/The-Studio-poster-004.jpg 1080w, https:\/\/moviecrazyplanet.com\/wp-content\/uploads\/2025\/03\/The-Studio-poster-004-241x300.jpg 241w, https:\/\/moviecrazyplanet.com\/wp-content\/uploads\/2025\/03\/The-Studio-poster-004-822x1024.jpg 822w, https:\/\/moviecrazyplanet.com\/wp-content\/uploads\/2025\/03\/The-Studio-poster-004-768x957.jpg 768w, https:\/\/moviecrazyplanet.com\/wp-content\/uploads\/2025\/03\/The-Studio-poster-004-1024x1276.jpg 1024w\" sizes=\"auto, (max-width: 1080px) 100vw, 1080px\" \/><\/a><\/p>\n<p><a href=\"https:\/\/tv.apple.com\/us\/show\/el-estudio\/umc.cmc.7518algxc4lsoobtsx30dqb52?l=es-ES\" target=\"_blank\" rel=\"noopener\"><img loading=\"lazy\" decoding=\"async\" class=\"alignnone size-full wp-image-12296\" src=\"http:\/\/moviecrazyplanet.com\/wp-content\/uploads\/2025\/03\/The-Studio-poster-005.jpg\" alt=\"\" width=\"1080\" height=\"1346\" srcset=\"https:\/\/moviecrazyplanet.com\/wp-content\/uploads\/2025\/03\/The-Studio-poster-005.jpg 1080w, https:\/\/moviecrazyplanet.com\/wp-content\/uploads\/2025\/03\/The-Studio-poster-005-241x300.jpg 241w, https:\/\/moviecrazyplanet.com\/wp-content\/uploads\/2025\/03\/The-Studio-poster-005-822x1024.jpg 822w, https:\/\/moviecrazyplanet.com\/wp-content\/uploads\/2025\/03\/The-Studio-poster-005-768x957.jpg 768w, https:\/\/moviecrazyplanet.com\/wp-content\/uploads\/2025\/03\/The-Studio-poster-005-1024x1276.jpg 1024w\" sizes=\"auto, (max-width: 1080px) 100vw, 1080px\" \/><\/a><\/p>\n<p><a href=\"https:\/\/tv.apple.com\/us\/show\/el-estudio\/umc.cmc.7518algxc4lsoobtsx30dqb52?l=es-ES\" target=\"_blank\" rel=\"noopener\"><img loading=\"lazy\" decoding=\"async\" class=\"alignnone size-full wp-image-12297\" src=\"http:\/\/moviecrazyplanet.com\/wp-content\/uploads\/2025\/03\/The-Studio-poster-006.jpg\" alt=\"\" width=\"1080\" height=\"1346\" srcset=\"https:\/\/moviecrazyplanet.com\/wp-content\/uploads\/2025\/03\/The-Studio-poster-006.jpg 1080w, https:\/\/moviecrazyplanet.com\/wp-content\/uploads\/2025\/03\/The-Studio-poster-006-241x300.jpg 241w, https:\/\/moviecrazyplanet.com\/wp-content\/uploads\/2025\/03\/The-Studio-poster-006-822x1024.jpg 822w, https:\/\/moviecrazyplanet.com\/wp-content\/uploads\/2025\/03\/The-Studio-poster-006-768x957.jpg 768w, https:\/\/moviecrazyplanet.com\/wp-content\/uploads\/2025\/03\/The-Studio-poster-006-1024x1276.jpg 1024w\" sizes=\"auto, (max-width: 1080px) 100vw, 1080px\" \/><\/a><\/p>\n<p>\u201c<strong>El Estudio<\/strong>\u201d de <strong>Lionsgate Television<\/strong>, es una creaci\u00f3n de los ganadores de varios premios Emmy <strong>Peter Huyck<\/strong> y <strong>Alex Gregory<\/strong> junto con <strong>Rogen<\/strong>, <strong>Goldberg<\/strong> y <strong>Frida P\u00e9rez<\/strong>. <strong>James Weaver<\/strong>, <strong>Alex McAtee<\/strong> y <strong>Josh Fagen<\/strong> de <strong>Point Grey Pictures<\/strong> tambi\u00e9n son productores ejecutivos junto con <strong>Rogen<\/strong> y <strong>Goldberg<\/strong>.<\/p>\n<p><a href=\"https:\/\/tv.apple.com\/us\/show\/el-estudio\/umc.cmc.7518algxc4lsoobtsx30dqb52?l=es-ES\" target=\"_blank\" rel=\"noopener\"><img loading=\"lazy\" decoding=\"async\" class=\"alignnone size-full wp-image-12293\" src=\"http:\/\/moviecrazyplanet.com\/wp-content\/uploads\/2025\/03\/The-Studio-poster-001.jpg\" alt=\"\" width=\"1080\" height=\"1346\" srcset=\"https:\/\/moviecrazyplanet.com\/wp-content\/uploads\/2025\/03\/The-Studio-poster-001.jpg 1080w, https:\/\/moviecrazyplanet.com\/wp-content\/uploads\/2025\/03\/The-Studio-poster-001-241x300.jpg 241w, https:\/\/moviecrazyplanet.com\/wp-content\/uploads\/2025\/03\/The-Studio-poster-001-822x1024.jpg 822w, https:\/\/moviecrazyplanet.com\/wp-content\/uploads\/2025\/03\/The-Studio-poster-001-768x957.jpg 768w, https:\/\/moviecrazyplanet.com\/wp-content\/uploads\/2025\/03\/The-Studio-poster-001-1024x1276.jpg 1024w\" sizes=\"auto, (max-width: 1080px) 100vw, 1080px\" \/><\/a><\/p>\n<p dir=\"ltr\">Este nuevo proyecto marca la m\u00e1s reciente colaboraci\u00f3n entre <strong>Apple TV+<\/strong> y <strong>Seth Rogen<\/strong>.<\/p>\n<p dir=\"ltr\"><img loading=\"lazy\" decoding=\"async\" class=\"alignnone size-full wp-image-12304\" src=\"http:\/\/moviecrazyplanet.com\/wp-content\/uploads\/2025\/03\/The-Studio-poster-002.jpg\" alt=\"\" width=\"1080\" height=\"1346\" srcset=\"https:\/\/moviecrazyplanet.com\/wp-content\/uploads\/2025\/03\/The-Studio-poster-002.jpg 1080w, https:\/\/moviecrazyplanet.com\/wp-content\/uploads\/2025\/03\/The-Studio-poster-002-241x300.jpg 241w, https:\/\/moviecrazyplanet.com\/wp-content\/uploads\/2025\/03\/The-Studio-poster-002-822x1024.jpg 822w, https:\/\/moviecrazyplanet.com\/wp-content\/uploads\/2025\/03\/The-Studio-poster-002-768x957.jpg 768w, https:\/\/moviecrazyplanet.com\/wp-content\/uploads\/2025\/03\/The-Studio-poster-002-1024x1276.jpg 1024w\" sizes=\"auto, (max-width: 1080px) 100vw, 1080px\" \/><\/p>\n<p>\u201c<strong>El Estudio<\/strong>\u201d, la comedia de <strong>10 episodios<\/strong> repleta de estrellas se estrena globalmente <span dir=\"ltr\">el <strong>26 de marzo<\/strong><\/span>\u00a0en <strong>Apple TV+<\/strong>.<\/p>\n<p><iframe loading=\"lazy\" title=\"El estudio \u2014 Tr\u00e1iler oficial | Apple\u00a0TV+\" width=\"640\" height=\"360\" src=\"https:\/\/www.youtube.com\/embed\/DjmEPxeq6FQ?feature=oembed\" frameborder=\"0\" allow=\"accelerometer; autoplay; clipboard-write; encrypted-media; gyroscope; picture-in-picture; web-share\" referrerpolicy=\"strict-origin-when-cross-origin\" allowfullscreen><\/iframe><\/p>\n<p><a href=\"https:\/\/tv.apple.com\/mx\/channel\/tvs.sbd.4000?mttn3pid=Google%20AdWords&amp;mttnagencyid=a5e&amp;mttncc=MX&amp;mttnsiteid=143238&amp;mttnsubad=OMX2019801_1-733070807253-m&amp;mttnsubkw=128853694073_kwd-666377756329_Jis09LAz_&amp;mttnsubplmnt=_adext_\" target=\"_blank\" rel=\"noopener\"><img loading=\"lazy\" decoding=\"async\" class=\"alignnone size-full wp-image-2718\" src=\"http:\/\/moviecrazyplanet.com\/wp-content\/uploads\/2023\/11\/apple-tv.png\" alt=\"\" width=\"1200\" height=\"630\" srcset=\"https:\/\/moviecrazyplanet.com\/wp-content\/uploads\/2023\/11\/apple-tv.png 1200w, https:\/\/moviecrazyplanet.com\/wp-content\/uploads\/2023\/11\/apple-tv-300x158.png 300w, https:\/\/moviecrazyplanet.com\/wp-content\/uploads\/2023\/11\/apple-tv-1024x538.png 1024w, https:\/\/moviecrazyplanet.com\/wp-content\/uploads\/2023\/11\/apple-tv-768x403.png 768w\" sizes=\"auto, (max-width: 1200px) 100vw, 1200px\" \/><\/a><\/p>\n<p>Con informaci\u00f3n de <strong>Apple TV+<\/strong> gracias a <strong>WGT<\/strong>.<\/p>\n","protected":false},"excerpt":{"rendered":"<p>Hollywood cuenta su propia historia. El Estudio, la nueva comedia de 10 episodios de media hora protagonizada por Seth Rogen, quien tambi\u00e9n se desempe\u00f1a como escritor, director y productor ejecutivo junto al nominado al premio Emmy Evan Goldberg, debutar\u00e1 globalmente en Apple TV+ con los primeros dos episodios el mi\u00e9rcoles 26 de marzo, seguidos de [&hellip;]<\/p>\n","protected":false},"author":2,"featured_media":12346,"comment_status":"open","ping_status":"open","sticky":false,"template":"","format":"standard","meta":{"footnotes":""},"categories":[111,57,59],"tags":[],"class_list":["post-12291","post","type-post","status-publish","format-standard","has-post-thumbnail","hentry","category-appletv","category-comedia","category-drama"],"_links":{"self":[{"href":"https:\/\/moviecrazyplanet.com\/index.php?rest_route=\/wp\/v2\/posts\/12291","targetHints":{"allow":["GET"]}}],"collection":[{"href":"https:\/\/moviecrazyplanet.com\/index.php?rest_route=\/wp\/v2\/posts"}],"about":[{"href":"https:\/\/moviecrazyplanet.com\/index.php?rest_route=\/wp\/v2\/types\/post"}],"author":[{"embeddable":true,"href":"https:\/\/moviecrazyplanet.com\/index.php?rest_route=\/wp\/v2\/users\/2"}],"replies":[{"embeddable":true,"href":"https:\/\/moviecrazyplanet.com\/index.php?rest_route=%2Fwp%2Fv2%2Fcomments&post=12291"}],"version-history":[{"count":4,"href":"https:\/\/moviecrazyplanet.com\/index.php?rest_route=\/wp\/v2\/posts\/12291\/revisions"}],"predecessor-version":[{"id":12350,"href":"https:\/\/moviecrazyplanet.com\/index.php?rest_route=\/wp\/v2\/posts\/12291\/revisions\/12350"}],"wp:featuredmedia":[{"embeddable":true,"href":"https:\/\/moviecrazyplanet.com\/index.php?rest_route=\/wp\/v2\/media\/12346"}],"wp:attachment":[{"href":"https:\/\/moviecrazyplanet.com\/index.php?rest_route=%2Fwp%2Fv2%2Fmedia&parent=12291"}],"wp:term":[{"taxonomy":"category","embeddable":true,"href":"https:\/\/moviecrazyplanet.com\/index.php?rest_route=%2Fwp%2Fv2%2Fcategories&post=12291"},{"taxonomy":"post_tag","embeddable":true,"href":"https:\/\/moviecrazyplanet.com\/index.php?rest_route=%2Fwp%2Fv2%2Ftags&post=12291"}],"curies":[{"name":"wp","href":"https:\/\/api.w.org\/{rel}","templated":true}]}}