{"id":12724,"date":"2025-04-11T02:31:05","date_gmt":"2025-04-11T08:31:05","guid":{"rendered":"https:\/\/moviecrazyplanet.com\/?p=12724"},"modified":"2025-04-11T18:55:25","modified_gmt":"2025-04-12T00:55:25","slug":"razones-para-ir-al-cine-en-abril-con-los-estrenos-de-sala-de-arte-cinepolis","status":"publish","type":"post","link":"https:\/\/moviecrazyplanet.com\/?p=12724","title":{"rendered":"Estrenos de abril en Sala de Arte Cin\u00e9polis"},"content":{"rendered":"<p style=\"font-weight: 400;\">Este mes,\u00a0<strong>Sala de Arte Cin\u00e9polis\u00ae<\/strong>\u00a0ser\u00e1 el lugar para disfrutar de cinco pel\u00edculas que nos invitan a ver el mundo desde distintas perspectivas, a trav\u00e9s de relatos personales, viajes emocionales, historias reales y cuentos animados que cruzan fronteras y estilos; con los estrenos de:<\/p>\n<ul style=\"font-weight: 400;\">\n<li><strong><em>El \u00daltimo Viaje (3 de abril)<\/em><\/strong><\/li>\n<li><strong><em>La Luz que Imaginamos (10 de abril)<\/em><\/strong><\/li>\n<li><strong><em>Un A\u00f1o Dif\u00edcil (24 de abril)<\/em><\/strong><\/li>\n<li><strong><em>La Carga M\u00e1s Preciada (24 de abril)<\/em><\/strong><\/li>\n<li><strong><em>Goodbye Horses: Las Muchas Vidas de Q Lazzarus (30 de abril)<\/em><\/strong><\/li>\n<\/ul>\n<p style=\"font-weight: 400;\"><strong><em>\u00a0<\/em><\/strong>A continuaci\u00f3n, conoce m\u00e1s de estas maravillosas historias:<\/p>\n<p>&nbsp;<\/p>\n<p style=\"font-weight: 400;\"><strong><em>El \u00daltimo Viaje \u2013\u00a0<\/em><\/strong><strong>3 de abril<\/strong><\/p>\n<p>Universal Pictures<\/p>\n<p><img loading=\"lazy\" decoding=\"async\" class=\"alignnone size-full wp-image-12641\" src=\"http:\/\/moviecrazyplanet.com\/wp-content\/uploads\/2025\/04\/El-Ultimo-Viaje-.jpg\" alt=\"\" width=\"1080\" height=\"1350\" srcset=\"https:\/\/moviecrazyplanet.com\/wp-content\/uploads\/2025\/04\/El-Ultimo-Viaje-.jpg 1080w, https:\/\/moviecrazyplanet.com\/wp-content\/uploads\/2025\/04\/El-Ultimo-Viaje--240x300.jpg 240w, https:\/\/moviecrazyplanet.com\/wp-content\/uploads\/2025\/04\/El-Ultimo-Viaje--819x1024.jpg 819w, https:\/\/moviecrazyplanet.com\/wp-content\/uploads\/2025\/04\/El-Ultimo-Viaje--768x960.jpg 768w, https:\/\/moviecrazyplanet.com\/wp-content\/uploads\/2025\/04\/El-Ultimo-Viaje--1024x1280.jpg 1024w\" sizes=\"auto, (max-width: 1080px) 100vw, 1080px\" \/><\/p>\n<p style=\"font-weight: 400;\"><em>Lars Hammar<\/em>, un profesor sueco retirado y viudo, lleva a\u00f1os desconectado emocionalmente del mundo. Su hijo, <strong>Filip<\/strong>, decide llevarlo de viaje por carretera hasta la costa francesa para intentar reconectar con \u00e9l y ayudarle a recuperar la alegr\u00eda de vivir. As\u00ed comienza\u00a0<strong><em>El \u00daltimo Viaje<\/em><\/strong>, un estreno de\u00a0<strong>Universal Pictures<\/strong>\u00a0que presenta una emotiva historia real sobre c\u00f3mo el tiempo compartido puede sanar heridas del pasado.<\/p>\n<p style=\"font-weight: 400;\">Dirigida por <strong>Filip Hammar<\/strong> y <strong>Fredrik Wikingsson<\/strong> (<em>The Cake General &#8211; T\u00e5rtgeneralen<\/em>, 2018), la pel\u00edcula fue un fen\u00f3meno en <strong>Suecia<\/strong>, donde se mantuvo en cartelera durante meses y se convirti\u00f3 en el documental m\u00e1s visto en la historia del pa\u00eds, as\u00ed como el m\u00e1s taquillero del a\u00f1o. Con honestidad, humor y momentos profundamente humanos, muestra la transformaci\u00f3n de una relaci\u00f3n entre padre e hijo. Fue filmada a lo largo de m\u00e1s de 2,000 kil\u00f3metros por carretera, en locaciones naturales de <strong>Francia<\/strong> y <strong>Suecia<\/strong>, con un equipo m\u00ednimo para conservar la espontaneidad del viaje. Adem\u00e1s, fue seleccionada por Suecia para representar al pa\u00eds en la categor\u00eda de <strong>Mejor Pel\u00edcula Internacional en la 97\u00b0 edici\u00f3n de los Premios de la Academia<\/strong>.<\/p>\n<p><iframe loading=\"lazy\" title=\"El \u00daltimo Viaje | Tr\u00e1iler oficial\" width=\"640\" height=\"360\" src=\"https:\/\/www.youtube.com\/embed\/yuOv4vEbVJ0?feature=oembed\" frameborder=\"0\" allow=\"accelerometer; autoplay; clipboard-write; encrypted-media; gyroscope; picture-in-picture; web-share\" referrerpolicy=\"strict-origin-when-cross-origin\" allowfullscreen><\/iframe><\/p>\n<p>&nbsp;<\/p>\n<p style=\"font-weight: 400;\"><strong><em>La Luz que Imaginamos \u2013\u00a0<\/em><\/strong><strong>10 de abril<\/strong><\/p>\n<p>Cine CAN\u00cdBAL<\/p>\n<p><img loading=\"lazy\" decoding=\"async\" class=\"alignnone size-full wp-image-12819\" src=\"http:\/\/moviecrazyplanet.com\/wp-content\/uploads\/2025\/04\/La-Luz-Que-Imaginamos-1024x1280-1.jpg\" alt=\"\" width=\"1024\" height=\"1280\" srcset=\"https:\/\/moviecrazyplanet.com\/wp-content\/uploads\/2025\/04\/La-Luz-Que-Imaginamos-1024x1280-1.jpg 1024w, https:\/\/moviecrazyplanet.com\/wp-content\/uploads\/2025\/04\/La-Luz-Que-Imaginamos-1024x1280-1-240x300.jpg 240w, https:\/\/moviecrazyplanet.com\/wp-content\/uploads\/2025\/04\/La-Luz-Que-Imaginamos-1024x1280-1-819x1024.jpg 819w, https:\/\/moviecrazyplanet.com\/wp-content\/uploads\/2025\/04\/La-Luz-Que-Imaginamos-1024x1280-1-768x960.jpg 768w\" sizes=\"auto, (max-width: 1024px) 100vw, 1024px\" \/><\/p>\n<p style=\"font-weight: 400;\">Dirigida por <strong>Payal Kapadia<\/strong> (<em>A Night of Knowing Nothing<\/em>, 2021), este filme de <strong>Cine<\/strong> <strong>Can\u00edbal <\/strong>cuenta la historia de Prabha, una enfermera en Mumbai cuya rutina se ve alterada al recibir una carta de su esposo ausente, y de Anu, su joven compa\u00f1era de cuarto, quien busca un espacio para vivir su relaci\u00f3n amorosa. Ambas se embarcan en un viaje a la costa que les permite confrontar sus emociones m\u00e1s profundas.\u00a0<strong>Seg\u00fan Kapadia: \u201c<em>Es una pel\u00edcula sobre la cotidianidad, sobre el silencio que habita entre lo que deseamos decir y lo que realmente decimos. Ah\u00ed vive lo que imaginamos como luz<\/em>\u201d.<\/strong><\/p>\n<p style=\"font-weight: 400;\">Protagonizada por Kani Kusruti (<em>Biriyaani<\/em>, 2020;\u00a0<em>Sivi<\/em>, 2007), Divya Prabha (<em>Take Off<\/em>, 2017;\u00a0<em>Malik<\/em>, 2021) y Chhaya Kadam (<em>Jhund<\/em>, 2022;\u00a0<em>Gangubai Kathiawadi<\/em>, 2022), la pel\u00edcula tuvo su estreno mundial en la competencia oficial del Festival de Cannes 2024, donde gan\u00f3 el Gran Premio del Jurado, siendo la primera cinta india en tres d\u00e9cadas en formar parte de esta selecci\u00f3n. Rodada en Mumbai y Kerala, la cinta mezcla documental y ficci\u00f3n con una est\u00e9tica observacional.<\/p>\n<p><iframe loading=\"lazy\" title=\"LA LUZ QUE IMAGINAMOS - Trailer Oficial\" width=\"640\" height=\"360\" src=\"https:\/\/www.youtube.com\/embed\/jYMy7kI_BgU?feature=oembed\" frameborder=\"0\" allow=\"accelerometer; autoplay; clipboard-write; encrypted-media; gyroscope; picture-in-picture; web-share\" referrerpolicy=\"strict-origin-when-cross-origin\" allowfullscreen><\/iframe><\/p>\n<p>&nbsp;<\/p>\n<p style=\"font-weight: 400;\"><strong><em>Un A\u00f1o Dif\u00edcil \u2013\u00a0<\/em><\/strong><strong>24 de abril<\/strong><\/p>\n<p>Nueva Era Films<\/p>\n<p><img loading=\"lazy\" decoding=\"async\" class=\"alignnone size-full wp-image-12873\" src=\"http:\/\/moviecrazyplanet.com\/wp-content\/uploads\/2025\/04\/Un-Ano-Dificil-.jpg\" alt=\"\" width=\"1080\" height=\"1600\" srcset=\"https:\/\/moviecrazyplanet.com\/wp-content\/uploads\/2025\/04\/Un-Ano-Dificil-.jpg 1080w, https:\/\/moviecrazyplanet.com\/wp-content\/uploads\/2025\/04\/Un-Ano-Dificil--203x300.jpg 203w, https:\/\/moviecrazyplanet.com\/wp-content\/uploads\/2025\/04\/Un-Ano-Dificil--691x1024.jpg 691w, https:\/\/moviecrazyplanet.com\/wp-content\/uploads\/2025\/04\/Un-Ano-Dificil--768x1138.jpg 768w, https:\/\/moviecrazyplanet.com\/wp-content\/uploads\/2025\/04\/Un-Ano-Dificil--1037x1536.jpg 1037w, https:\/\/moviecrazyplanet.com\/wp-content\/uploads\/2025\/04\/Un-Ano-Dificil--1024x1517.jpg 1024w\" sizes=\"auto, (max-width: 1080px) 100vw, 1080px\" \/><\/p>\n<p style=\"font-weight: 400;\"><strong>Albert<\/strong> y <strong>Bruno<\/strong> est\u00e1n hasta el cuello de deudas. Uno vive de peque\u00f1os fraudes, el otro est\u00e1 emocionalmente roto. Por accidente, se suman a un grupo de activistas clim\u00e1ticos. Aunque entran por conveniencia, poco a poco se ven atrapados en la energ\u00eda del movimiento y comienzan a cuestionarse.<\/p>\n<p style=\"font-weight: 400;\">Seleccionada como parte del <strong>28\u00b0 Tour de Cine Franc\u00e9s<\/strong>, esta comedia francesa de\u00a0<strong>Nueva Era<\/strong>, dirigida por <strong>\u00c9ric Toledano<\/strong> y <strong>Olivier Nakache<\/strong> (<em>Intouchables<\/em>, 2011;\u00a0<em>The Specials<\/em>, 2019), es protagonizada por <strong>Pio Marma\u00ef<\/strong> (<em>The Trouble With You<\/em>, 2018;\u00a0<em>How I Became a Superhero<\/em>, 2020), <strong>Jonathan Cohen<\/strong> (<em>Sentinelle<\/em>, 2023;\u00a0<em>Family Business<\/em>, 2019\u20132021) y <strong>No\u00e9mie Merlant<\/strong> (<em>Retrato de una mujer en llamas<\/em>, 2019;\u00a0<em>Distrito 13 de Par\u00eds<\/em>, 2021). El guion surgi\u00f3 durante la pandemia, inspirado por im\u00e1genes de consumidores empuj\u00e1ndose por entrar a tiendas en <strong>Black Friday<\/strong>, contrastadas con manifestaciones ecol\u00f3gicas.\u00a0<strong>\u201c<em>Quer\u00edamos mostrar una especie de danza entre dos mundos: quienes consumen sin freno y quienes se resisten con pasi\u00f3n<\/em>\u201d, explica Toledano.<\/strong><\/p>\n<p style=\"font-weight: 400;\">El personaje de <strong>Merlant<\/strong> fue creado a partir de conversaciones con activistas reales, e incluso convivi\u00f3 con una de ellas para preparar su papel. Las escenas de protesta fueron rodadas en el <strong>Aeropuerto de Roissy<\/strong> y frente a la <strong>Acad\u00e9mie du Climat<\/strong>, con activistas reales participando en pantalla. La pel\u00edcula usa el humor como v\u00eda para hablar de contradicciones sociales profundas.\u00a0<strong>Seg\u00fan Nakache: \u201c<em>Nuestro cine es una mezcla entre comedia italiana y observaci\u00f3n social: re\u00edrnos del desastre nos permite procesarlo<\/em>\u201d.<\/strong><\/p>\n<p style=\"font-weight: 400;\">El elenco tambi\u00e9n cuenta con las actuaciones de Mathieu Amalric (<em>La Escafandra y la Mariposa,<\/em>\u00a02007; Casino Royale, 2006), Gr\u00e9goire Leprince-Ringuet (<em>La belle personne, 2008; Love Songs, 2007<\/em>) y Lu\u00e0na Bajrami (<em>Retrato de una Mujer En Llamas, 2019; La Vraie Famille,<\/em>\u00a02021).<\/p>\n<p>&nbsp;<\/p>\n<p><iframe loading=\"lazy\" title=\"UN A\u00d1O DIF\u00cdCIL (Une ann\u00e9e difficile) | Tr\u00e1iler Nueva Era Films | #UnCineDiferente\" width=\"640\" height=\"360\" src=\"https:\/\/www.youtube.com\/embed\/KKMFlXFc-CQ?feature=oembed\" frameborder=\"0\" allow=\"accelerometer; autoplay; clipboard-write; encrypted-media; gyroscope; picture-in-picture; web-share\" referrerpolicy=\"strict-origin-when-cross-origin\" allowfullscreen><\/iframe><\/p>\n<p>&nbsp;<\/p>\n<p style=\"font-weight: 400;\"><strong><em>La Carga M\u00e1s Preciada \u2013\u00a0<\/em><\/strong><strong>24 de abril<\/strong><\/p>\n<p><img loading=\"lazy\" decoding=\"async\" class=\"alignnone size-full wp-image-12874\" src=\"http:\/\/moviecrazyplanet.com\/wp-content\/uploads\/2025\/04\/La-Carga-Mas-Preciada-.jpg\" alt=\"\" width=\"1344\" height=\"1920\" srcset=\"https:\/\/moviecrazyplanet.com\/wp-content\/uploads\/2025\/04\/La-Carga-Mas-Preciada-.jpg 1344w, https:\/\/moviecrazyplanet.com\/wp-content\/uploads\/2025\/04\/La-Carga-Mas-Preciada--210x300.jpg 210w, https:\/\/moviecrazyplanet.com\/wp-content\/uploads\/2025\/04\/La-Carga-Mas-Preciada--717x1024.jpg 717w, https:\/\/moviecrazyplanet.com\/wp-content\/uploads\/2025\/04\/La-Carga-Mas-Preciada--768x1097.jpg 768w, https:\/\/moviecrazyplanet.com\/wp-content\/uploads\/2025\/04\/La-Carga-Mas-Preciada--1075x1536.jpg 1075w, https:\/\/moviecrazyplanet.com\/wp-content\/uploads\/2025\/04\/La-Carga-Mas-Preciada--1024x1463.jpg 1024w\" sizes=\"auto, (max-width: 1344px) 100vw, 1344px\" \/><\/p>\n<p style=\"font-weight: 400;\">Durante la <strong>Segunda Guerra Mundial<\/strong>, una mujer humilde rescata a una beb\u00e9 lanzada desde un tren de deportaci\u00f3n. Ese gesto de compasi\u00f3n cambiar\u00e1 no solo su vida, sino tambi\u00e9n la del padre de la ni\u00f1a, quien la busca tiempo despu\u00e9s. Dirigida por <strong>Michel Hazanavicius<\/strong> (<em>The Artist<\/em>, 2011;\u00a0<em>Final Cut<\/em>, 2022), esta pel\u00edcula animada\u00a0adapta el cuento de Jean-Claude Grumberg, y fue seleccionada para la competencia oficial del Festival de Cannes 2024.<\/p>\n<p style=\"font-weight: 400;\">Hazanavicius dise\u00f1\u00f3 personalmente los personajes y la est\u00e9tica de la cinta, inspirado por grabados japoneses y la pintura rusa del siglo XIX.\u00a0<strong>\u201c<em>La animaci\u00f3n me permiti\u00f3 contar una historia de horror sin hacerlo expl\u00edcito. Quer\u00eda sugerir, no mostrar. As\u00ed le damos al espectador el espacio para sentir<\/em>\u201d, comenta el director.<\/strong>\u00a0La m\u00fasica fue compuesta por Alexandre Desplat (<em>The Grand Budapest Hotel<\/em>, 2014;\u00a0<em>The Shape of Water<\/em>, 2017), quien trabaj\u00f3 desde una sensibilidad \u00edntima y contenida.<\/p>\n<p style=\"font-weight: 400;\">Las voces est\u00e1n a cargo de Jean-Louis Trintignant (<em>Amour<\/em>, 2012;\u00a0<em>Mi noche con Maud<\/em>, 1969), Dominique Blanc (<em>Indochine<\/em>, 1992; Milou en mayo, 1990), Gr\u00e9gory Gadebois (<em>Delicious<\/em>, 2021;\u00a0<em>Farewell, Mr. Haffmann<\/em>, 2021) y Denis Podalyd\u00e8s (<em>C\u00f3digo Da Vinci<\/em>, 2006;\u00a0<em>La Belle \u00c9poque<\/em>, 2019). La pel\u00edcula fue animada en 3.0 Studio, con fondos inspirados en las ilustraciones de Henri Rivi\u00e8re y referencias visuales que evocan una f\u00e1bula cl\u00e1sica.\u00a0<strong>Para Hazanavicius, \u201c<em>Es una historia sobre los Justos entre las Naciones. Sobre la luz que puede surgir incluso en el mayor de los horrores<\/em>\u201d.<\/strong><\/p>\n<p><iframe loading=\"lazy\" title=\"La carga m\u00e1s preciada (The Most Precious Of Cargoes) - Trailer Oficial\" width=\"640\" height=\"360\" src=\"https:\/\/www.youtube.com\/embed\/SlcmpGH6MNk?feature=oembed\" frameborder=\"0\" allow=\"accelerometer; autoplay; clipboard-write; encrypted-media; gyroscope; picture-in-picture; web-share\" referrerpolicy=\"strict-origin-when-cross-origin\" allowfullscreen><\/iframe><\/p>\n<p>&nbsp;<\/p>\n<p style=\"font-weight: 400;\"><strong><em>Goodbye Horses: Las Muchas Vidas de Q Lazzarus \u2013\u00a0<\/em><\/strong><strong>30 de abril<\/strong><\/p>\n<p>Pimienta Films<\/p>\n<p><img loading=\"lazy\" decoding=\"async\" class=\"alignnone size-full wp-image-12875\" src=\"http:\/\/moviecrazyplanet.com\/wp-content\/uploads\/2025\/04\/Goodbye-Horses-Las-Muchas-Vidas-de-Q-Lazzarus.jpg\" alt=\"\" width=\"1080\" height=\"1350\" srcset=\"https:\/\/moviecrazyplanet.com\/wp-content\/uploads\/2025\/04\/Goodbye-Horses-Las-Muchas-Vidas-de-Q-Lazzarus.jpg 1080w, https:\/\/moviecrazyplanet.com\/wp-content\/uploads\/2025\/04\/Goodbye-Horses-Las-Muchas-Vidas-de-Q-Lazzarus-240x300.jpg 240w, https:\/\/moviecrazyplanet.com\/wp-content\/uploads\/2025\/04\/Goodbye-Horses-Las-Muchas-Vidas-de-Q-Lazzarus-819x1024.jpg 819w, https:\/\/moviecrazyplanet.com\/wp-content\/uploads\/2025\/04\/Goodbye-Horses-Las-Muchas-Vidas-de-Q-Lazzarus-768x960.jpg 768w, https:\/\/moviecrazyplanet.com\/wp-content\/uploads\/2025\/04\/Goodbye-Horses-Las-Muchas-Vidas-de-Q-Lazzarus-1024x1280.jpg 1024w\" sizes=\"auto, (max-width: 1080px) 100vw, 1080px\" \/><\/p>\n<p style=\"font-weight: 400;\"><strong>Diane Luckey<\/strong>, mejor conocida como <strong>Q Lazzarus<\/strong>, fue la voz detr\u00e1s de <strong><em>Goodbye Horses<\/em><\/strong>, canci\u00f3n que se volvi\u00f3 legendaria tras aparecer en El Silencio de los Inocentes (1991). Pero despu\u00e9s de ese momento de fama, desapareci\u00f3 del ojo p\u00fablico durante m\u00e1s de dos d\u00e9cadas. En este documental de\u00a0<strong>Pimenta Films<\/strong>, ella misma cuenta su historia: su origen, su carrera, su aislamiento y su inesperado regreso.<\/p>\n<p style=\"font-weight: 400;\"><strong><em>Goodbye Horses: Las Muchas Vidas de Q Lazzarus<\/em><\/strong>\u00a0es dirigida por Eva Aridjis Fuentes (<em>Ni\u00f1os de la Calle<\/em>, 2003;\u00a0<em>Los Ojos Azules<\/em>, 2012), y gan\u00f3 el Premio del P\u00fablico en el Festival Internacional de Cine de Morelia 2024. \u201c<strong><em>La conoc\u00ed como taxista en Nueva York. Al escuchar su voz, me conmovi\u00f3 profundamente. Ella me cont\u00f3 su historia y comenzamos a grabar<\/em>\u201d, relata Aridjis<\/strong>. Durante a\u00f1os, Q vivi\u00f3 una vida fuera del radar, alejada de la industria musical, aunque su voz segu\u00eda siendo parte de la cultura pop.<\/p>\n<p style=\"font-weight: 400;\">El <strong>documental<\/strong>, una coproducci\u00f3n entre <strong>M\u00e9xico<\/strong> y <strong>Estados Unidos<\/strong>, mezcla entrevistas, grabaciones personales, animaciones y material in\u00e9dito. Es un retrato sincero y po\u00e9tico sobre la fama, el olvido y la libertad creativa. Editado por la propia directora y <strong>Connor Kalista<\/strong> (<em>Heaven Knows What<\/em>, 2014), el proyecto fue realizado en colaboraci\u00f3n directa con Q Lazzarus antes de su fallecimiento.<\/p>\n<p><iframe loading=\"lazy\" title=\"Goodbye Horses: las muchas vidas de Q Lazzarus - Teaser\" width=\"640\" height=\"360\" src=\"https:\/\/www.youtube.com\/embed\/EBbJJO1UlNo?feature=oembed\" frameborder=\"0\" allow=\"accelerometer; autoplay; clipboard-write; encrypted-media; gyroscope; picture-in-picture; web-share\" referrerpolicy=\"strict-origin-when-cross-origin\" allowfullscreen><\/iframe><\/p>\n<p>Con estos cinco estrenos,\u00a0<strong>Sala de Arte Cin\u00e9polis\u00ae\u00a0<\/strong>ofrece en abril una programaci\u00f3n que celebra la diversidad de miradas, emociones y formas de contar historias. Compra tus boletos para cualquier complejo con\u00a0<strong>Sala de Arte Cin\u00e9polis<sup>\u00ae\u00a0<\/sup><\/strong>en la taquilla, la App o el\u00a0<a href=\"https:\/\/cinepolis.com\/sala-de-arte\" data-saferedirecturl=\"https:\/\/www.google.com\/url?q=https:\/\/cinepolis.com\/sala-de-arte&amp;source=gmail&amp;ust=1743785688866000&amp;usg=AOvVaw3-72OGu-PWkc2rBNbALiC2\">sitio oficial<\/a>\u00a0de Cin\u00e9polis.<\/p>\n<p><img loading=\"lazy\" decoding=\"async\" class=\"alignnone size-full wp-image-4296\" src=\"http:\/\/moviecrazyplanet.com\/wp-content\/uploads\/2024\/01\/Cinepolis-Sala-de-arte-.png\" alt=\"\" width=\"764\" height=\"401\" srcset=\"https:\/\/moviecrazyplanet.com\/wp-content\/uploads\/2024\/01\/Cinepolis-Sala-de-arte-.png 764w, https:\/\/moviecrazyplanet.com\/wp-content\/uploads\/2024\/01\/Cinepolis-Sala-de-arte--300x157.png 300w\" sizes=\"auto, (max-width: 764px) 100vw, 764px\" \/><\/p>\n<p><a href=\"http:\/\/www.cinepolis.com\" target=\"_blank\" rel=\"noopener\"><img loading=\"lazy\" decoding=\"async\" class=\"alignnone size-full wp-image-4283\" src=\"http:\/\/moviecrazyplanet.com\/wp-content\/uploads\/2024\/01\/Cinepolis.jpeg\" alt=\"\" width=\"800\" height=\"484\" srcset=\"https:\/\/moviecrazyplanet.com\/wp-content\/uploads\/2024\/01\/Cinepolis.jpeg 800w, https:\/\/moviecrazyplanet.com\/wp-content\/uploads\/2024\/01\/Cinepolis-300x182.jpeg 300w, https:\/\/moviecrazyplanet.com\/wp-content\/uploads\/2024\/01\/Cinepolis-768x465.jpeg 768w\" sizes=\"auto, (max-width: 800px) 100vw, 800px\" \/><\/a><\/p>\n<p>Con informaci\u00f3n de Sala de Arte Cin\u00e9polis gracias a <strong>Edelman M\u00e9xico<\/strong>.<\/p>\n","protected":false},"excerpt":{"rendered":"<p>Este mes,\u00a0Sala de Arte Cin\u00e9polis\u00ae\u00a0ser\u00e1 el lugar para disfrutar de cinco pel\u00edculas que nos invitan a ver el mundo desde distintas perspectivas, a trav\u00e9s de relatos personales, viajes emocionales, historias reales y cuentos animados que cruzan fronteras y estilos; con los estrenos de: El \u00daltimo Viaje (3 de abril) La Luz que Imaginamos (10 de [&hellip;]<\/p>\n","protected":false},"author":2,"featured_media":12881,"comment_status":"open","ping_status":"open","sticky":false,"template":"","format":"standard","meta":{"footnotes":""},"categories":[143,100],"tags":[],"class_list":["post-12724","post","type-post","status-publish","format-standard","has-post-thumbnail","hentry","category-casa-de-arte","category-cinepolis"],"_links":{"self":[{"href":"https:\/\/moviecrazyplanet.com\/index.php?rest_route=\/wp\/v2\/posts\/12724","targetHints":{"allow":["GET"]}}],"collection":[{"href":"https:\/\/moviecrazyplanet.com\/index.php?rest_route=\/wp\/v2\/posts"}],"about":[{"href":"https:\/\/moviecrazyplanet.com\/index.php?rest_route=\/wp\/v2\/types\/post"}],"author":[{"embeddable":true,"href":"https:\/\/moviecrazyplanet.com\/index.php?rest_route=\/wp\/v2\/users\/2"}],"replies":[{"embeddable":true,"href":"https:\/\/moviecrazyplanet.com\/index.php?rest_route=%2Fwp%2Fv2%2Fcomments&post=12724"}],"version-history":[{"count":9,"href":"https:\/\/moviecrazyplanet.com\/index.php?rest_route=\/wp\/v2\/posts\/12724\/revisions"}],"predecessor-version":[{"id":12908,"href":"https:\/\/moviecrazyplanet.com\/index.php?rest_route=\/wp\/v2\/posts\/12724\/revisions\/12908"}],"wp:featuredmedia":[{"embeddable":true,"href":"https:\/\/moviecrazyplanet.com\/index.php?rest_route=\/wp\/v2\/media\/12881"}],"wp:attachment":[{"href":"https:\/\/moviecrazyplanet.com\/index.php?rest_route=%2Fwp%2Fv2%2Fmedia&parent=12724"}],"wp:term":[{"taxonomy":"category","embeddable":true,"href":"https:\/\/moviecrazyplanet.com\/index.php?rest_route=%2Fwp%2Fv2%2Fcategories&post=12724"},{"taxonomy":"post_tag","embeddable":true,"href":"https:\/\/moviecrazyplanet.com\/index.php?rest_route=%2Fwp%2Fv2%2Ftags&post=12724"}],"curies":[{"name":"wp","href":"https:\/\/api.w.org\/{rel}","templated":true}]}}