{"id":12887,"date":"2025-04-11T17:25:31","date_gmt":"2025-04-11T23:25:31","guid":{"rendered":"https:\/\/moviecrazyplanet.com\/?p=12887"},"modified":"2025-04-11T17:25:31","modified_gmt":"2025-04-11T23:25:31","slug":"yo-vi-tres-luces-negras-llega-a-las-salas-de-cine-mexicanas","status":"publish","type":"post","link":"https:\/\/moviecrazyplanet.com\/?p=12887","title":{"rendered":"Yo Vi Tres Luces Negras llega a las salas de cine mexicanas"},"content":{"rendered":"<p><strong>Yo Vi Tres Luces Negras<\/strong> es una co-producci\u00f3n de <strong>M\u00e9xico<\/strong>, <strong>Francia<\/strong>, <strong>Colombia<\/strong> y <strong>Alemania<\/strong>; realizada con el talento mexicano del productor <strong>Rub\u00e9n Imaz<\/strong> y el gui\u00f3n co-escrito por <strong>Fernando del Razo<\/strong>.<\/p>\n<p><img loading=\"lazy\" decoding=\"async\" class=\"alignnone size-full wp-image-12897\" src=\"http:\/\/moviecrazyplanet.com\/wp-content\/uploads\/2025\/04\/YVTLN-04_Ph-Natalia-Burbano-scaled.jpg\" alt=\"\" width=\"2560\" height=\"1440\" srcset=\"https:\/\/moviecrazyplanet.com\/wp-content\/uploads\/2025\/04\/YVTLN-04_Ph-Natalia-Burbano-scaled.jpg 2560w, https:\/\/moviecrazyplanet.com\/wp-content\/uploads\/2025\/04\/YVTLN-04_Ph-Natalia-Burbano-300x169.jpg 300w, https:\/\/moviecrazyplanet.com\/wp-content\/uploads\/2025\/04\/YVTLN-04_Ph-Natalia-Burbano-1024x576.jpg 1024w, https:\/\/moviecrazyplanet.com\/wp-content\/uploads\/2025\/04\/YVTLN-04_Ph-Natalia-Burbano-768x432.jpg 768w, https:\/\/moviecrazyplanet.com\/wp-content\/uploads\/2025\/04\/YVTLN-04_Ph-Natalia-Burbano-1536x864.jpg 1536w, https:\/\/moviecrazyplanet.com\/wp-content\/uploads\/2025\/04\/YVTLN-04_Ph-Natalia-Burbano-2048x1152.jpg 2048w, https:\/\/moviecrazyplanet.com\/wp-content\/uploads\/2025\/04\/YVTLN-04_Ph-Natalia-Burbano-1280x720.jpg 1280w\" sizes=\"auto, (max-width: 2560px) 100vw, 2560px\" \/><\/p>\n<p>Con el apoyo del <strong>Fondo para el Desarrollo Cinematogr\u00e1fico<\/strong>, <strong>Programa Ibermedia<\/strong>, <strong>EFICINE<\/strong>, <strong>Berlinale<\/strong>, <strong>World Cinema Fund<\/strong>, <strong>Nouvelle Aquitaine F.I.L.M<\/strong>. y la <strong>Residencia de la Cin\u00e9fondation<\/strong>, <strong>Cannes<\/strong>; y la producci\u00f3n de <strong>Contrav\u00eda Films<\/strong> y la co-producci\u00f3n de <strong>Malacosa cine<\/strong>, <strong>Dublin Films<\/strong>, <strong>B\u00e1rbara Films<\/strong>, <strong>Autentika Films.<\/strong><\/p>\n<p><img loading=\"lazy\" decoding=\"async\" class=\"alignnone size-full wp-image-12894\" src=\"http:\/\/moviecrazyplanet.com\/wp-content\/uploads\/2025\/04\/Copia-de-YVTLN-05_Ph-Natalia-Burbano-scaled.jpg\" alt=\"\" width=\"2560\" height=\"1440\" srcset=\"https:\/\/moviecrazyplanet.com\/wp-content\/uploads\/2025\/04\/Copia-de-YVTLN-05_Ph-Natalia-Burbano-scaled.jpg 2560w, https:\/\/moviecrazyplanet.com\/wp-content\/uploads\/2025\/04\/Copia-de-YVTLN-05_Ph-Natalia-Burbano-300x169.jpg 300w, https:\/\/moviecrazyplanet.com\/wp-content\/uploads\/2025\/04\/Copia-de-YVTLN-05_Ph-Natalia-Burbano-1024x576.jpg 1024w, https:\/\/moviecrazyplanet.com\/wp-content\/uploads\/2025\/04\/Copia-de-YVTLN-05_Ph-Natalia-Burbano-768x432.jpg 768w, https:\/\/moviecrazyplanet.com\/wp-content\/uploads\/2025\/04\/Copia-de-YVTLN-05_Ph-Natalia-Burbano-1536x864.jpg 1536w, https:\/\/moviecrazyplanet.com\/wp-content\/uploads\/2025\/04\/Copia-de-YVTLN-05_Ph-Natalia-Burbano-2048x1152.jpg 2048w, https:\/\/moviecrazyplanet.com\/wp-content\/uploads\/2025\/04\/Copia-de-YVTLN-05_Ph-Natalia-Burbano-1280x720.jpg 1280w\" sizes=\"auto, (max-width: 2560px) 100vw, 2560px\" \/><\/p>\n<p>Co-escrita y dirigida por <strong>Santiago Lozano \u00c1lvarez<\/strong>, <strong>Yo Vi Tres Luces Negras<\/strong> es una experiencia cinematogr\u00e1fica inmersiva que fusiona lo m\u00edstico y lo real para retratar la resistencia de las comunidades del Pac\u00edfico colombiano frente al desplazamiento y la devastaci\u00f3n ambiental. A trav\u00e9s del viaje de un curandero que enfrenta su destino en la selva, la pel\u00edcula explora la conexi\u00f3n entre el territorio, la memoria y la espiritualidad y ofrece una mirada aut\u00e9ntica y po\u00e9tica.<br \/>\nCon una potente carga visual y sonora, el filme de <strong>Santiago Lozano \u00c1lvarez<\/strong> no solo denuncia el ecocidio y la lucha por la tierra, sino que tambi\u00e9n reivindica las tradiciones ancestrales como un acto de resistencia.<br \/>\nSiguiendo la l\u00ednea de su \u00f3pera prima Siembra, <strong>Santiago Lozano \u00c1lvarez<\/strong> contin\u00faa explorando relatos que parten del territorio y la memoria, ofreciendo una pel\u00edcula que no solo enriquece la cinematograf\u00eda colombiana, sino que tambi\u00e9n dialoga con el cine mundial en su apuesta por historias de identidad, resistencia y espiritualidad.<\/p>\n<p><strong>Sobre Santiago Lozano \u00c1lvarez<\/strong><\/p>\n<p><img loading=\"lazy\" decoding=\"async\" class=\"alignnone size-full wp-image-12890\" src=\"http:\/\/moviecrazyplanet.com\/wp-content\/uploads\/2025\/04\/Santiago-YV3LN-scaled.jpeg\" alt=\"\" width=\"2560\" height=\"1707\" srcset=\"https:\/\/moviecrazyplanet.com\/wp-content\/uploads\/2025\/04\/Santiago-YV3LN-scaled.jpeg 2560w, https:\/\/moviecrazyplanet.com\/wp-content\/uploads\/2025\/04\/Santiago-YV3LN-300x200.jpeg 300w, https:\/\/moviecrazyplanet.com\/wp-content\/uploads\/2025\/04\/Santiago-YV3LN-1024x683.jpeg 1024w, https:\/\/moviecrazyplanet.com\/wp-content\/uploads\/2025\/04\/Santiago-YV3LN-768x512.jpeg 768w, https:\/\/moviecrazyplanet.com\/wp-content\/uploads\/2025\/04\/Santiago-YV3LN-1536x1024.jpeg 1536w, https:\/\/moviecrazyplanet.com\/wp-content\/uploads\/2025\/04\/Santiago-YV3LN-2048x1366.jpeg 2048w\" sizes=\"auto, (max-width: 2560px) 100vw, 2560px\" \/><\/p>\n<p>Es comunicador social por la <strong>Universidad del Valle<\/strong> y posee un <em>M\u00e1ster en Gui\u00f3n de Cine y Televisi\u00f3n<\/em> por la <strong>Universidad Carlos III<\/strong> de <strong>Madrid<\/strong>, gracias a una Beca de la Fundaci\u00f3n Carolina. Actualmente dirige el <strong>programa acad\u00e9mico de Cine<\/strong> y <strong>Comunicaci\u00f3n Digital<\/strong> en la <strong>Universidad Aut\u00f3noma de Occidente en Cali<\/strong>, <strong>Colombia<\/strong>. Es coautor y codirector del largometraje <strong>Siembra<\/strong> (2015), estrenado en el Festival de Locarno, donde obtuvo el Premio de la Cr\u00edtica Independiente Boccalino. La pel\u00edcula tambi\u00e9n recibi\u00f3 m\u00faltiples reconocimientos, como Mejor Pel\u00edcula en CineLatino Toulouse (2016) y el Premio Especial del Jurado en el Festival de Cartagena (FICCI, 2016). Con su segundo largometraje, <strong>Yo Vi Tres Luces Negras<\/strong>, particip\u00f3 en la Residencia de la Cin\u00e9fondation del <strong>Festival de Cannes en 2018<\/strong>, recibiendo el premio de desarrollo del CNC al mejor proyecto de la Residencia. En su trayectoria destacan cortometrajes documentales como <strong>Caligula<\/strong> (2003), <strong>Un Nombre para Desplazado<\/strong> (2003) y <strong>El Alma Cuando Sale<\/strong> (2021), este \u00faltimo en codirecci\u00f3n con <strong>Mauricio Prieto<\/strong>. Tambi\u00e9n dirigi\u00f3 un episodio de la serie Turbia, ganadora del Gran Premio Dise\u00f1ar el Futuro en los Premios TAL 2021. Su trabajo se caracteriza por explorar temas sociales y culturales, consolid\u00e1ndose como una figura clave en el cine colombiano contempor\u00e1neo.<\/p>\n<p><img loading=\"lazy\" decoding=\"async\" class=\"alignnone size-full wp-image-12898\" src=\"http:\/\/moviecrazyplanet.com\/wp-content\/uploads\/2025\/04\/Yo-Vi-Tres-Luces-Negras.jpg\" alt=\"\" width=\"794\" height=\"1134\" srcset=\"https:\/\/moviecrazyplanet.com\/wp-content\/uploads\/2025\/04\/Yo-Vi-Tres-Luces-Negras.jpg 794w, https:\/\/moviecrazyplanet.com\/wp-content\/uploads\/2025\/04\/Yo-Vi-Tres-Luces-Negras-210x300.jpg 210w, https:\/\/moviecrazyplanet.com\/wp-content\/uploads\/2025\/04\/Yo-Vi-Tres-Luces-Negras-717x1024.jpg 717w, https:\/\/moviecrazyplanet.com\/wp-content\/uploads\/2025\/04\/Yo-Vi-Tres-Luces-Negras-768x1097.jpg 768w\" sizes=\"auto, (max-width: 794px) 100vw, 794px\" \/><\/p>\n<div><strong><span id=\"m_6868096605376144899docs-internal-guid-99f7e147-7fff-6011-f10d-f9bed24ac4c4\">Sinopsis<\/span><\/strong><\/div>\n<div>\n<p>Jos\u00e9 de Los Santos est\u00e1 a cargo de los rituales funerarios de su pueblo en el Litoral del Pac\u00edfico colombiano. Un d\u00eda, el alma de su hijo le anuncia su propia muerte y le ordena ir al origen. Jos\u00e9 inicia un viaje a trav\u00e9s de la selva, donde debe sobrevivir a las armas para llegar al lugar de su \u00faltimo descanso.<\/p>\n<p><iframe loading=\"lazy\" title=\"YO VI TRES LUCES NEGRAS - Trailer Oficial para la Distribuci\u00f3n en M\u00e9xico\" width=\"640\" height=\"360\" src=\"https:\/\/www.youtube.com\/embed\/XjFuHBgopBc?feature=oembed\" frameborder=\"0\" allow=\"accelerometer; autoplay; clipboard-write; encrypted-media; gyroscope; picture-in-picture; web-share\" referrerpolicy=\"strict-origin-when-cross-origin\" allowfullscreen><\/iframe><\/p>\n<p>Con informaci\u00f3n de <strong>Malacosa Cine<\/strong> gracias a <strong>Calouma Films<\/strong>.<\/p>\n<\/div>\n","protected":false},"excerpt":{"rendered":"<p>Yo Vi Tres Luces Negras es una co-producci\u00f3n de M\u00e9xico, Francia, Colombia y Alemania; realizada con el talento mexicano del productor Rub\u00e9n Imaz y el gui\u00f3n co-escrito por Fernando del Razo. Con el apoyo del Fondo para el Desarrollo Cinematogr\u00e1fico, Programa Ibermedia, EFICINE, Berlinale, World Cinema Fund, Nouvelle Aquitaine F.I.L.M. y la Residencia de la [&hellip;]<\/p>\n","protected":false},"author":2,"featured_media":12893,"comment_status":"open","ping_status":"open","sticky":false,"template":"","format":"standard","meta":{"footnotes":""},"categories":[59],"tags":[],"class_list":["post-12887","post","type-post","status-publish","format-standard","has-post-thumbnail","hentry","category-drama"],"_links":{"self":[{"href":"https:\/\/moviecrazyplanet.com\/index.php?rest_route=\/wp\/v2\/posts\/12887","targetHints":{"allow":["GET"]}}],"collection":[{"href":"https:\/\/moviecrazyplanet.com\/index.php?rest_route=\/wp\/v2\/posts"}],"about":[{"href":"https:\/\/moviecrazyplanet.com\/index.php?rest_route=\/wp\/v2\/types\/post"}],"author":[{"embeddable":true,"href":"https:\/\/moviecrazyplanet.com\/index.php?rest_route=\/wp\/v2\/users\/2"}],"replies":[{"embeddable":true,"href":"https:\/\/moviecrazyplanet.com\/index.php?rest_route=%2Fwp%2Fv2%2Fcomments&post=12887"}],"version-history":[{"count":1,"href":"https:\/\/moviecrazyplanet.com\/index.php?rest_route=\/wp\/v2\/posts\/12887\/revisions"}],"predecessor-version":[{"id":12899,"href":"https:\/\/moviecrazyplanet.com\/index.php?rest_route=\/wp\/v2\/posts\/12887\/revisions\/12899"}],"wp:featuredmedia":[{"embeddable":true,"href":"https:\/\/moviecrazyplanet.com\/index.php?rest_route=\/wp\/v2\/media\/12893"}],"wp:attachment":[{"href":"https:\/\/moviecrazyplanet.com\/index.php?rest_route=%2Fwp%2Fv2%2Fmedia&parent=12887"}],"wp:term":[{"taxonomy":"category","embeddable":true,"href":"https:\/\/moviecrazyplanet.com\/index.php?rest_route=%2Fwp%2Fv2%2Fcategories&post=12887"},{"taxonomy":"post_tag","embeddable":true,"href":"https:\/\/moviecrazyplanet.com\/index.php?rest_route=%2Fwp%2Fv2%2Ftags&post=12887"}],"curies":[{"name":"wp","href":"https:\/\/api.w.org\/{rel}","templated":true}]}}