{"id":13698,"date":"2025-05-17T16:03:53","date_gmt":"2025-05-17T22:03:53","guid":{"rendered":"https:\/\/moviecrazyplanet.com\/?p=13698"},"modified":"2025-05-17T16:03:53","modified_gmt":"2025-05-17T22:03:53","slug":"funciones-relajadas-de-karate-kid-leyendas-en-cinepolis","status":"publish","type":"post","link":"https:\/\/moviecrazyplanet.com\/?p=13698","title":{"rendered":"Funciones Relajadas de Karate Kid: Leyendas en Cin\u00e9polis"},"content":{"rendered":"<p style=\"font-weight: 400;\"><strong>Fundaci\u00f3n Cin\u00e9polis<\/strong> y <strong>Sony Pictures<\/strong> anuncian las fechas para las\u00a0<strong>Funciones Relajadas de\u00a0<em>Karate Kid: Leyendas<\/em><\/strong>. Una nueva historia de emociones profundas y evoluci\u00f3n personal, que cuenta con\u00a0<strong>Garant\u00eda Cin\u00e9polis\u00ae<\/strong>. Dirigida por\u00a0<strong>Jonathan Entwistle<\/strong>\u00a0(<em>The End of the F<\/em>**ing World*, 2017;\u00a0<em>I Am Not Okay With This<\/em>, 2020), esta entrega fusiona generaciones, estilos de pelea y culturas en una historia que celebra el poder transformador del arte marcial. Esta iniciativa busca ofrecer una experiencia cinematogr\u00e1fica inclusiva, dirigida a personas neurodivergentes y quienes prefieren un entorno con est\u00edmulos sensoriales reducidos.<\/p>\n<p><img loading=\"lazy\" decoding=\"async\" class=\"alignnone size-full wp-image-13702\" src=\"http:\/\/moviecrazyplanet.com\/wp-content\/uploads\/2025\/05\/Funciones-Relajadas_Karate-Kid-Leyendas_2.jpg\" alt=\"\" width=\"1080\" height=\"1350\" srcset=\"https:\/\/moviecrazyplanet.com\/wp-content\/uploads\/2025\/05\/Funciones-Relajadas_Karate-Kid-Leyendas_2.jpg 1080w, https:\/\/moviecrazyplanet.com\/wp-content\/uploads\/2025\/05\/Funciones-Relajadas_Karate-Kid-Leyendas_2-240x300.jpg 240w, https:\/\/moviecrazyplanet.com\/wp-content\/uploads\/2025\/05\/Funciones-Relajadas_Karate-Kid-Leyendas_2-819x1024.jpg 819w, https:\/\/moviecrazyplanet.com\/wp-content\/uploads\/2025\/05\/Funciones-Relajadas_Karate-Kid-Leyendas_2-768x960.jpg 768w, https:\/\/moviecrazyplanet.com\/wp-content\/uploads\/2025\/05\/Funciones-Relajadas_Karate-Kid-Leyendas_2-1024x1280.jpg 1024w\" sizes=\"auto, (max-width: 1080px) 100vw, 1080px\" \/><\/p>\n<p style=\"font-weight: 400;\">Las\u00a0<strong>Funciones Relajadas\u00a0<\/strong>de<strong>\u00a0<em>Karate Kid: Leyendas<\/em><\/strong>\u00a0estar\u00e1n disponibles\u00a0<strong>a partir del 17 de mayo<\/strong>, los\u00a0<strong>s\u00e1bados y domingos<\/strong>, en la\u00a0<strong>primera funci\u00f3n del d\u00eda<\/strong>, entre las\u00a0<strong>11:00 a.m. y las 2:00 p.m<\/strong>.; los d\u00edas:<\/p>\n<ul style=\"font-weight: 400;\">\n<li><strong>S\u00e1bado 17 y domingo 18 de mayo<\/strong><\/li>\n<li><strong>S\u00e1bado 24 y domingo 25 de mayo<\/strong><\/li>\n<li><strong>S\u00e1bado 31 de mayo y domingo 1 de junio<\/strong><\/li>\n<\/ul>\n<p style=\"font-weight: 400;\">Y se proyectar\u00e1n en los siguientes complejos Cin\u00e9polis de M\u00e9xico:<\/p>\n<ul style=\"font-weight: 400;\">\n<li><strong>Cin\u00e9polis Las Am\u00e9ricas Ecatepec\u00a0<\/strong>(Estado de M\u00e9xico)<\/li>\n<li><strong>Cin\u00e9polis Plaza Escala Morelia\u00a0<\/strong>(Michoac\u00e1n)<\/li>\n<li><strong>Cin\u00e9polis Las Am\u00e9ricas Xalapa\u00a0<\/strong>(Veracruz)<\/li>\n<li><strong>Cin\u00e9polis Galer\u00edas Monterrey\u00a0<\/strong>(Nuevo Le\u00f3n)<\/li>\n<li><strong>Cin\u00e9polis Universidad\u00a0<\/strong>(CDMX)<\/li>\n<li><strong>Cin\u00e9polis Town Center El Rosario\u00a0<\/strong>(CDMX)<\/li>\n<li><strong>Cin\u00e9polis Las Am\u00e9ricas M\u00e9rida\u00a0<\/strong>(Yucat\u00e1n)<\/li>\n<li><strong>Cin\u00e9polis Galer\u00edas Guadalajara\u00a0<\/strong>(Jalisco)<\/li>\n<li><strong>Cin\u00e9polis Angel\u00f3polis Puebla<\/strong>\u00a0(Puebla)<\/li>\n<\/ul>\n<p style=\"font-weight: 400;\">En estas funciones especiales, los efectos de luz y sonido estar\u00e1n suavizados para adaptarse a las necesidades de los asistentes. Se permitir\u00e1 entrar y salir de la sala seg\u00fan se necesite, y se mantendr\u00e1 una menor ocupaci\u00f3n para facilitar la movilidad. Adem\u00e1s, quienes lo requieran podr\u00e1n llevar y usar dispositivos de regulaci\u00f3n sensorial, como auriculares, juguetes sensoriales o gafas de sol.<\/p>\n<p><img loading=\"lazy\" decoding=\"async\" class=\"alignnone size-full wp-image-13703\" src=\"http:\/\/moviecrazyplanet.com\/wp-content\/uploads\/2025\/05\/Funciones-Relajadas_Karate-Kid-Leyendas_3.jpg\" alt=\"\" width=\"1080\" height=\"1350\" srcset=\"https:\/\/moviecrazyplanet.com\/wp-content\/uploads\/2025\/05\/Funciones-Relajadas_Karate-Kid-Leyendas_3.jpg 1080w, https:\/\/moviecrazyplanet.com\/wp-content\/uploads\/2025\/05\/Funciones-Relajadas_Karate-Kid-Leyendas_3-240x300.jpg 240w, https:\/\/moviecrazyplanet.com\/wp-content\/uploads\/2025\/05\/Funciones-Relajadas_Karate-Kid-Leyendas_3-819x1024.jpg 819w, https:\/\/moviecrazyplanet.com\/wp-content\/uploads\/2025\/05\/Funciones-Relajadas_Karate-Kid-Leyendas_3-768x960.jpg 768w, https:\/\/moviecrazyplanet.com\/wp-content\/uploads\/2025\/05\/Funciones-Relajadas_Karate-Kid-Leyendas_3-1024x1280.jpg 1024w\" sizes=\"auto, (max-width: 1080px) 100vw, 1080px\" \/><\/p>\n<p><span lang=\"ES-MX\">Esta iniciativa es el resultado de un trabajo colaborativo entre\u00a0<b>Fundaci\u00f3n Cin\u00e9polis<\/b>\u00a0y Sony Pictures, con el asesoramiento de la\u00a0<b>ONG Iluminemos por el Autismo<\/b>, as\u00ed como de especialistas en inclusi\u00f3n social y cultural de personas neurodivergentes, convivencia y accesibilidad.<u><\/u><u><\/u><\/span><\/p>\n<p><span lang=\"ES-MX\">Con esta acci\u00f3n,\u00a0<b>Fundaci\u00f3n Cin\u00e9polis<\/b>\u00a0y\u00a0<b>Sony Pictures<\/b>\u00a0refuerzan su compromiso con la inclusi\u00f3n al ofrecer un espacio adaptado para que m\u00e1s personas puedan disfrutar de\u00a0<b><i>Karate Kid: Leyendas<\/i><\/b>\u00a0en la pantalla grande.<u><\/u><u><\/u><\/span><\/p>\n<p><img loading=\"lazy\" decoding=\"async\" class=\"alignnone size-full wp-image-13704\" src=\"http:\/\/moviecrazyplanet.com\/wp-content\/uploads\/2025\/05\/Funciones-Relajadas_Karate-Kid-Leyendas_4.jpg\" alt=\"\" width=\"1080\" height=\"1350\" srcset=\"https:\/\/moviecrazyplanet.com\/wp-content\/uploads\/2025\/05\/Funciones-Relajadas_Karate-Kid-Leyendas_4.jpg 1080w, https:\/\/moviecrazyplanet.com\/wp-content\/uploads\/2025\/05\/Funciones-Relajadas_Karate-Kid-Leyendas_4-240x300.jpg 240w, https:\/\/moviecrazyplanet.com\/wp-content\/uploads\/2025\/05\/Funciones-Relajadas_Karate-Kid-Leyendas_4-819x1024.jpg 819w, https:\/\/moviecrazyplanet.com\/wp-content\/uploads\/2025\/05\/Funciones-Relajadas_Karate-Kid-Leyendas_4-768x960.jpg 768w, https:\/\/moviecrazyplanet.com\/wp-content\/uploads\/2025\/05\/Funciones-Relajadas_Karate-Kid-Leyendas_4-1024x1280.jpg 1024w\" sizes=\"auto, (max-width: 1080px) 100vw, 1080px\" \/><\/p>\n<p><span lang=\"ES-MX\">Al comprar boletos en la app de Cin\u00e9polis para una\u00a0<b>Funci\u00f3n Relajada<\/b>, aparecer\u00e1 un aviso para confirmar la selecci\u00f3n de este formato antes de finalizar la compra. Los asistentes deber\u00e1n aceptar y confirmar para continuar con su adquisici\u00f3n.<\/span><\/p>\n<p><span lang=\"ES-MX\">Los boletos estar\u00e1n disponibles en taquillas de los complejos participantes y en l\u00ednea.<\/span><\/p>\n<p><b>las Funciones Relajadas en Cin\u00e9polis <\/b>de <b><i>Karate Kid: Leyendas<\/i><\/b>; adaptadas a las necesidades y preferencias de personas neurodivergentes y\/o que eligen espacios con est\u00edmulos sensoriales reducidos. <b>Estar\u00e1n disponibles los fines de semana del 17 de mayo al 1 de junio.<\/b><\/p>\n<p><a href=\"http:\/\/www.cinepolis.com\" target=\"_blank\" rel=\"noopener\"><img loading=\"lazy\" decoding=\"async\" class=\"alignnone size-full wp-image-13701\" src=\"http:\/\/moviecrazyplanet.com\/wp-content\/uploads\/2025\/05\/Funciones-Relajadas_Karate-Kid-Leyendas_1.jpg\" alt=\"\" width=\"1080\" height=\"1350\" srcset=\"https:\/\/moviecrazyplanet.com\/wp-content\/uploads\/2025\/05\/Funciones-Relajadas_Karate-Kid-Leyendas_1.jpg 1080w, https:\/\/moviecrazyplanet.com\/wp-content\/uploads\/2025\/05\/Funciones-Relajadas_Karate-Kid-Leyendas_1-240x300.jpg 240w, https:\/\/moviecrazyplanet.com\/wp-content\/uploads\/2025\/05\/Funciones-Relajadas_Karate-Kid-Leyendas_1-819x1024.jpg 819w, https:\/\/moviecrazyplanet.com\/wp-content\/uploads\/2025\/05\/Funciones-Relajadas_Karate-Kid-Leyendas_1-768x960.jpg 768w, https:\/\/moviecrazyplanet.com\/wp-content\/uploads\/2025\/05\/Funciones-Relajadas_Karate-Kid-Leyendas_1-1024x1280.jpg 1024w\" sizes=\"auto, (max-width: 1080px) 100vw, 1080px\" \/><\/a><\/p>\n<p><img loading=\"lazy\" decoding=\"async\" class=\"alignnone size-full wp-image-1682\" src=\"http:\/\/moviecrazyplanet.com\/wp-content\/uploads\/2023\/08\/images-69.jpeg\" alt=\"\" width=\"400\" height=\"400\" srcset=\"https:\/\/moviecrazyplanet.com\/wp-content\/uploads\/2023\/08\/images-69.jpeg 400w, https:\/\/moviecrazyplanet.com\/wp-content\/uploads\/2023\/08\/images-69-300x300.jpeg 300w, https:\/\/moviecrazyplanet.com\/wp-content\/uploads\/2023\/08\/images-69-150x150.jpeg 150w\" sizes=\"auto, (max-width: 400px) 100vw, 400px\" \/><\/p>\n<p><a href=\"http:\/\/www.cinepolis.com\" target=\"_blank\" rel=\"noopener\"><img loading=\"lazy\" decoding=\"async\" class=\"alignnone size-full wp-image-4283\" src=\"http:\/\/moviecrazyplanet.com\/wp-content\/uploads\/2024\/01\/Cinepolis.jpeg\" alt=\"\" width=\"800\" height=\"484\" srcset=\"https:\/\/moviecrazyplanet.com\/wp-content\/uploads\/2024\/01\/Cinepolis.jpeg 800w, https:\/\/moviecrazyplanet.com\/wp-content\/uploads\/2024\/01\/Cinepolis-300x182.jpeg 300w, https:\/\/moviecrazyplanet.com\/wp-content\/uploads\/2024\/01\/Cinepolis-768x465.jpeg 768w\" sizes=\"auto, (max-width: 800px) 100vw, 800px\" \/><\/a><\/p>\n<p>Con informaci\u00f3n de <strong>Sony Pictures<\/strong> gracias a <strong>Edelman M\u00e9xico.<\/strong><\/p>\n","protected":false},"excerpt":{"rendered":"<p>Fundaci\u00f3n Cin\u00e9polis y Sony Pictures anuncian las fechas para las\u00a0Funciones Relajadas de\u00a0Karate Kid: Leyendas. Una nueva historia de emociones profundas y evoluci\u00f3n personal, que cuenta con\u00a0Garant\u00eda Cin\u00e9polis\u00ae. Dirigida por\u00a0Jonathan Entwistle\u00a0(The End of the F**ing World*, 2017;\u00a0I Am Not Okay With This, 2020), esta entrega fusiona generaciones, estilos de pelea y culturas en una historia que [&hellip;]<\/p>\n","protected":false},"author":2,"featured_media":13707,"comment_status":"open","ping_status":"open","sticky":false,"template":"","format":"standard","meta":{"footnotes":""},"categories":[54,100,16,59,75],"tags":[],"class_list":["post-13698","post","type-post","status-publish","format-standard","has-post-thumbnail","hentry","category-accion-2","category-cinepolis","category-deportes","category-drama","category-sony-pictures"],"_links":{"self":[{"href":"https:\/\/moviecrazyplanet.com\/index.php?rest_route=\/wp\/v2\/posts\/13698","targetHints":{"allow":["GET"]}}],"collection":[{"href":"https:\/\/moviecrazyplanet.com\/index.php?rest_route=\/wp\/v2\/posts"}],"about":[{"href":"https:\/\/moviecrazyplanet.com\/index.php?rest_route=\/wp\/v2\/types\/post"}],"author":[{"embeddable":true,"href":"https:\/\/moviecrazyplanet.com\/index.php?rest_route=\/wp\/v2\/users\/2"}],"replies":[{"embeddable":true,"href":"https:\/\/moviecrazyplanet.com\/index.php?rest_route=%2Fwp%2Fv2%2Fcomments&post=13698"}],"version-history":[{"count":3,"href":"https:\/\/moviecrazyplanet.com\/index.php?rest_route=\/wp\/v2\/posts\/13698\/revisions"}],"predecessor-version":[{"id":13709,"href":"https:\/\/moviecrazyplanet.com\/index.php?rest_route=\/wp\/v2\/posts\/13698\/revisions\/13709"}],"wp:featuredmedia":[{"embeddable":true,"href":"https:\/\/moviecrazyplanet.com\/index.php?rest_route=\/wp\/v2\/media\/13707"}],"wp:attachment":[{"href":"https:\/\/moviecrazyplanet.com\/index.php?rest_route=%2Fwp%2Fv2%2Fmedia&parent=13698"}],"wp:term":[{"taxonomy":"category","embeddable":true,"href":"https:\/\/moviecrazyplanet.com\/index.php?rest_route=%2Fwp%2Fv2%2Fcategories&post=13698"},{"taxonomy":"post_tag","embeddable":true,"href":"https:\/\/moviecrazyplanet.com\/index.php?rest_route=%2Fwp%2Fv2%2Ftags&post=13698"}],"curies":[{"name":"wp","href":"https:\/\/api.w.org\/{rel}","templated":true}]}}