{"id":1456,"date":"2023-08-03T19:30:37","date_gmt":"2023-08-04T01:30:37","guid":{"rendered":"https:\/\/moviecrazyplanet.com\/?p=1456"},"modified":"2023-08-04T14:53:25","modified_gmt":"2023-08-04T20:53:25","slug":"primer-trailer-de-radical-la-nueva-pelicula-de-eugenio-derbez","status":"publish","type":"post","link":"https:\/\/moviecrazyplanet.com\/?p=1456","title":{"rendered":"Primer tr\u00e1iler de Radical, la nueva pel\u00edcula de Eugenio Derbez"},"content":{"rendered":"<p><strong>RADICAL, <\/strong>pel\u00edcula\u00a0protagonizada y producida por el mexicano <strong>Eugenio Derbez<\/strong>, estrenar\u00e1 pr\u00f3ximamente en cines en <strong>M\u00e9xico<\/strong> y <strong>Estados Unidos<\/strong>.<\/p>\n<figure id=\"attachment_1457\" aria-describedby=\"caption-attachment-1457\" style=\"width: 1540px\" class=\"wp-caption alignnone\"><img loading=\"lazy\" decoding=\"async\" class=\"wp-image-1457 size-full\" src=\"http:\/\/moviecrazyplanet.com\/wp-content\/uploads\/2023\/08\/RADICAL_MAIN_CLASSROOM_BAJA_ENTREGA.jpg\" alt=\"\" width=\"1540\" height=\"2255\" srcset=\"https:\/\/moviecrazyplanet.com\/wp-content\/uploads\/2023\/08\/RADICAL_MAIN_CLASSROOM_BAJA_ENTREGA.jpg 1540w, https:\/\/moviecrazyplanet.com\/wp-content\/uploads\/2023\/08\/RADICAL_MAIN_CLASSROOM_BAJA_ENTREGA-205x300.jpg 205w, https:\/\/moviecrazyplanet.com\/wp-content\/uploads\/2023\/08\/RADICAL_MAIN_CLASSROOM_BAJA_ENTREGA-699x1024.jpg 699w, https:\/\/moviecrazyplanet.com\/wp-content\/uploads\/2023\/08\/RADICAL_MAIN_CLASSROOM_BAJA_ENTREGA-768x1125.jpg 768w, https:\/\/moviecrazyplanet.com\/wp-content\/uploads\/2023\/08\/RADICAL_MAIN_CLASSROOM_BAJA_ENTREGA-1049x1536.jpg 1049w, https:\/\/moviecrazyplanet.com\/wp-content\/uploads\/2023\/08\/RADICAL_MAIN_CLASSROOM_BAJA_ENTREGA-1399x2048.jpg 1399w, https:\/\/moviecrazyplanet.com\/wp-content\/uploads\/2023\/08\/RADICAL_MAIN_CLASSROOM_BAJA_ENTREGA-1024x1499.jpg 1024w\" sizes=\"auto, (max-width: 1540px) 100vw, 1540px\" \/><figcaption id=\"caption-attachment-1457\" class=\"wp-caption-text\">Radical, Videocine 2023.<\/figcaption><\/figure>\n<p>En una ciudad fronteriza mexicana plagada de abandono, corrupci\u00f3n y violencia, un profesor (<strong>Eugenio Derbez<\/strong>) prueba un m\u00e9todo radicalmente nuevo para romper con la apat\u00eda de sus alumnos y desbloquear su curiosidad, su potencial&#8230; y tal vez incluso su genialidad. Una historia muy conmovedora, basada en una historia real.<\/p>\n<figure id=\"attachment_1458\" aria-describedby=\"caption-attachment-1458\" style=\"width: 739px\" class=\"wp-caption alignnone\"><img loading=\"lazy\" decoding=\"async\" class=\"wp-image-1458 size-full\" src=\"http:\/\/moviecrazyplanet.com\/wp-content\/uploads\/2023\/08\/images-1-18.jpeg\" alt=\"\" width=\"739\" height=\"415\" srcset=\"https:\/\/moviecrazyplanet.com\/wp-content\/uploads\/2023\/08\/images-1-18.jpeg 739w, https:\/\/moviecrazyplanet.com\/wp-content\/uploads\/2023\/08\/images-1-18-300x168.jpeg 300w\" sizes=\"auto, (max-width: 739px) 100vw, 739px\" \/><figcaption id=\"caption-attachment-1458\" class=\"wp-caption-text\">Eugenio Derbez en Radical, Videocine 2023.<\/figcaption><\/figure>\n<p><strong>RADICAL<\/strong>, pel\u00edcula escrita y dirigida por <strong>Christopher Zalla, <\/strong>una historia basada en hechos reales que resalta la potencia de las mentes brillantes de los ni\u00f1os cuando un maestro los empodera para pensar por ellos mismos.<\/p>\n<figure id=\"attachment_1461\" aria-describedby=\"caption-attachment-1461\" style=\"width: 738px\" class=\"wp-caption alignnone\"><img loading=\"lazy\" decoding=\"async\" class=\"wp-image-1461 size-full\" src=\"http:\/\/moviecrazyplanet.com\/wp-content\/uploads\/2023\/08\/20230803_190818.jpg\" alt=\"\" width=\"738\" height=\"414\" srcset=\"https:\/\/moviecrazyplanet.com\/wp-content\/uploads\/2023\/08\/20230803_190818.jpg 738w, https:\/\/moviecrazyplanet.com\/wp-content\/uploads\/2023\/08\/20230803_190818-300x168.jpg 300w\" sizes=\"auto, (max-width: 738px) 100vw, 738px\" \/><figcaption id=\"caption-attachment-1461\" class=\"wp-caption-text\">Eugenio Derbez en Radical, Videocine 2023.<\/figcaption><\/figure>\n<p><strong>RADICAL<\/strong> es producida por <strong>3Pas Studios<\/strong> y <strong>ViX<\/strong>, en asociaci\u00f3n con <strong>Epic Magazine<\/strong> y <strong>The Lift<\/strong>.<\/p>\n<figure id=\"attachment_1460\" aria-describedby=\"caption-attachment-1460\" style=\"width: 734px\" class=\"wp-caption alignnone\"><img loading=\"lazy\" decoding=\"async\" class=\"wp-image-1460 size-full\" src=\"http:\/\/moviecrazyplanet.com\/wp-content\/uploads\/2023\/08\/20230803_190837.jpg\" alt=\"\" width=\"734\" height=\"416\" srcset=\"https:\/\/moviecrazyplanet.com\/wp-content\/uploads\/2023\/08\/20230803_190837.jpg 734w, https:\/\/moviecrazyplanet.com\/wp-content\/uploads\/2023\/08\/20230803_190837-300x170.jpg 300w\" sizes=\"auto, (max-width: 734px) 100vw, 734px\" \/><figcaption id=\"caption-attachment-1460\" class=\"wp-caption-text\">Eugenio Derbez en Radical, Videocine 2023.<\/figcaption><\/figure>\n<p><strong>RADICAL<\/strong>, se present\u00f3 en el <strong>Festival de Cine de Sundance<\/strong> a inicios de a\u00f1o y recibi\u00f3 el m\u00e1ximo reconocimiento de la audiencia (<strong>Pel\u00edcula Favorita del Festival<\/strong>). Fue seleccionada entre m\u00e1s de 100 filmes y 64 cortometrajes participantes.<\/p>\n<figure id=\"attachment_1469\" aria-describedby=\"caption-attachment-1469\" style=\"width: 739px\" class=\"wp-caption alignnone\"><img loading=\"lazy\" decoding=\"async\" class=\"wp-image-1469 size-full\" src=\"http:\/\/moviecrazyplanet.com\/wp-content\/uploads\/2023\/08\/images-23.jpeg\" alt=\"\" width=\"739\" height=\"415\" srcset=\"https:\/\/moviecrazyplanet.com\/wp-content\/uploads\/2023\/08\/images-23.jpeg 739w, https:\/\/moviecrazyplanet.com\/wp-content\/uploads\/2023\/08\/images-23-300x168.jpeg 300w\" sizes=\"auto, (max-width: 739px) 100vw, 739px\" \/><figcaption id=\"caption-attachment-1469\" class=\"wp-caption-text\">Eugenio Derbez en Sundance 2023.<\/figcaption><\/figure>\n<p>La cinta cuenta con las actuaciones de <strong>Eugenio Derbez<\/strong>, <strong>Daniel Haddad<\/strong> y <strong>Gilberto Barraza<\/strong>, presentando a <strong>Jennifer Trejo<\/strong>, <strong>Mia Fernanda Sol\u00eds<\/strong>, y <strong>Danilo Guardiola.<\/strong><\/p>\n<figure id=\"attachment_1463\" aria-describedby=\"caption-attachment-1463\" style=\"width: 678px\" class=\"wp-caption alignnone\"><img loading=\"lazy\" decoding=\"async\" class=\"wp-image-1463 size-full\" src=\"http:\/\/moviecrazyplanet.com\/wp-content\/uploads\/2023\/08\/images-20.jpeg\" alt=\"\" width=\"678\" height=\"452\" srcset=\"https:\/\/moviecrazyplanet.com\/wp-content\/uploads\/2023\/08\/images-20.jpeg 678w, https:\/\/moviecrazyplanet.com\/wp-content\/uploads\/2023\/08\/images-20-300x200.jpeg 300w\" sizes=\"auto, (max-width: 678px) 100vw, 678px\" \/><figcaption id=\"caption-attachment-1463\" class=\"wp-caption-text\">El elenco de Radical en Sundance 2023.<\/figcaption><\/figure>\n<p>Disfruta el tr\u00e1iler de <strong>RADICAL<\/strong>, pel\u00edcula protagonizada por <strong>Eugenio Derbez <\/strong>que llegar\u00e1 pr\u00f3ximamente a cines gracias a <strong>Videocine<\/strong>.<\/p>\n<p><iframe loading=\"lazy\" title=\"RADICAL - Tr\u00e1iler Oficial\" width=\"640\" height=\"360\" src=\"https:\/\/www.youtube.com\/embed\/4CpKulS9h88?feature=oembed\" frameborder=\"0\" allow=\"accelerometer; autoplay; clipboard-write; encrypted-media; gyroscope; picture-in-picture; web-share\" referrerpolicy=\"strict-origin-when-cross-origin\" allowfullscreen><\/iframe><\/p>\n<p><a href=\"https:\/\/videocine.com.mx\/\" target=\"_blank\" rel=\"noopener\"><img loading=\"lazy\" decoding=\"async\" class=\"alignnone size-full wp-image-1464\" src=\"http:\/\/moviecrazyplanet.com\/wp-content\/uploads\/2023\/08\/20230803_192326.png\" alt=\"\" width=\"552\" height=\"339\" srcset=\"https:\/\/moviecrazyplanet.com\/wp-content\/uploads\/2023\/08\/20230803_192326.png 552w, https:\/\/moviecrazyplanet.com\/wp-content\/uploads\/2023\/08\/20230803_192326-300x184.png 300w\" sizes=\"auto, (max-width: 552px) 100vw, 552px\" \/><\/a><\/p>\n","protected":false},"excerpt":{"rendered":"<p>RADICAL, pel\u00edcula\u00a0protagonizada y producida por el mexicano Eugenio Derbez, estrenar\u00e1 pr\u00f3ximamente en cines en M\u00e9xico y Estados Unidos. En una ciudad fronteriza mexicana plagada de abandono, corrupci\u00f3n y violencia, un profesor (Eugenio Derbez) prueba un m\u00e9todo radicalmente nuevo para romper con la apat\u00eda de sus alumnos y desbloquear su curiosidad, su potencial&#8230; y tal vez [&hellip;]<\/p>\n","protected":false},"author":2,"featured_media":1490,"comment_status":"open","ping_status":"open","sticky":false,"template":"","format":"standard","meta":{"footnotes":""},"categories":[59,91],"tags":[],"class_list":["post-1456","post","type-post","status-publish","format-standard","has-post-thumbnail","hentry","category-drama","category-videocine"],"_links":{"self":[{"href":"https:\/\/moviecrazyplanet.com\/index.php?rest_route=\/wp\/v2\/posts\/1456","targetHints":{"allow":["GET"]}}],"collection":[{"href":"https:\/\/moviecrazyplanet.com\/index.php?rest_route=\/wp\/v2\/posts"}],"about":[{"href":"https:\/\/moviecrazyplanet.com\/index.php?rest_route=\/wp\/v2\/types\/post"}],"author":[{"embeddable":true,"href":"https:\/\/moviecrazyplanet.com\/index.php?rest_route=\/wp\/v2\/users\/2"}],"replies":[{"embeddable":true,"href":"https:\/\/moviecrazyplanet.com\/index.php?rest_route=%2Fwp%2Fv2%2Fcomments&post=1456"}],"version-history":[{"count":4,"href":"https:\/\/moviecrazyplanet.com\/index.php?rest_route=\/wp\/v2\/posts\/1456\/revisions"}],"predecessor-version":[{"id":1470,"href":"https:\/\/moviecrazyplanet.com\/index.php?rest_route=\/wp\/v2\/posts\/1456\/revisions\/1470"}],"wp:featuredmedia":[{"embeddable":true,"href":"https:\/\/moviecrazyplanet.com\/index.php?rest_route=\/wp\/v2\/media\/1490"}],"wp:attachment":[{"href":"https:\/\/moviecrazyplanet.com\/index.php?rest_route=%2Fwp%2Fv2%2Fmedia&parent=1456"}],"wp:term":[{"taxonomy":"category","embeddable":true,"href":"https:\/\/moviecrazyplanet.com\/index.php?rest_route=%2Fwp%2Fv2%2Fcategories&post=1456"},{"taxonomy":"post_tag","embeddable":true,"href":"https:\/\/moviecrazyplanet.com\/index.php?rest_route=%2Fwp%2Fv2%2Ftags&post=1456"}],"curies":[{"name":"wp","href":"https:\/\/api.w.org\/{rel}","templated":true}]}}