{"id":15385,"date":"2025-08-18T16:31:20","date_gmt":"2025-08-18T22:31:20","guid":{"rendered":"https:\/\/moviecrazyplanet.com\/?p=15385"},"modified":"2025-08-18T16:31:20","modified_gmt":"2025-08-18T22:31:20","slug":"soy-frankelda-la-primera-pelicula-mexicana-en-stop-motion","status":"publish","type":"post","link":"https:\/\/moviecrazyplanet.com\/?p=15385","title":{"rendered":"Soy Frankelda, la primera pel\u00edcula mexicana en stop-motion"},"content":{"rendered":"<p>Lo que imaginas lleva mucho tiempo imagin\u00e1ndote.<\/p>\n<p><strong><em>Soy Frankelda<\/em><\/strong>, dirigida por <strong>Roy<\/strong> y <strong>Arturo Ambriz<\/strong>, ha sido galardonada con una\u00a0<strong>Menci\u00f3n Especial del Jurado<\/strong>\u00a0en el prestigioso\u00a0<strong>Premio Satoshi Kon a la Excelencia en Animaci\u00f3n<\/strong>, otorgado durante la <strong>edici\u00f3n 2025<\/strong> del\u00a0<strong>Festival Internacional de Cine Fantas\u00eda<\/strong>, celebrado en Montreal, Canad\u00e1.<\/p>\n<p><img loading=\"lazy\" decoding=\"async\" class=\"alignnone size-full wp-image-15387\" src=\"http:\/\/moviecrazyplanet.com\/wp-content\/uploads\/2025\/08\/Soy-Frankelda-Ganadora.jpg\" alt=\"\" width=\"1440\" height=\"1920\" srcset=\"https:\/\/moviecrazyplanet.com\/wp-content\/uploads\/2025\/08\/Soy-Frankelda-Ganadora.jpg 1440w, https:\/\/moviecrazyplanet.com\/wp-content\/uploads\/2025\/08\/Soy-Frankelda-Ganadora-225x300.jpg 225w, https:\/\/moviecrazyplanet.com\/wp-content\/uploads\/2025\/08\/Soy-Frankelda-Ganadora-768x1024.jpg 768w, https:\/\/moviecrazyplanet.com\/wp-content\/uploads\/2025\/08\/Soy-Frankelda-Ganadora-1152x1536.jpg 1152w, https:\/\/moviecrazyplanet.com\/wp-content\/uploads\/2025\/08\/Soy-Frankelda-Ganadora-1024x1365.jpg 1024w\" sizes=\"auto, (max-width: 1440px) 100vw, 1440px\" \/><\/p>\n<p>Este premio \u2014nombrado en honor al legendario cineasta japon\u00e9s <strong>Satoshi Kon<\/strong>\u2014 reconoce obras de animaci\u00f3n que destacan por su audacia creativa, maestr\u00eda t\u00e9cnica y fuerza narrativa. La menci\u00f3n especial posiciona a\u00a0<strong>Soy Frankelda\u00a0<\/strong>como una de las propuestas m\u00e1s sobresalientes del cine animado contempor\u00e1neo, a la par de producciones internacionales de alto calibre.<\/p>\n<p><img loading=\"lazy\" decoding=\"async\" class=\"alignnone size-full wp-image-15390\" src=\"http:\/\/moviecrazyplanet.com\/wp-content\/uploads\/2025\/08\/Frankelda_Herneval_barco-scaled.png\" alt=\"\" width=\"2560\" height=\"1707\" srcset=\"https:\/\/moviecrazyplanet.com\/wp-content\/uploads\/2025\/08\/Frankelda_Herneval_barco-scaled.png 2560w, https:\/\/moviecrazyplanet.com\/wp-content\/uploads\/2025\/08\/Frankelda_Herneval_barco-300x200.png 300w, https:\/\/moviecrazyplanet.com\/wp-content\/uploads\/2025\/08\/Frankelda_Herneval_barco-1024x683.png 1024w, https:\/\/moviecrazyplanet.com\/wp-content\/uploads\/2025\/08\/Frankelda_Herneval_barco-768x512.png 768w, https:\/\/moviecrazyplanet.com\/wp-content\/uploads\/2025\/08\/Frankelda_Herneval_barco-1536x1024.png 1536w, https:\/\/moviecrazyplanet.com\/wp-content\/uploads\/2025\/08\/Frankelda_Herneval_barco-2048x1365.png 2048w\" sizes=\"auto, (max-width: 2560px) 100vw, 2560px\" \/><\/p>\n<p>\u201cGracias al jurado de Fantasia, al p\u00fablico que nos acompa\u00f1\u00f3 en Montreal, y a todo el equipo que hizo posible esta pel\u00edcula tan \u00edntima, oscura y m\u00e1gica. Este premio lleva el nombre de uno de los grandes genios del anime, y para nosotros, es un sue\u00f1o recibirlo\u201d, compartieron los Hermanos Ambriz a trav\u00e9s de las redes de Cinema Fantasma.<\/p>\n<p><img loading=\"lazy\" decoding=\"async\" class=\"alignnone size-full wp-image-15392\" src=\"http:\/\/moviecrazyplanet.com\/wp-content\/uploads\/2025\/08\/I_am_Frankelda_still_Hernevalito.png\" alt=\"\" width=\"1920\" height=\"1080\" srcset=\"https:\/\/moviecrazyplanet.com\/wp-content\/uploads\/2025\/08\/I_am_Frankelda_still_Hernevalito.png 1920w, https:\/\/moviecrazyplanet.com\/wp-content\/uploads\/2025\/08\/I_am_Frankelda_still_Hernevalito-300x169.png 300w, https:\/\/moviecrazyplanet.com\/wp-content\/uploads\/2025\/08\/I_am_Frankelda_still_Hernevalito-1024x576.png 1024w, https:\/\/moviecrazyplanet.com\/wp-content\/uploads\/2025\/08\/I_am_Frankelda_still_Hernevalito-768x432.png 768w, https:\/\/moviecrazyplanet.com\/wp-content\/uploads\/2025\/08\/I_am_Frankelda_still_Hernevalito-1536x864.png 1536w, https:\/\/moviecrazyplanet.com\/wp-content\/uploads\/2025\/08\/I_am_Frankelda_still_Hernevalito-1280x720.png 1280w\" sizes=\"auto, (max-width: 1920px) 100vw, 1920px\" \/><\/p>\n<p>El premio se suma al impactante recorrido internacional que la pel\u00edcula ha tenido en apenas dos meses, tras su estreno en junio como cinta inaugural del <strong>Festival Internacional de Cine en Guadalajara<\/strong> (FICG) \u2014la primera vez que una animaci\u00f3n mexicana abre este evento\u2014, y su presentaci\u00f3n oficial en el <strong>Festival de Animaci\u00f3n de Annecy<\/strong>, en <strong>Francia<\/strong>, el m\u00e1s importante del mundo en su categor\u00eda.<br \/>\nCon esta nueva distinci\u00f3n en <strong>Fantasia<\/strong>, uno de los festivales de cine de g\u00e9nero m\u00e1s influyentes del mundo,\u00a0<strong>Soy Frankelda<\/strong>\u00a0reafirma su lugar como un fen\u00f3meno sin precedentes dentro de la animaci\u00f3n latinoamericana.<\/p>\n<p><img decoding=\"async\" class=\"alignnone size-full wp-image-15389\" src=\"http:\/\/moviecrazyplanet.com\/wp-content\/uploads\/2025\/08\/frankelda_marioneta_making_of_02_02.png\" alt=\"\" \/><\/p>\n<p>El largometraje, producido por\u00a0<strong>Cinema Fantasma<\/strong>, en colaboraci\u00f3n con\u00a0<strong>Warner Bros Discovery Kids &amp; Animation<\/strong>,\u00a0<strong>Cine Vendaval<\/strong>\u00a0y\u00a0<strong>Woo Films<\/strong>\u00a0y distribuido por\u00a0<strong>Cin\u00e9polis Distribuci\u00f3n<\/strong>, ha sido aclamado por su est\u00e9tica artesanal, su narrativa profundamente emocional y su capacidad de explorar mundos fant\u00e1sticos con un sello mexicano inconfundible.<\/p>\n<p><img loading=\"lazy\" decoding=\"async\" class=\"alignnone size-full wp-image-15388\" src=\"http:\/\/moviecrazyplanet.com\/wp-content\/uploads\/2025\/08\/Roy_Arturo_marionetas_2024_frankelda-scaled.png\" alt=\"\" width=\"2560\" height=\"1777\" srcset=\"https:\/\/moviecrazyplanet.com\/wp-content\/uploads\/2025\/08\/Roy_Arturo_marionetas_2024_frankelda-scaled.png 2560w, https:\/\/moviecrazyplanet.com\/wp-content\/uploads\/2025\/08\/Roy_Arturo_marionetas_2024_frankelda-300x208.png 300w, https:\/\/moviecrazyplanet.com\/wp-content\/uploads\/2025\/08\/Roy_Arturo_marionetas_2024_frankelda-1024x711.png 1024w, https:\/\/moviecrazyplanet.com\/wp-content\/uploads\/2025\/08\/Roy_Arturo_marionetas_2024_frankelda-768x533.png 768w, https:\/\/moviecrazyplanet.com\/wp-content\/uploads\/2025\/08\/Roy_Arturo_marionetas_2024_frankelda-1536x1066.png 1536w, https:\/\/moviecrazyplanet.com\/wp-content\/uploads\/2025\/08\/Roy_Arturo_marionetas_2024_frankelda-2048x1421.png 2048w\" sizes=\"auto, (max-width: 2560px) 100vw, 2560px\" \/><\/p>\n<p>Este reconocimiento en <strong>Montreal<\/strong> representa tambi\u00e9n una consolidaci\u00f3n para los <strong>Hermanos Ambriz<\/strong> como creadores independientes con una visi\u00f3n \u00fanica. Su pel\u00edcula \u2014una historia poderosa sobre imaginaci\u00f3n, identidad y resistencia\u2014 demuestra que la animaci\u00f3n hecha en M\u00e9xico puede competir y triunfar en los escenarios m\u00e1s exigentes del mundo.<\/p>\n<p><img loading=\"lazy\" decoding=\"async\" class=\"alignnone size-full wp-image-15386\" src=\"http:\/\/moviecrazyplanet.com\/wp-content\/uploads\/2025\/08\/I-Am-Frankelda__-our-first-feature-film-and-the-first-stop-motion-feature-ever-made-in-Mexico_-will-have-its-world-premiere-at-the-_annecyfestival-_-as-par.jpg\" alt=\"\" width=\"1440\" height=\"1800\" srcset=\"https:\/\/moviecrazyplanet.com\/wp-content\/uploads\/2025\/08\/I-Am-Frankelda__-our-first-feature-film-and-the-first-stop-motion-feature-ever-made-in-Mexico_-will-have-its-world-premiere-at-the-_annecyfestival-_-as-par.jpg 1440w, https:\/\/moviecrazyplanet.com\/wp-content\/uploads\/2025\/08\/I-Am-Frankelda__-our-first-feature-film-and-the-first-stop-motion-feature-ever-made-in-Mexico_-will-have-its-world-premiere-at-the-_annecyfestival-_-as-par-240x300.jpg 240w, https:\/\/moviecrazyplanet.com\/wp-content\/uploads\/2025\/08\/I-Am-Frankelda__-our-first-feature-film-and-the-first-stop-motion-feature-ever-made-in-Mexico_-will-have-its-world-premiere-at-the-_annecyfestival-_-as-par-819x1024.jpg 819w, https:\/\/moviecrazyplanet.com\/wp-content\/uploads\/2025\/08\/I-Am-Frankelda__-our-first-feature-film-and-the-first-stop-motion-feature-ever-made-in-Mexico_-will-have-its-world-premiere-at-the-_annecyfestival-_-as-par-768x960.jpg 768w, https:\/\/moviecrazyplanet.com\/wp-content\/uploads\/2025\/08\/I-Am-Frankelda__-our-first-feature-film-and-the-first-stop-motion-feature-ever-made-in-Mexico_-will-have-its-world-premiere-at-the-_annecyfestival-_-as-par-1229x1536.jpg 1229w, https:\/\/moviecrazyplanet.com\/wp-content\/uploads\/2025\/08\/I-Am-Frankelda__-our-first-feature-film-and-the-first-stop-motion-feature-ever-made-in-Mexico_-will-have-its-world-premiere-at-the-_annecyfestival-_-as-par-1024x1280.jpg 1024w\" sizes=\"auto, (max-width: 1440px) 100vw, 1440px\" \/><\/p>\n<p>El recorrido de\u00a0<strong>Soy Frankelda<\/strong> apenas comienza. Tras conquistar festivales internacionales, la cinta se prepara para su esperado estreno en salas, llevando consigo no solo el orgullo de ser la <strong>primera pel\u00edcula mexicana en stop-motion<\/strong>, sino tambi\u00e9n el mensaje de que las voces que narran desde el coraz\u00f3n pueden romper cualquier frontera. La pel\u00edcula ser\u00e1 estrenada a nivel comercial en <strong>los cines de M\u00e9xico<\/strong> en el mes de <strong>octubre<\/strong>.<\/p>\n<p><iframe loading=\"lazy\" title=\"Teaser de Soy Frankelda\" width=\"640\" height=\"360\" src=\"https:\/\/www.youtube.com\/embed\/SgQunhb-MAg?feature=oembed\" frameborder=\"0\" allow=\"accelerometer; autoplay; clipboard-write; encrypted-media; gyroscope; picture-in-picture; web-share\" referrerpolicy=\"strict-origin-when-cross-origin\" allowfullscreen><\/iframe><\/p>\n<p><img loading=\"lazy\" decoding=\"async\" class=\"alignnone size-full wp-image-2329\" src=\"http:\/\/moviecrazyplanet.com\/wp-content\/uploads\/2023\/10\/images-10.png\" alt=\"\" width=\"554\" height=\"327\" srcset=\"https:\/\/moviecrazyplanet.com\/wp-content\/uploads\/2023\/10\/images-10.png 554w, https:\/\/moviecrazyplanet.com\/wp-content\/uploads\/2023\/10\/images-10-300x177.png 300w\" sizes=\"auto, (max-width: 554px) 100vw, 554px\" \/><\/p>\n<p>Con informaci\u00f3n de <strong>Cin\u00e9polis Distribuci\u00f3n<\/strong> gracias a <strong>IQ Icunacury Acosta &amp; Co<\/strong>.<\/p>\n","protected":false},"excerpt":{"rendered":"<p>Lo que imaginas lleva mucho tiempo imagin\u00e1ndote. Soy Frankelda, dirigida por Roy y Arturo Ambriz, ha sido galardonada con una\u00a0Menci\u00f3n Especial del Jurado\u00a0en el prestigioso\u00a0Premio Satoshi Kon a la Excelencia en Animaci\u00f3n, otorgado durante la edici\u00f3n 2025 del\u00a0Festival Internacional de Cine Fantas\u00eda, celebrado en Montreal, Canad\u00e1. Este premio \u2014nombrado en honor al legendario cineasta japon\u00e9s [&hellip;]<\/p>\n","protected":false},"author":2,"featured_media":15393,"comment_status":"open","ping_status":"open","sticky":false,"template":"","format":"standard","meta":{"footnotes":""},"categories":[79,104,134],"tags":[],"class_list":["post-15385","post","type-post","status-publish","format-standard","has-post-thumbnail","hentry","category-animacion","category-cinepolis-distribucion","category-stop-motion"],"_links":{"self":[{"href":"https:\/\/moviecrazyplanet.com\/index.php?rest_route=\/wp\/v2\/posts\/15385","targetHints":{"allow":["GET"]}}],"collection":[{"href":"https:\/\/moviecrazyplanet.com\/index.php?rest_route=\/wp\/v2\/posts"}],"about":[{"href":"https:\/\/moviecrazyplanet.com\/index.php?rest_route=\/wp\/v2\/types\/post"}],"author":[{"embeddable":true,"href":"https:\/\/moviecrazyplanet.com\/index.php?rest_route=\/wp\/v2\/users\/2"}],"replies":[{"embeddable":true,"href":"https:\/\/moviecrazyplanet.com\/index.php?rest_route=%2Fwp%2Fv2%2Fcomments&post=15385"}],"version-history":[{"count":4,"href":"https:\/\/moviecrazyplanet.com\/index.php?rest_route=\/wp\/v2\/posts\/15385\/revisions"}],"predecessor-version":[{"id":15399,"href":"https:\/\/moviecrazyplanet.com\/index.php?rest_route=\/wp\/v2\/posts\/15385\/revisions\/15399"}],"wp:featuredmedia":[{"embeddable":true,"href":"https:\/\/moviecrazyplanet.com\/index.php?rest_route=\/wp\/v2\/media\/15393"}],"wp:attachment":[{"href":"https:\/\/moviecrazyplanet.com\/index.php?rest_route=%2Fwp%2Fv2%2Fmedia&parent=15385"}],"wp:term":[{"taxonomy":"category","embeddable":true,"href":"https:\/\/moviecrazyplanet.com\/index.php?rest_route=%2Fwp%2Fv2%2Fcategories&post=15385"},{"taxonomy":"post_tag","embeddable":true,"href":"https:\/\/moviecrazyplanet.com\/index.php?rest_route=%2Fwp%2Fv2%2Ftags&post=15385"}],"curies":[{"name":"wp","href":"https:\/\/api.w.org\/{rel}","templated":true}]}}