{"id":15937,"date":"2025-09-12T16:41:19","date_gmt":"2025-09-12T22:41:19","guid":{"rendered":"https:\/\/moviecrazyplanet.com\/?p=15937"},"modified":"2025-09-12T17:49:39","modified_gmt":"2025-09-12T23:49:39","slug":"depeche-mode-m-llega-a-salas-imax","status":"publish","type":"post","link":"https:\/\/moviecrazyplanet.com\/?p=15937","title":{"rendered":"Depeche Mode M llega a salas IMAX"},"content":{"rendered":"<p>Tras una recepci\u00f3n entusiasta en el <strong>Festival de Tribeca<\/strong> de este a\u00f1o,\u00a0<strong><span class=\"termHighlighted\">Depeche Mode<\/span><\/strong>, junto con <strong>Trafalgar Releasing<\/strong> y <strong>Sony Music Vision<\/strong>, anuncian el estreno de la pel\u00edcula\u00a0<strong><span class=\"termHighlighted\">DEPECHE MODE<\/span>: M<\/strong>, que llegar\u00e1 a cines e <strong>IMAX<\/strong> de todo el mundo para un evento cinematogr\u00e1fico limitado a partir del <strong>martes 28 de octubre<\/strong>. Se espera que la pel\u00edcula se proyecte en m\u00e1s de 2,500 salas de m\u00e1s de 60 pa\u00edses, ofreciendo a los fans de todo el mundo la oportunidad de unirse a <strong>Dave Gahan<\/strong>, <strong>Martin Gore<\/strong>, el director <strong>Fernando Fr\u00edas<\/strong> y compa\u00f1\u00eda en un viaje cinematogr\u00e1fico \u00fanico hacia el coraz\u00f3n de la relaci\u00f3n de la cultura mexicana con la muerte, enmarcado por las ic\u00f3nicas presentaciones en vivo de\u00a0<strong><span class=\"termHighlighted\">Depeche Mode<\/span><\/strong>.<\/p>\n<p><img loading=\"lazy\" decoding=\"async\" class=\"alignnone size-full wp-image-15940\" src=\"http:\/\/moviecrazyplanet.com\/wp-content\/uploads\/2025\/09\/Depeche-Mode-M-scaled.jpg\" alt=\"\" width=\"1728\" height=\"2560\" srcset=\"https:\/\/moviecrazyplanet.com\/wp-content\/uploads\/2025\/09\/Depeche-Mode-M-scaled.jpg 1728w, https:\/\/moviecrazyplanet.com\/wp-content\/uploads\/2025\/09\/Depeche-Mode-M-203x300.jpg 203w, https:\/\/moviecrazyplanet.com\/wp-content\/uploads\/2025\/09\/Depeche-Mode-M-691x1024.jpg 691w, https:\/\/moviecrazyplanet.com\/wp-content\/uploads\/2025\/09\/Depeche-Mode-M-768x1138.jpg 768w, https:\/\/moviecrazyplanet.com\/wp-content\/uploads\/2025\/09\/Depeche-Mode-M-1037x1536.jpg 1037w, https:\/\/moviecrazyplanet.com\/wp-content\/uploads\/2025\/09\/Depeche-Mode-M-1382x2048.jpg 1382w, https:\/\/moviecrazyplanet.com\/wp-content\/uploads\/2025\/09\/Depeche-Mode-M-1024x1517.jpg 1024w\" sizes=\"auto, (max-width: 1728px) 100vw, 1728px\" \/><\/p>\n<p>Concebida y dirigida por el galardonado cineasta mexicano <strong>Fernando Fr\u00edas<\/strong>,\u00a0<strong><span class=\"termHighlighted\">DEPECHE MODE<\/span>: M<\/strong>\u00a0es una experiencia cinematogr\u00e1fica expresiva y din\u00e1mica construida en torno a im\u00e1genes de los tres conciertos con entradas agotadas que la banda ofreci\u00f3 en el <strong>Estadio Foro Sol de Ciudad de M\u00e9xico<\/strong> durante la gira\u00a0<strong><em>Memento Mori<\/em>\u00a02023-2024<\/strong>. La pel\u00edcula de larga duraci\u00f3n lleva al p\u00fablico a un viaje musical y espiritual, donde las canciones resuenan en tiempo real con los fans, ilustrando su influencia multicultural atemporal y explorando la profunda conexi\u00f3n entre m\u00fasica, mortalidad y tradici\u00f3n mexicana.<\/p>\n<p><em>\u201cEn esencia, nuestra nueva pel\u00edcula \u2018M\u2019 trata sobre la profunda conexi\u00f3n entre m\u00fasica, cultura y personas, y Fernando Fr\u00edas, quien la dirigi\u00f3 y concibi\u00f3, hizo un hermoso trabajo contando esa historia a trav\u00e9s de la lente de la cultura mexicana y nuestros shows en Ciudad de M\u00e9xico\u201d,<\/em>\u00a0dijo\u00a0<strong>Dave Gahan<\/strong>.<\/p>\n<p><img loading=\"lazy\" decoding=\"async\" class=\"alignnone size-full wp-image-15941\" src=\"http:\/\/moviecrazyplanet.com\/wp-content\/uploads\/2025\/09\/Depeche-Mode-M_5769rt_Credit-Toni-Francois-scaled.jpg\" alt=\"\" width=\"2560\" height=\"1707\" srcset=\"https:\/\/moviecrazyplanet.com\/wp-content\/uploads\/2025\/09\/Depeche-Mode-M_5769rt_Credit-Toni-Francois-scaled.jpg 2560w, https:\/\/moviecrazyplanet.com\/wp-content\/uploads\/2025\/09\/Depeche-Mode-M_5769rt_Credit-Toni-Francois-300x200.jpg 300w, https:\/\/moviecrazyplanet.com\/wp-content\/uploads\/2025\/09\/Depeche-Mode-M_5769rt_Credit-Toni-Francois-1024x683.jpg 1024w, https:\/\/moviecrazyplanet.com\/wp-content\/uploads\/2025\/09\/Depeche-Mode-M_5769rt_Credit-Toni-Francois-768x512.jpg 768w, https:\/\/moviecrazyplanet.com\/wp-content\/uploads\/2025\/09\/Depeche-Mode-M_5769rt_Credit-Toni-Francois-1536x1024.jpg 1536w, https:\/\/moviecrazyplanet.com\/wp-content\/uploads\/2025\/09\/Depeche-Mode-M_5769rt_Credit-Toni-Francois-2048x1365.jpg 2048w\" sizes=\"auto, (max-width: 2560px) 100vw, 2560px\" \/><\/p>\n<p>A trav\u00e9s de la mirada creativa de Fr\u00edas, <strong><span class=\"termHighlighted\">DEPECHE MODE<\/span>: M<\/strong>\u00a0explora los paralelismos entre los temas del \u00faltimo \u00e1lbum de\u00a0<strong><span class=\"termHighlighted\">Depeche Mode<\/span>,\u00a0<em>Memento Mori<\/em><\/strong>, y la profunda conexi\u00f3n con la muerte y la mortalidad en la cultura mexicana. <strong>Fr\u00edas<\/strong> es mejor conocido por su galardonada pel\u00edcula \u201c<em><strong>Ya no estoy aqu\u00ed<\/strong>\u00ab<\/em>, que gan\u00f3 el prestigioso <strong>Premio Ariel de la Academia Mexicana<\/strong> en 10 categor\u00edas, incluyendo <strong>Mejor Pel\u00edcula<\/strong> y <strong>Mejor Direcci\u00f3n<\/strong>. La pel\u00edcula tambi\u00e9n le vali\u00f3 una <strong>nominaci\u00f3n<\/strong> del <strong>Gremio de Directores de Am\u00e9rica<\/strong> (DGA) a la <strong>Mejor Direcci\u00f3n<\/strong> y fue la <strong>selecci\u00f3n oficial de M\u00e9xico<\/strong> para los <strong>Premios \u00d3scar 2021<\/strong>, quedando preseleccionada a <strong>Mejor Pel\u00edcula Internacional<\/strong>. Su m\u00e1s reciente filme, \u201c<em><strong>No espero que nadie me crea\u201d<\/strong><\/em>, se estren\u00f3 con gran reconocimiento de la cr\u00edtica.<\/p>\n<p><em>\u201cEstamos orgullosos de continuar nuestra larga colaboraci\u00f3n con <strong>Sony Music Vision<\/strong> e <strong>IMAX<\/strong> para llevar\u00a0<strong><span class=\"termHighlighted\">DEPECHE MODE<\/span>: M<\/strong>\u00a0a audiencias de todo el mundo en octubre\u201d,<\/em>\u00a0dijo\u00a0<strong>Marc Allenby<\/strong>, CEO de <strong>Trafalgar Releasing<\/strong>.\u00a0<em>\u201cEsta experiencia cinematogr\u00e1fica es una celebraci\u00f3n perfecta de la gira Memento Mori y de la profunda conexi\u00f3n que\u00a0<span class=\"termHighlighted\">Depeche Mode<\/span>\u00a0mantiene con su base global de fans.\u201d<\/em><\/p>\n<p><img loading=\"lazy\" decoding=\"async\" class=\"alignnone size-full wp-image-15942\" src=\"http:\/\/moviecrazyplanet.com\/wp-content\/uploads\/2025\/09\/Depeche-Mode-M-DSC_3850_Credit-Toni-Francois_rt-scaled.jpg\" alt=\"\" width=\"2560\" height=\"1707\" srcset=\"https:\/\/moviecrazyplanet.com\/wp-content\/uploads\/2025\/09\/Depeche-Mode-M-DSC_3850_Credit-Toni-Francois_rt-scaled.jpg 2560w, https:\/\/moviecrazyplanet.com\/wp-content\/uploads\/2025\/09\/Depeche-Mode-M-DSC_3850_Credit-Toni-Francois_rt-300x200.jpg 300w, https:\/\/moviecrazyplanet.com\/wp-content\/uploads\/2025\/09\/Depeche-Mode-M-DSC_3850_Credit-Toni-Francois_rt-1024x683.jpg 1024w, https:\/\/moviecrazyplanet.com\/wp-content\/uploads\/2025\/09\/Depeche-Mode-M-DSC_3850_Credit-Toni-Francois_rt-768x512.jpg 768w, https:\/\/moviecrazyplanet.com\/wp-content\/uploads\/2025\/09\/Depeche-Mode-M-DSC_3850_Credit-Toni-Francois_rt-1536x1024.jpg 1536w, https:\/\/moviecrazyplanet.com\/wp-content\/uploads\/2025\/09\/Depeche-Mode-M-DSC_3850_Credit-Toni-Francois_rt-2048x1365.jpg 2048w\" sizes=\"auto, (max-width: 2560px) 100vw, 2560px\" \/><\/p>\n<p>La gira\u00a0<strong><em>Memento Mori<\/em><\/strong>\u00a0de\u00a0<strong><span class=\"termHighlighted\">Depeche Mode <\/span><\/strong>congreg\u00f3 a m\u00e1s de 3 millones de fans en 112 shows alrededor del mundo y fue aclamada por\u00a0<strong>Rolling Stone<\/strong>\u00a0como\u00a0<em>\u201cuna celebraci\u00f3n impresionante de la vida y la m\u00fasica\u201d<\/em>. La gira sigui\u00f3 al lanzamiento del decimoquinto \u00e1lbum de estudio de la banda,\u00a0<strong><em>Memento Mori<\/em><\/strong>, publicado en 2023 con gran reconocimiento de la cr\u00edtica. Fuente inagotable de inspiraci\u00f3n para fans, cr\u00edticos y artistas,\u00a0<strong><span class=\"termHighlighted\">Depeche Mode<\/span><\/strong>\u00a0contin\u00faa avanzando, con el \u00e1lbum y la gira\u00a0<strong><em>Memento Mori<\/em><\/strong>\u00a0representando el \u00faltimo cap\u00edtulo de una trayectoria incomparable y en constante evoluci\u00f3n.<\/p>\n<p>Los boletos\u00a0 para\u00a0<strong><span class=\"termHighlighted\">DEPECHE MODE<\/span>: M<\/strong>\u00a0estar\u00e1n disponibles a partir del <strong>17 de septiembre<\/strong> en\u00a0<a href=\"https:\/\/icunacuryacosta.us3.list-manage.com\/track\/click?u=e78bfe01a23fe4f291f90d771&amp;id=f707721836&amp;e=09ea54c29d\" target=\"_blank\" rel=\"noopener noreferrer\" data-saferedirecturl=\"https:\/\/www.google.com\/url?q=https:\/\/icunacuryacosta.us3.list-manage.com\/track\/click?u%3De78bfe01a23fe4f291f90d771%26id%3Df707721836%26e%3D09ea54c29d&amp;source=gmail&amp;ust=1757771778431000&amp;usg=AOvVaw3WLtEYgsHZ1pnk6q7SVkDk\">www.DepecheModeM.com<\/a>, donde los fans podr\u00e1n registrarse para recibir alertas del evento.<\/p>\n<p><img loading=\"lazy\" decoding=\"async\" class=\"alignnone size-full wp-image-15949\" src=\"http:\/\/moviecrazyplanet.com\/wp-content\/uploads\/2025\/09\/Depeche-Mode-M-color.jpg\" alt=\"\" width=\"1080\" height=\"1350\" srcset=\"https:\/\/moviecrazyplanet.com\/wp-content\/uploads\/2025\/09\/Depeche-Mode-M-color.jpg 1080w, https:\/\/moviecrazyplanet.com\/wp-content\/uploads\/2025\/09\/Depeche-Mode-M-color-240x300.jpg 240w, https:\/\/moviecrazyplanet.com\/wp-content\/uploads\/2025\/09\/Depeche-Mode-M-color-819x1024.jpg 819w, https:\/\/moviecrazyplanet.com\/wp-content\/uploads\/2025\/09\/Depeche-Mode-M-color-768x960.jpg 768w, https:\/\/moviecrazyplanet.com\/wp-content\/uploads\/2025\/09\/Depeche-Mode-M-color-1024x1280.jpg 1024w\" sizes=\"auto, (max-width: 1080px) 100vw, 1080px\" \/><\/p>\n<p><img loading=\"lazy\" decoding=\"async\" class=\"alignnone size-full wp-image-15943\" src=\"http:\/\/moviecrazyplanet.com\/wp-content\/uploads\/2025\/09\/Trafalgar-logo-social.jpg\" alt=\"\" width=\"1280\" height=\"720\" srcset=\"https:\/\/moviecrazyplanet.com\/wp-content\/uploads\/2025\/09\/Trafalgar-logo-social.jpg 1280w, https:\/\/moviecrazyplanet.com\/wp-content\/uploads\/2025\/09\/Trafalgar-logo-social-300x169.jpg 300w, https:\/\/moviecrazyplanet.com\/wp-content\/uploads\/2025\/09\/Trafalgar-logo-social-1024x576.jpg 1024w, https:\/\/moviecrazyplanet.com\/wp-content\/uploads\/2025\/09\/Trafalgar-logo-social-768x432.jpg 768w\" sizes=\"auto, (max-width: 1280px) 100vw, 1280px\" \/><\/p>\n<p><img loading=\"lazy\" decoding=\"async\" class=\"alignnone size-full wp-image-15944\" src=\"http:\/\/moviecrazyplanet.com\/wp-content\/uploads\/2025\/09\/Sony-Music-Vision.png\" alt=\"\" width=\"1200\" height=\"675\" srcset=\"https:\/\/moviecrazyplanet.com\/wp-content\/uploads\/2025\/09\/Sony-Music-Vision.png 1200w, https:\/\/moviecrazyplanet.com\/wp-content\/uploads\/2025\/09\/Sony-Music-Vision-300x169.png 300w, https:\/\/moviecrazyplanet.com\/wp-content\/uploads\/2025\/09\/Sony-Music-Vision-1024x576.png 1024w, https:\/\/moviecrazyplanet.com\/wp-content\/uploads\/2025\/09\/Sony-Music-Vision-768x432.png 768w\" sizes=\"auto, (max-width: 1200px) 100vw, 1200px\" \/><\/p>\n<p><img loading=\"lazy\" decoding=\"async\" class=\"alignnone size-full wp-image-15946\" src=\"http:\/\/moviecrazyplanet.com\/wp-content\/uploads\/2025\/09\/IMAX.jpeg\" alt=\"\" width=\"400\" height=\"220\" srcset=\"https:\/\/moviecrazyplanet.com\/wp-content\/uploads\/2025\/09\/IMAX.jpeg 400w, https:\/\/moviecrazyplanet.com\/wp-content\/uploads\/2025\/09\/IMAX-300x165.jpeg 300w\" sizes=\"auto, (max-width: 400px) 100vw, 400px\" \/><\/p>\n<p>Con Informaci\u00f3n de <strong>Trafalgar Releasing<\/strong>, <strong>Sony Music Vision<\/strong> y <strong>IMAX<\/strong> gracias a <strong>IQ Icunacury Acosta &amp; Co.<\/strong><\/p>\n<p>&nbsp;<\/p>\n","protected":false},"excerpt":{"rendered":"<p>Tras una recepci\u00f3n entusiasta en el Festival de Tribeca de este a\u00f1o,\u00a0Depeche Mode, junto con Trafalgar Releasing y Sony Music Vision, anuncian el estreno de la pel\u00edcula\u00a0DEPECHE MODE: M, que llegar\u00e1 a cines e IMAX de todo el mundo para un evento cinematogr\u00e1fico limitado a partir del martes 28 de octubre. Se espera que la [&hellip;]<\/p>\n","protected":false},"author":2,"featured_media":15953,"comment_status":"open","ping_status":"open","sticky":false,"template":"","format":"standard","meta":{"footnotes":""},"categories":[90,123],"tags":[],"class_list":["post-15937","post","type-post","status-publish","format-standard","has-post-thumbnail","hentry","category-conciertos","category-imax"],"_links":{"self":[{"href":"https:\/\/moviecrazyplanet.com\/index.php?rest_route=\/wp\/v2\/posts\/15937","targetHints":{"allow":["GET"]}}],"collection":[{"href":"https:\/\/moviecrazyplanet.com\/index.php?rest_route=\/wp\/v2\/posts"}],"about":[{"href":"https:\/\/moviecrazyplanet.com\/index.php?rest_route=\/wp\/v2\/types\/post"}],"author":[{"embeddable":true,"href":"https:\/\/moviecrazyplanet.com\/index.php?rest_route=\/wp\/v2\/users\/2"}],"replies":[{"embeddable":true,"href":"https:\/\/moviecrazyplanet.com\/index.php?rest_route=%2Fwp%2Fv2%2Fcomments&post=15937"}],"version-history":[{"count":7,"href":"https:\/\/moviecrazyplanet.com\/index.php?rest_route=\/wp\/v2\/posts\/15937\/revisions"}],"predecessor-version":[{"id":15955,"href":"https:\/\/moviecrazyplanet.com\/index.php?rest_route=\/wp\/v2\/posts\/15937\/revisions\/15955"}],"wp:featuredmedia":[{"embeddable":true,"href":"https:\/\/moviecrazyplanet.com\/index.php?rest_route=\/wp\/v2\/media\/15953"}],"wp:attachment":[{"href":"https:\/\/moviecrazyplanet.com\/index.php?rest_route=%2Fwp%2Fv2%2Fmedia&parent=15937"}],"wp:term":[{"taxonomy":"category","embeddable":true,"href":"https:\/\/moviecrazyplanet.com\/index.php?rest_route=%2Fwp%2Fv2%2Fcategories&post=15937"},{"taxonomy":"post_tag","embeddable":true,"href":"https:\/\/moviecrazyplanet.com\/index.php?rest_route=%2Fwp%2Fv2%2Ftags&post=15937"}],"curies":[{"name":"wp","href":"https:\/\/api.w.org\/{rel}","templated":true}]}}