{"id":16051,"date":"2025-09-15T20:19:26","date_gmt":"2025-09-16T02:19:26","guid":{"rendered":"https:\/\/moviecrazyplanet.com\/?p=16051"},"modified":"2025-09-15T20:24:32","modified_gmt":"2025-09-16T02:24:32","slug":"29o-tour-de-cine-frances-una-cita-con-el-cine","status":"publish","type":"post","link":"https:\/\/moviecrazyplanet.com\/?p=16051","title":{"rendered":"29\u00ba Tour de Cine Franc\u00e9s, una cita con el cine"},"content":{"rendered":"<p style=\"font-weight: 400;\">Desde hace casi tres d\u00e9cadas, el\u00a0<strong>Tour de Cine Franc\u00e9s<\/strong> ha construido un puente cinematogr\u00e1fico entre <strong>Francia <\/strong>y <strong>M\u00e9xico <\/strong>que se fortalece con cada edici\u00f3n. En 2025 este festival itinerante regresa a las salas del pa\u00eds con <strong>una nueva selecci\u00f3n de siete pel\u00edculas francesas contempor\u00e1neas que no se han estrenado en M\u00e9xico<\/strong>, reafirmando su compromiso con una programaci\u00f3n diversa, sensible y dif\u00edcil de encontrar en la cartelera comercial.<\/p>\n<p><img loading=\"lazy\" decoding=\"async\" class=\"alignnone size-full wp-image-16056\" src=\"http:\/\/moviecrazyplanet.com\/wp-content\/uploads\/2025\/09\/29-Tour-de-Cine-Frances-poster.jpg\" alt=\"\" width=\"1440\" height=\"1920\" srcset=\"https:\/\/moviecrazyplanet.com\/wp-content\/uploads\/2025\/09\/29-Tour-de-Cine-Frances-poster.jpg 1440w, https:\/\/moviecrazyplanet.com\/wp-content\/uploads\/2025\/09\/29-Tour-de-Cine-Frances-poster-225x300.jpg 225w, https:\/\/moviecrazyplanet.com\/wp-content\/uploads\/2025\/09\/29-Tour-de-Cine-Frances-poster-768x1024.jpg 768w, https:\/\/moviecrazyplanet.com\/wp-content\/uploads\/2025\/09\/29-Tour-de-Cine-Frances-poster-1152x1536.jpg 1152w, https:\/\/moviecrazyplanet.com\/wp-content\/uploads\/2025\/09\/29-Tour-de-Cine-Frances-poster-1024x1365.jpg 1024w\" sizes=\"auto, (max-width: 1440px) 100vw, 1440px\" \/><\/p>\n<p style=\"font-weight: 400;\"><strong>Del 11 de septiembre al 15 de octubre de 2025<\/strong>, el\u00a0<strong>29\u00ba Tour de Cine Franc\u00e9s <\/strong>recorrer\u00e1 <strong>m\u00e1s de<\/strong>\u00a0<strong>70 ciudades<\/strong>\u00a0en todo el territorio nacional, manteni\u00e9ndose como\u00a0<strong>el \u00fanico festival de cine que visita todos los estados de la Rep\u00fablica<\/strong>. Su doble circuito de exhibici\u00f3n \u2014a trav\u00e9s de\u00a0<strong>Cin\u00e9polis<\/strong>\u00a0y sedes culturales como la\u00a0<strong>Cineteca Nacional<\/strong>\u00a0o el\u00a0<strong>Cineforo FICG,<\/strong>\u00a0en Guadalajara\u2014 permitir\u00e1 que las pel\u00edculas lleguen a p\u00fablicos de todo el pa\u00eds con funciones subtituladas y a precios accesibles.<\/p>\n<p><img loading=\"lazy\" decoding=\"async\" class=\"alignnone size-full wp-image-16057\" src=\"http:\/\/moviecrazyplanet.com\/wp-content\/uploads\/2025\/09\/Calendario-29-Tour-de-Cine-Frances-01.jpg\" alt=\"\" width=\"1440\" height=\"1800\" srcset=\"https:\/\/moviecrazyplanet.com\/wp-content\/uploads\/2025\/09\/Calendario-29-Tour-de-Cine-Frances-01.jpg 1440w, https:\/\/moviecrazyplanet.com\/wp-content\/uploads\/2025\/09\/Calendario-29-Tour-de-Cine-Frances-01-240x300.jpg 240w, https:\/\/moviecrazyplanet.com\/wp-content\/uploads\/2025\/09\/Calendario-29-Tour-de-Cine-Frances-01-819x1024.jpg 819w, https:\/\/moviecrazyplanet.com\/wp-content\/uploads\/2025\/09\/Calendario-29-Tour-de-Cine-Frances-01-768x960.jpg 768w, https:\/\/moviecrazyplanet.com\/wp-content\/uploads\/2025\/09\/Calendario-29-Tour-de-Cine-Frances-01-1229x1536.jpg 1229w, https:\/\/moviecrazyplanet.com\/wp-content\/uploads\/2025\/09\/Calendario-29-Tour-de-Cine-Frances-01-1024x1280.jpg 1024w\" sizes=\"auto, (max-width: 1440px) 100vw, 1440px\" \/><\/p>\n<p><img loading=\"lazy\" decoding=\"async\" class=\"alignnone size-full wp-image-16058\" src=\"http:\/\/moviecrazyplanet.com\/wp-content\/uploads\/2025\/09\/Calendario-29-Tour-de-Cine-Frances-02.jpg\" alt=\"\" width=\"1440\" height=\"1800\" srcset=\"https:\/\/moviecrazyplanet.com\/wp-content\/uploads\/2025\/09\/Calendario-29-Tour-de-Cine-Frances-02.jpg 1440w, https:\/\/moviecrazyplanet.com\/wp-content\/uploads\/2025\/09\/Calendario-29-Tour-de-Cine-Frances-02-240x300.jpg 240w, https:\/\/moviecrazyplanet.com\/wp-content\/uploads\/2025\/09\/Calendario-29-Tour-de-Cine-Frances-02-819x1024.jpg 819w, https:\/\/moviecrazyplanet.com\/wp-content\/uploads\/2025\/09\/Calendario-29-Tour-de-Cine-Frances-02-768x960.jpg 768w, https:\/\/moviecrazyplanet.com\/wp-content\/uploads\/2025\/09\/Calendario-29-Tour-de-Cine-Frances-02-1229x1536.jpg 1229w, https:\/\/moviecrazyplanet.com\/wp-content\/uploads\/2025\/09\/Calendario-29-Tour-de-Cine-Frances-02-1024x1280.jpg 1024w\" sizes=\"auto, (max-width: 1440px) 100vw, 1440px\" \/><\/p>\n<p><img loading=\"lazy\" decoding=\"async\" class=\"alignnone size-full wp-image-16059\" src=\"http:\/\/moviecrazyplanet.com\/wp-content\/uploads\/2025\/09\/Calendario-29-Tour-de-Cine-Frances-03.jpg\" alt=\"\" width=\"1440\" height=\"1800\" srcset=\"https:\/\/moviecrazyplanet.com\/wp-content\/uploads\/2025\/09\/Calendario-29-Tour-de-Cine-Frances-03.jpg 1440w, https:\/\/moviecrazyplanet.com\/wp-content\/uploads\/2025\/09\/Calendario-29-Tour-de-Cine-Frances-03-240x300.jpg 240w, https:\/\/moviecrazyplanet.com\/wp-content\/uploads\/2025\/09\/Calendario-29-Tour-de-Cine-Frances-03-819x1024.jpg 819w, https:\/\/moviecrazyplanet.com\/wp-content\/uploads\/2025\/09\/Calendario-29-Tour-de-Cine-Frances-03-768x960.jpg 768w, https:\/\/moviecrazyplanet.com\/wp-content\/uploads\/2025\/09\/Calendario-29-Tour-de-Cine-Frances-03-1229x1536.jpg 1229w, https:\/\/moviecrazyplanet.com\/wp-content\/uploads\/2025\/09\/Calendario-29-Tour-de-Cine-Frances-03-1024x1280.jpg 1024w\" sizes=\"auto, (max-width: 1440px) 100vw, 1440px\" \/><\/p>\n<p><img loading=\"lazy\" decoding=\"async\" class=\"alignnone size-full wp-image-16060\" src=\"http:\/\/moviecrazyplanet.com\/wp-content\/uploads\/2025\/09\/Calendario-29-Tour-de-Cine-Frances-04.jpg\" alt=\"\" width=\"1440\" height=\"1800\" srcset=\"https:\/\/moviecrazyplanet.com\/wp-content\/uploads\/2025\/09\/Calendario-29-Tour-de-Cine-Frances-04.jpg 1440w, https:\/\/moviecrazyplanet.com\/wp-content\/uploads\/2025\/09\/Calendario-29-Tour-de-Cine-Frances-04-240x300.jpg 240w, https:\/\/moviecrazyplanet.com\/wp-content\/uploads\/2025\/09\/Calendario-29-Tour-de-Cine-Frances-04-819x1024.jpg 819w, https:\/\/moviecrazyplanet.com\/wp-content\/uploads\/2025\/09\/Calendario-29-Tour-de-Cine-Frances-04-768x960.jpg 768w, https:\/\/moviecrazyplanet.com\/wp-content\/uploads\/2025\/09\/Calendario-29-Tour-de-Cine-Frances-04-1229x1536.jpg 1229w, https:\/\/moviecrazyplanet.com\/wp-content\/uploads\/2025\/09\/Calendario-29-Tour-de-Cine-Frances-04-1024x1280.jpg 1024w\" sizes=\"auto, (max-width: 1440px) 100vw, 1440px\" \/><\/p>\n<p style=\"font-weight: 400;\">M\u00e9xico es actualmente\u00a0<strong>el tercer pa\u00eds con mayor n\u00famero de espectadores de cine franc\u00e9s en el mundo<\/strong>, s\u00f3lo detr\u00e1s de China y Estados Unidos. Este dato, adem\u00e1s de reflejar el alcance del Tour<strong>\u00a0<\/strong>en nuestro pa\u00eds, tambi\u00e9n evidencia el v\u00ednculo que ha generado entre una comunidad que espera con entusiasmo su llegada cada septiembre. M\u00e1s que un festival, el\u00a0<strong>29\u00ba Tour de Cine Franc\u00e9s<\/strong>\u00a0es una cita con el cine que emociona, cuestiona y transforma.<\/p>\n<p style=\"font-weight: 400;\">En 2024 el Tour celebr\u00f3 su edici\u00f3n n\u00famero 28 con un \u00e9xito rotundo,\u00a0<strong>proyect\u00e1ndose durante cinco semanas en 217 salas de cine en el territorio nacional<\/strong>\u00a0ante\u00a0<strong>m\u00e1s de 230 mil espectadores<\/strong>, destacando por la calidad de sus pel\u00edculas, la duraci\u00f3n de su gira y su amplia cobertura por todo el pa\u00eds.<\/p>\n<p><strong>7 pel\u00edculas in\u00e9ditas en M\u00e9xico\u00a0<\/strong>recorrer\u00e1n el pa\u00eds de forma simult\u00e1nea.<\/p>\n<p><strong>7 cineastas franceses exploran diversos g\u00e9neros.<\/strong><\/p>\n<h4>CUANDO LLEGA EL OTO\u00d1O<br \/>\nFran\u00e7ois Ozon<\/h4>\n<p><img loading=\"lazy\" decoding=\"async\" class=\"alignnone size-full wp-image-16073\" src=\"http:\/\/moviecrazyplanet.com\/wp-content\/uploads\/2025\/09\/Cuando-llega-el-Otono-de-Francois-Ozon-Poster.jpg\" alt=\"\" width=\"1440\" height=\"1800\" srcset=\"https:\/\/moviecrazyplanet.com\/wp-content\/uploads\/2025\/09\/Cuando-llega-el-Otono-de-Francois-Ozon-Poster.jpg 1440w, https:\/\/moviecrazyplanet.com\/wp-content\/uploads\/2025\/09\/Cuando-llega-el-Otono-de-Francois-Ozon-Poster-240x300.jpg 240w, https:\/\/moviecrazyplanet.com\/wp-content\/uploads\/2025\/09\/Cuando-llega-el-Otono-de-Francois-Ozon-Poster-819x1024.jpg 819w, https:\/\/moviecrazyplanet.com\/wp-content\/uploads\/2025\/09\/Cuando-llega-el-Otono-de-Francois-Ozon-Poster-768x960.jpg 768w, https:\/\/moviecrazyplanet.com\/wp-content\/uploads\/2025\/09\/Cuando-llega-el-Otono-de-Francois-Ozon-Poster-1229x1536.jpg 1229w, https:\/\/moviecrazyplanet.com\/wp-content\/uploads\/2025\/09\/Cuando-llega-el-Otono-de-Francois-Ozon-Poster-1024x1280.jpg 1024w\" sizes=\"auto, (max-width: 1440px) 100vw, 1440px\" \/><\/p>\n<p><img loading=\"lazy\" decoding=\"async\" class=\"alignnone size-full wp-image-16074\" src=\"http:\/\/moviecrazyplanet.com\/wp-content\/uploads\/2025\/09\/Cuando-llega-el-Otono-de-Francois-Ozon-Sinopsis.jpg\" alt=\"\" width=\"1440\" height=\"1800\" srcset=\"https:\/\/moviecrazyplanet.com\/wp-content\/uploads\/2025\/09\/Cuando-llega-el-Otono-de-Francois-Ozon-Sinopsis.jpg 1440w, https:\/\/moviecrazyplanet.com\/wp-content\/uploads\/2025\/09\/Cuando-llega-el-Otono-de-Francois-Ozon-Sinopsis-240x300.jpg 240w, https:\/\/moviecrazyplanet.com\/wp-content\/uploads\/2025\/09\/Cuando-llega-el-Otono-de-Francois-Ozon-Sinopsis-819x1024.jpg 819w, https:\/\/moviecrazyplanet.com\/wp-content\/uploads\/2025\/09\/Cuando-llega-el-Otono-de-Francois-Ozon-Sinopsis-768x960.jpg 768w, https:\/\/moviecrazyplanet.com\/wp-content\/uploads\/2025\/09\/Cuando-llega-el-Otono-de-Francois-Ozon-Sinopsis-1229x1536.jpg 1229w, https:\/\/moviecrazyplanet.com\/wp-content\/uploads\/2025\/09\/Cuando-llega-el-Otono-de-Francois-Ozon-Sinopsis-1024x1280.jpg 1024w\" sizes=\"auto, (max-width: 1440px) 100vw, 1440px\" \/><\/p>\n<p><iframe loading=\"lazy\" title=\"29\u00b0 TOUR DE CINE FRANC\u00c9S | Cuando llega el oto\u00f1o (Quand vient l\u2019automne) | Tr\u00e1iler\" width=\"640\" height=\"360\" src=\"https:\/\/www.youtube.com\/embed\/GgTzW46nFJE?feature=oembed\" frameborder=\"0\" allow=\"accelerometer; autoplay; clipboard-write; encrypted-media; gyroscope; picture-in-picture; web-share\" referrerpolicy=\"strict-origin-when-cross-origin\" allowfullscreen><\/iframe><\/p>\n<p>&nbsp;<\/p>\n<h4><strong>EL ACUSADO<\/strong><br \/>\n<strong>Daniel Auteuil<\/strong><\/h4>\n<p><img loading=\"lazy\" decoding=\"async\" class=\"alignnone size-full wp-image-16071\" src=\"http:\/\/moviecrazyplanet.com\/wp-content\/uploads\/2025\/09\/El-Acusado-de-Daniel-Auteuil-Poster.jpg\" alt=\"\" width=\"1440\" height=\"1800\" srcset=\"https:\/\/moviecrazyplanet.com\/wp-content\/uploads\/2025\/09\/El-Acusado-de-Daniel-Auteuil-Poster.jpg 1440w, https:\/\/moviecrazyplanet.com\/wp-content\/uploads\/2025\/09\/El-Acusado-de-Daniel-Auteuil-Poster-240x300.jpg 240w, https:\/\/moviecrazyplanet.com\/wp-content\/uploads\/2025\/09\/El-Acusado-de-Daniel-Auteuil-Poster-819x1024.jpg 819w, https:\/\/moviecrazyplanet.com\/wp-content\/uploads\/2025\/09\/El-Acusado-de-Daniel-Auteuil-Poster-768x960.jpg 768w, https:\/\/moviecrazyplanet.com\/wp-content\/uploads\/2025\/09\/El-Acusado-de-Daniel-Auteuil-Poster-1229x1536.jpg 1229w, https:\/\/moviecrazyplanet.com\/wp-content\/uploads\/2025\/09\/El-Acusado-de-Daniel-Auteuil-Poster-1024x1280.jpg 1024w\" sizes=\"auto, (max-width: 1440px) 100vw, 1440px\" \/><\/p>\n<p><img loading=\"lazy\" decoding=\"async\" class=\"alignnone size-full wp-image-16072\" src=\"http:\/\/moviecrazyplanet.com\/wp-content\/uploads\/2025\/09\/El-Acusado-de-Daniel-Auteuil-Sinopsis.jpg\" alt=\"\" width=\"1440\" height=\"1800\" srcset=\"https:\/\/moviecrazyplanet.com\/wp-content\/uploads\/2025\/09\/El-Acusado-de-Daniel-Auteuil-Sinopsis.jpg 1440w, https:\/\/moviecrazyplanet.com\/wp-content\/uploads\/2025\/09\/El-Acusado-de-Daniel-Auteuil-Sinopsis-240x300.jpg 240w, https:\/\/moviecrazyplanet.com\/wp-content\/uploads\/2025\/09\/El-Acusado-de-Daniel-Auteuil-Sinopsis-819x1024.jpg 819w, https:\/\/moviecrazyplanet.com\/wp-content\/uploads\/2025\/09\/El-Acusado-de-Daniel-Auteuil-Sinopsis-768x960.jpg 768w, https:\/\/moviecrazyplanet.com\/wp-content\/uploads\/2025\/09\/El-Acusado-de-Daniel-Auteuil-Sinopsis-1229x1536.jpg 1229w, https:\/\/moviecrazyplanet.com\/wp-content\/uploads\/2025\/09\/El-Acusado-de-Daniel-Auteuil-Sinopsis-1024x1280.jpg 1024w\" sizes=\"auto, (max-width: 1440px) 100vw, 1440px\" \/><\/p>\n<p><iframe loading=\"lazy\" title=\"29\u00b0 TOUR DE CINE FRANC\u00c9S | El acusado (Le fil) | Tr\u00e1iler\" width=\"640\" height=\"360\" src=\"https:\/\/www.youtube.com\/embed\/zXDv293bAAM?feature=oembed\" frameborder=\"0\" allow=\"accelerometer; autoplay; clipboard-write; encrypted-media; gyroscope; picture-in-picture; web-share\" referrerpolicy=\"strict-origin-when-cross-origin\" allowfullscreen><\/iframe><\/p>\n<p>&nbsp;<\/p>\n<h4><strong>LA MAESTRA VIOLET<\/strong><br \/>\n<strong>Eric Besnard<\/strong><\/h4>\n<p><img loading=\"lazy\" decoding=\"async\" class=\"alignnone size-full wp-image-16069\" src=\"http:\/\/moviecrazyplanet.com\/wp-content\/uploads\/2025\/09\/La-Maestra-Violet-de-Eric-Besnard-Poster.jpg\" alt=\"\" width=\"1440\" height=\"1800\" srcset=\"https:\/\/moviecrazyplanet.com\/wp-content\/uploads\/2025\/09\/La-Maestra-Violet-de-Eric-Besnard-Poster.jpg 1440w, https:\/\/moviecrazyplanet.com\/wp-content\/uploads\/2025\/09\/La-Maestra-Violet-de-Eric-Besnard-Poster-240x300.jpg 240w, https:\/\/moviecrazyplanet.com\/wp-content\/uploads\/2025\/09\/La-Maestra-Violet-de-Eric-Besnard-Poster-819x1024.jpg 819w, https:\/\/moviecrazyplanet.com\/wp-content\/uploads\/2025\/09\/La-Maestra-Violet-de-Eric-Besnard-Poster-768x960.jpg 768w, https:\/\/moviecrazyplanet.com\/wp-content\/uploads\/2025\/09\/La-Maestra-Violet-de-Eric-Besnard-Poster-1229x1536.jpg 1229w, https:\/\/moviecrazyplanet.com\/wp-content\/uploads\/2025\/09\/La-Maestra-Violet-de-Eric-Besnard-Poster-1024x1280.jpg 1024w\" sizes=\"auto, (max-width: 1440px) 100vw, 1440px\" \/><\/p>\n<p><img loading=\"lazy\" decoding=\"async\" class=\"alignnone size-full wp-image-16070\" src=\"http:\/\/moviecrazyplanet.com\/wp-content\/uploads\/2025\/09\/La-Maestra-Violet-de-Eric-Besnard-Sinopsis.jpg\" alt=\"\" width=\"1440\" height=\"1800\" srcset=\"https:\/\/moviecrazyplanet.com\/wp-content\/uploads\/2025\/09\/La-Maestra-Violet-de-Eric-Besnard-Sinopsis.jpg 1440w, https:\/\/moviecrazyplanet.com\/wp-content\/uploads\/2025\/09\/La-Maestra-Violet-de-Eric-Besnard-Sinopsis-240x300.jpg 240w, https:\/\/moviecrazyplanet.com\/wp-content\/uploads\/2025\/09\/La-Maestra-Violet-de-Eric-Besnard-Sinopsis-819x1024.jpg 819w, https:\/\/moviecrazyplanet.com\/wp-content\/uploads\/2025\/09\/La-Maestra-Violet-de-Eric-Besnard-Sinopsis-768x960.jpg 768w, https:\/\/moviecrazyplanet.com\/wp-content\/uploads\/2025\/09\/La-Maestra-Violet-de-Eric-Besnard-Sinopsis-1229x1536.jpg 1229w, https:\/\/moviecrazyplanet.com\/wp-content\/uploads\/2025\/09\/La-Maestra-Violet-de-Eric-Besnard-Sinopsis-1024x1280.jpg 1024w\" sizes=\"auto, (max-width: 1440px) 100vw, 1440px\" \/><\/p>\n<p><iframe loading=\"lazy\" title=\"29\u00b0 TOUR DE CINE FRANC\u00c9S | La maestra Violet (Louise Violet) | Tr\u00e1iler\" width=\"640\" height=\"360\" src=\"https:\/\/www.youtube.com\/embed\/YnjDXbJt-c8?feature=oembed\" frameborder=\"0\" allow=\"accelerometer; autoplay; clipboard-write; encrypted-media; gyroscope; picture-in-picture; web-share\" referrerpolicy=\"strict-origin-when-cross-origin\" allowfullscreen><\/iframe><\/p>\n<p>&nbsp;<\/p>\n<h4><strong>LOS COLORES DEL TIEMPO<\/strong><br \/>\n<strong>C\u00e9dric Klapisch<\/strong><\/h4>\n<p><img loading=\"lazy\" decoding=\"async\" class=\"alignnone size-full wp-image-16067\" src=\"http:\/\/moviecrazyplanet.com\/wp-content\/uploads\/2025\/09\/Los-Colores-del-Tiempo-de-Cedric-Klapisch-Poster.jpg\" alt=\"\" width=\"1440\" height=\"1800\" srcset=\"https:\/\/moviecrazyplanet.com\/wp-content\/uploads\/2025\/09\/Los-Colores-del-Tiempo-de-Cedric-Klapisch-Poster.jpg 1440w, https:\/\/moviecrazyplanet.com\/wp-content\/uploads\/2025\/09\/Los-Colores-del-Tiempo-de-Cedric-Klapisch-Poster-240x300.jpg 240w, https:\/\/moviecrazyplanet.com\/wp-content\/uploads\/2025\/09\/Los-Colores-del-Tiempo-de-Cedric-Klapisch-Poster-819x1024.jpg 819w, https:\/\/moviecrazyplanet.com\/wp-content\/uploads\/2025\/09\/Los-Colores-del-Tiempo-de-Cedric-Klapisch-Poster-768x960.jpg 768w, https:\/\/moviecrazyplanet.com\/wp-content\/uploads\/2025\/09\/Los-Colores-del-Tiempo-de-Cedric-Klapisch-Poster-1229x1536.jpg 1229w, https:\/\/moviecrazyplanet.com\/wp-content\/uploads\/2025\/09\/Los-Colores-del-Tiempo-de-Cedric-Klapisch-Poster-1024x1280.jpg 1024w\" sizes=\"auto, (max-width: 1440px) 100vw, 1440px\" \/><\/p>\n<p><img loading=\"lazy\" decoding=\"async\" class=\"alignnone size-full wp-image-16068\" src=\"http:\/\/moviecrazyplanet.com\/wp-content\/uploads\/2025\/09\/Los-Colores-del-Tiempo-de-Cedric-Klapisch-Sinopsis.jpg\" alt=\"\" width=\"1440\" height=\"1800\" srcset=\"https:\/\/moviecrazyplanet.com\/wp-content\/uploads\/2025\/09\/Los-Colores-del-Tiempo-de-Cedric-Klapisch-Sinopsis.jpg 1440w, https:\/\/moviecrazyplanet.com\/wp-content\/uploads\/2025\/09\/Los-Colores-del-Tiempo-de-Cedric-Klapisch-Sinopsis-240x300.jpg 240w, https:\/\/moviecrazyplanet.com\/wp-content\/uploads\/2025\/09\/Los-Colores-del-Tiempo-de-Cedric-Klapisch-Sinopsis-819x1024.jpg 819w, https:\/\/moviecrazyplanet.com\/wp-content\/uploads\/2025\/09\/Los-Colores-del-Tiempo-de-Cedric-Klapisch-Sinopsis-768x960.jpg 768w, https:\/\/moviecrazyplanet.com\/wp-content\/uploads\/2025\/09\/Los-Colores-del-Tiempo-de-Cedric-Klapisch-Sinopsis-1229x1536.jpg 1229w, https:\/\/moviecrazyplanet.com\/wp-content\/uploads\/2025\/09\/Los-Colores-del-Tiempo-de-Cedric-Klapisch-Sinopsis-1024x1280.jpg 1024w\" sizes=\"auto, (max-width: 1440px) 100vw, 1440px\" \/><\/p>\n<p><iframe loading=\"lazy\" title=\"29\u00b0 TOUR DE CINE FRANC\u00c9S | Los colores del tiempo (La venue de l\u2019avenir) | Tr\u00e1iler\" width=\"640\" height=\"360\" src=\"https:\/\/www.youtube.com\/embed\/aBn91jL3PRE?feature=oembed\" frameborder=\"0\" allow=\"accelerometer; autoplay; clipboard-write; encrypted-media; gyroscope; picture-in-picture; web-share\" referrerpolicy=\"strict-origin-when-cross-origin\" allowfullscreen><\/iframe><\/p>\n<p>&nbsp;<\/p>\n<h4><strong>LOS LAZOS QUE NOS UNEN<\/strong><br \/>\nCarine Tardieu<\/h4>\n<p><img loading=\"lazy\" decoding=\"async\" class=\"alignnone size-full wp-image-16065\" src=\"http:\/\/moviecrazyplanet.com\/wp-content\/uploads\/2025\/09\/Los-Lazos-que-nos-Unen-de-Carine-Tardieu-Poster.jpg\" alt=\"\" width=\"1440\" height=\"1800\" srcset=\"https:\/\/moviecrazyplanet.com\/wp-content\/uploads\/2025\/09\/Los-Lazos-que-nos-Unen-de-Carine-Tardieu-Poster.jpg 1440w, https:\/\/moviecrazyplanet.com\/wp-content\/uploads\/2025\/09\/Los-Lazos-que-nos-Unen-de-Carine-Tardieu-Poster-240x300.jpg 240w, https:\/\/moviecrazyplanet.com\/wp-content\/uploads\/2025\/09\/Los-Lazos-que-nos-Unen-de-Carine-Tardieu-Poster-819x1024.jpg 819w, https:\/\/moviecrazyplanet.com\/wp-content\/uploads\/2025\/09\/Los-Lazos-que-nos-Unen-de-Carine-Tardieu-Poster-768x960.jpg 768w, https:\/\/moviecrazyplanet.com\/wp-content\/uploads\/2025\/09\/Los-Lazos-que-nos-Unen-de-Carine-Tardieu-Poster-1229x1536.jpg 1229w, https:\/\/moviecrazyplanet.com\/wp-content\/uploads\/2025\/09\/Los-Lazos-que-nos-Unen-de-Carine-Tardieu-Poster-1024x1280.jpg 1024w\" sizes=\"auto, (max-width: 1440px) 100vw, 1440px\" \/><\/p>\n<p><img loading=\"lazy\" decoding=\"async\" class=\"alignnone size-full wp-image-16066\" src=\"http:\/\/moviecrazyplanet.com\/wp-content\/uploads\/2025\/09\/Los-Lazos-que-nos-Unen-de-Carine-Tardieu-Sinopsis.jpg\" alt=\"\" width=\"1440\" height=\"1800\" srcset=\"https:\/\/moviecrazyplanet.com\/wp-content\/uploads\/2025\/09\/Los-Lazos-que-nos-Unen-de-Carine-Tardieu-Sinopsis.jpg 1440w, https:\/\/moviecrazyplanet.com\/wp-content\/uploads\/2025\/09\/Los-Lazos-que-nos-Unen-de-Carine-Tardieu-Sinopsis-240x300.jpg 240w, https:\/\/moviecrazyplanet.com\/wp-content\/uploads\/2025\/09\/Los-Lazos-que-nos-Unen-de-Carine-Tardieu-Sinopsis-819x1024.jpg 819w, https:\/\/moviecrazyplanet.com\/wp-content\/uploads\/2025\/09\/Los-Lazos-que-nos-Unen-de-Carine-Tardieu-Sinopsis-768x960.jpg 768w, https:\/\/moviecrazyplanet.com\/wp-content\/uploads\/2025\/09\/Los-Lazos-que-nos-Unen-de-Carine-Tardieu-Sinopsis-1229x1536.jpg 1229w, https:\/\/moviecrazyplanet.com\/wp-content\/uploads\/2025\/09\/Los-Lazos-que-nos-Unen-de-Carine-Tardieu-Sinopsis-1024x1280.jpg 1024w\" sizes=\"auto, (max-width: 1440px) 100vw, 1440px\" \/><\/p>\n<p><iframe loading=\"lazy\" title=\"29\u00b0 TOUR DE CINE FRANC\u00c9S | Los Lazos que nos unen (L\u2019attachement) | Tr\u00e1iler\" width=\"640\" height=\"360\" src=\"https:\/\/www.youtube.com\/embed\/KpQi1mLIAhs?feature=oembed\" frameborder=\"0\" allow=\"accelerometer; autoplay; clipboard-write; encrypted-media; gyroscope; picture-in-picture; web-share\" referrerpolicy=\"strict-origin-when-cross-origin\" allowfullscreen><\/iframe><\/p>\n<p>&nbsp;<\/p>\n<h4><strong>RODRIGO ENAMORADO<\/strong><br \/>\n<strong>Johann Dionnet<\/strong><\/h4>\n<p><img loading=\"lazy\" decoding=\"async\" class=\"alignnone size-full wp-image-16063\" src=\"http:\/\/moviecrazyplanet.com\/wp-content\/uploads\/2025\/09\/Rodrigo-Enamorado-de-Johann-Dionnet-poster.jpg\" alt=\"\" width=\"1440\" height=\"1800\" srcset=\"https:\/\/moviecrazyplanet.com\/wp-content\/uploads\/2025\/09\/Rodrigo-Enamorado-de-Johann-Dionnet-poster.jpg 1440w, https:\/\/moviecrazyplanet.com\/wp-content\/uploads\/2025\/09\/Rodrigo-Enamorado-de-Johann-Dionnet-poster-240x300.jpg 240w, https:\/\/moviecrazyplanet.com\/wp-content\/uploads\/2025\/09\/Rodrigo-Enamorado-de-Johann-Dionnet-poster-819x1024.jpg 819w, https:\/\/moviecrazyplanet.com\/wp-content\/uploads\/2025\/09\/Rodrigo-Enamorado-de-Johann-Dionnet-poster-768x960.jpg 768w, https:\/\/moviecrazyplanet.com\/wp-content\/uploads\/2025\/09\/Rodrigo-Enamorado-de-Johann-Dionnet-poster-1229x1536.jpg 1229w, https:\/\/moviecrazyplanet.com\/wp-content\/uploads\/2025\/09\/Rodrigo-Enamorado-de-Johann-Dionnet-poster-1024x1280.jpg 1024w\" sizes=\"auto, (max-width: 1440px) 100vw, 1440px\" \/><\/p>\n<p><img loading=\"lazy\" decoding=\"async\" class=\"alignnone size-full wp-image-16064\" src=\"http:\/\/moviecrazyplanet.com\/wp-content\/uploads\/2025\/09\/Rodrigo-Enamorado-de-Johann-Dionnet-Sinopsis.jpg\" alt=\"\" width=\"1440\" height=\"1800\" srcset=\"https:\/\/moviecrazyplanet.com\/wp-content\/uploads\/2025\/09\/Rodrigo-Enamorado-de-Johann-Dionnet-Sinopsis.jpg 1440w, https:\/\/moviecrazyplanet.com\/wp-content\/uploads\/2025\/09\/Rodrigo-Enamorado-de-Johann-Dionnet-Sinopsis-240x300.jpg 240w, https:\/\/moviecrazyplanet.com\/wp-content\/uploads\/2025\/09\/Rodrigo-Enamorado-de-Johann-Dionnet-Sinopsis-819x1024.jpg 819w, https:\/\/moviecrazyplanet.com\/wp-content\/uploads\/2025\/09\/Rodrigo-Enamorado-de-Johann-Dionnet-Sinopsis-768x960.jpg 768w, https:\/\/moviecrazyplanet.com\/wp-content\/uploads\/2025\/09\/Rodrigo-Enamorado-de-Johann-Dionnet-Sinopsis-1229x1536.jpg 1229w, https:\/\/moviecrazyplanet.com\/wp-content\/uploads\/2025\/09\/Rodrigo-Enamorado-de-Johann-Dionnet-Sinopsis-1024x1280.jpg 1024w\" sizes=\"auto, (max-width: 1440px) 100vw, 1440px\" \/><\/p>\n<p><iframe loading=\"lazy\" title=\"29\u00b0 TOUR DE CINE FRANC\u00c9S | Rodrigo enamorado (Avignon) | Tr\u00e1iler\" width=\"640\" height=\"360\" src=\"https:\/\/www.youtube.com\/embed\/WDGuetvE1Xc?feature=oembed\" frameborder=\"0\" allow=\"accelerometer; autoplay; clipboard-write; encrypted-media; gyroscope; picture-in-picture; web-share\" referrerpolicy=\"strict-origin-when-cross-origin\" allowfullscreen><\/iframe><\/p>\n<p>&nbsp;<\/p>\n<h4><strong>UN TOQUE DE AMOR<\/strong><br \/>\n<strong>Ma\u00ebl Pirou<\/strong><\/h4>\n<p><img loading=\"lazy\" decoding=\"async\" class=\"alignnone size-full wp-image-16061\" src=\"http:\/\/moviecrazyplanet.com\/wp-content\/uploads\/2025\/09\/Un-Toque-de-Amor-de-Mael-Pirou-poster.jpg\" alt=\"\" width=\"1440\" height=\"1800\" srcset=\"https:\/\/moviecrazyplanet.com\/wp-content\/uploads\/2025\/09\/Un-Toque-de-Amor-de-Mael-Pirou-poster.jpg 1440w, https:\/\/moviecrazyplanet.com\/wp-content\/uploads\/2025\/09\/Un-Toque-de-Amor-de-Mael-Pirou-poster-240x300.jpg 240w, https:\/\/moviecrazyplanet.com\/wp-content\/uploads\/2025\/09\/Un-Toque-de-Amor-de-Mael-Pirou-poster-819x1024.jpg 819w, https:\/\/moviecrazyplanet.com\/wp-content\/uploads\/2025\/09\/Un-Toque-de-Amor-de-Mael-Pirou-poster-768x960.jpg 768w, https:\/\/moviecrazyplanet.com\/wp-content\/uploads\/2025\/09\/Un-Toque-de-Amor-de-Mael-Pirou-poster-1229x1536.jpg 1229w, https:\/\/moviecrazyplanet.com\/wp-content\/uploads\/2025\/09\/Un-Toque-de-Amor-de-Mael-Pirou-poster-1024x1280.jpg 1024w\" sizes=\"auto, (max-width: 1440px) 100vw, 1440px\" \/><\/p>\n<p><img loading=\"lazy\" decoding=\"async\" class=\"alignnone size-full wp-image-16062\" src=\"http:\/\/moviecrazyplanet.com\/wp-content\/uploads\/2025\/09\/Un-Toque-de-Amor-de-Mael-Pirou-Sinopsis.jpg\" alt=\"\" width=\"1440\" height=\"1800\" srcset=\"https:\/\/moviecrazyplanet.com\/wp-content\/uploads\/2025\/09\/Un-Toque-de-Amor-de-Mael-Pirou-Sinopsis.jpg 1440w, https:\/\/moviecrazyplanet.com\/wp-content\/uploads\/2025\/09\/Un-Toque-de-Amor-de-Mael-Pirou-Sinopsis-240x300.jpg 240w, https:\/\/moviecrazyplanet.com\/wp-content\/uploads\/2025\/09\/Un-Toque-de-Amor-de-Mael-Pirou-Sinopsis-819x1024.jpg 819w, https:\/\/moviecrazyplanet.com\/wp-content\/uploads\/2025\/09\/Un-Toque-de-Amor-de-Mael-Pirou-Sinopsis-768x960.jpg 768w, https:\/\/moviecrazyplanet.com\/wp-content\/uploads\/2025\/09\/Un-Toque-de-Amor-de-Mael-Pirou-Sinopsis-1229x1536.jpg 1229w, https:\/\/moviecrazyplanet.com\/wp-content\/uploads\/2025\/09\/Un-Toque-de-Amor-de-Mael-Pirou-Sinopsis-1024x1280.jpg 1024w\" sizes=\"auto, (max-width: 1440px) 100vw, 1440px\" \/><\/p>\n<p><iframe loading=\"lazy\" title=\"29\u00b0 TOUR DE CINE FRANC\u00c9S | Un toque de amor (Une pointe d\u2019amour) | Tr\u00e1iler\" width=\"640\" height=\"360\" src=\"https:\/\/www.youtube.com\/embed\/wTNtz8hXFIA?feature=oembed\" frameborder=\"0\" allow=\"accelerometer; autoplay; clipboard-write; encrypted-media; gyroscope; picture-in-picture; web-share\" referrerpolicy=\"strict-origin-when-cross-origin\" allowfullscreen><\/iframe><\/p>\n<p style=\"font-weight: 400;\">En esta edici\u00f3n el\u00a0<strong>29\u00ba Tour de Cine Franc\u00e9s<\/strong>\u00a0volver\u00e1 a proyectarse en dos circuitos de exhibici\u00f3n:<\/p>\n<p style=\"font-weight: 400;\">El\u00a0<strong>Circuito presentado por Sala de Arte Cin\u00e9polis\u00ae<\/strong>\u00a0se extender\u00e1 por\u00a0<strong>174 salas de cine en 69 ciudades de todo el pa\u00eds<\/strong>, ofreciendo una experiencia cinematogr\u00e1fica de primer nivel. Para facilitar el acceso, contar\u00e1 con un\u00a0<strong>cinebono de $240 pesos,<\/strong> que incluye cuatro boletos para salas tradicionales o dos boletos para salas VIP. Este cinebono podr\u00e1 adquirirse en las taquillas de los conjuntos seleccionados.<\/p>\n<p style=\"font-weight: 400;\">El\u00a0<strong>Circuito Cultural<\/strong>\u00a0podr\u00e1 disfrutarse durante la temporalidad del festival en recintos como la\u00a0<strong>Cineteca Nacional<\/strong>, el\u00a0<strong>Cineforo FICG<\/strong>\u00a0y la\u00a0<strong>Cineteca FICG Guadalajara<\/strong>. De manera posterior, recorrer\u00e1\u00a0<strong>m\u00e1s de 30 salas de cine en 17 ciudades<\/strong>, llevando el entusiasmo por el cine franc\u00e9s contempor\u00e1neo a todo el pa\u00eds.<\/p>\n<p><iframe loading=\"lazy\" title=\"29\u00b0 TOUR DE CINE FRANC\u00c9S | Teaser | #TenemosUnaCita en septiembre y octubre 2025\" width=\"640\" height=\"360\" src=\"https:\/\/www.youtube.com\/embed\/rJB0L9FNZSg?feature=oembed\" frameborder=\"0\" allow=\"accelerometer; autoplay; clipboard-write; encrypted-media; gyroscope; picture-in-picture; web-share\" referrerpolicy=\"strict-origin-when-cross-origin\" allowfullscreen><\/iframe><\/p>\n<p style=\"font-weight: 400;\">El Tour de Cine Franc\u00e9s, fundado por\u00a0<strong>Nueva Era Films<\/strong>,\u00a0<strong>Cin\u00e9polis<\/strong>, la\u00a0<strong>Embajada de Francia en M\u00e9xico<\/strong>, el\u00a0<strong>Instituto Franc\u00e9s de Am\u00e9rica Latina\u00a0<\/strong>(IFAL) y la\u00a0<strong>Federaci\u00f3n de Alianzas Francesas,\u00a0<\/strong>ha sido desde su primera edici\u00f3n en 1996, un punto de encuentro entre dos culturas a trav\u00e9s del cine. El Tour es una experiencia compartida que cruza fronteras ya que desde 2022 tambi\u00e9n se presenta en Costa Rica, El Salvador, Guatemala, Honduras, Nicaragua y Panam\u00e1.<\/p>\n<p style=\"font-weight: 400;\">En cada ciudad, el Tour invita a mirar el mundo con otros ojos, conocer lo mejor del cine franc\u00e9s y fortalecer los lazos con el mundo a trav\u00e9s de un lenguaje universal: el de las im\u00e1genes.<\/p>\n<p><img loading=\"lazy\" decoding=\"async\" class=\"alignnone size-full wp-image-16075\" src=\"http:\/\/moviecrazyplanet.com\/wp-content\/uploads\/2025\/09\/29-Tour-de-Cine-Frances-Cinebono.jpeg\" alt=\"\" width=\"1120\" height=\"1600\" srcset=\"https:\/\/moviecrazyplanet.com\/wp-content\/uploads\/2025\/09\/29-Tour-de-Cine-Frances-Cinebono.jpeg 1120w, https:\/\/moviecrazyplanet.com\/wp-content\/uploads\/2025\/09\/29-Tour-de-Cine-Frances-Cinebono-210x300.jpeg 210w, https:\/\/moviecrazyplanet.com\/wp-content\/uploads\/2025\/09\/29-Tour-de-Cine-Frances-Cinebono-717x1024.jpeg 717w, https:\/\/moviecrazyplanet.com\/wp-content\/uploads\/2025\/09\/29-Tour-de-Cine-Frances-Cinebono-768x1097.jpeg 768w, https:\/\/moviecrazyplanet.com\/wp-content\/uploads\/2025\/09\/29-Tour-de-Cine-Frances-Cinebono-1075x1536.jpeg 1075w, https:\/\/moviecrazyplanet.com\/wp-content\/uploads\/2025\/09\/29-Tour-de-Cine-Frances-Cinebono-1024x1463.jpeg 1024w\" sizes=\"auto, (max-width: 1120px) 100vw, 1120px\" \/><\/p>\n<p>El\u00a0<strong>29\u00ba Tour de Cine Franc\u00e9s<\/strong>\u00a0se llevar\u00e1 a cabo\u00a0<strong>del 11 de septiembre al 15 de octubre de 2025<\/strong>, proyect\u00e1ndose en m\u00e1s de\u00a0<strong>210 salas de cine<\/strong>\u00a0de\u00a0<strong>m\u00e1s de 70 ciudades de la Rep\u00fablica Mexicana<\/strong>.<\/p>\n<p><iframe loading=\"lazy\" title=\"29\u00b0 TOUR DE CINE FRANC\u00c9S | Cineminuto | #TenemosUnaCita en septiembre y octubre 2025\" width=\"640\" height=\"360\" src=\"https:\/\/www.youtube.com\/embed\/KaArMVkyHps?feature=oembed\" frameborder=\"0\" allow=\"accelerometer; autoplay; clipboard-write; encrypted-media; gyroscope; picture-in-picture; web-share\" referrerpolicy=\"strict-origin-when-cross-origin\" allowfullscreen><\/iframe><\/p>\n<p><img loading=\"lazy\" decoding=\"async\" class=\"alignnone size-full wp-image-4283\" src=\"http:\/\/moviecrazyplanet.com\/wp-content\/uploads\/2024\/01\/Cinepolis.jpeg\" alt=\"\" width=\"800\" height=\"484\" srcset=\"https:\/\/moviecrazyplanet.com\/wp-content\/uploads\/2024\/01\/Cinepolis.jpeg 800w, https:\/\/moviecrazyplanet.com\/wp-content\/uploads\/2024\/01\/Cinepolis-300x182.jpeg 300w, https:\/\/moviecrazyplanet.com\/wp-content\/uploads\/2024\/01\/Cinepolis-768x465.jpeg 768w\" sizes=\"auto, (max-width: 800px) 100vw, 800px\" \/><\/p>\n<p><img loading=\"lazy\" decoding=\"async\" class=\"alignnone size-full wp-image-4296\" src=\"http:\/\/moviecrazyplanet.com\/wp-content\/uploads\/2024\/01\/Cinepolis-Sala-de-arte-.png\" alt=\"\" width=\"764\" height=\"401\" srcset=\"https:\/\/moviecrazyplanet.com\/wp-content\/uploads\/2024\/01\/Cinepolis-Sala-de-arte-.png 764w, https:\/\/moviecrazyplanet.com\/wp-content\/uploads\/2024\/01\/Cinepolis-Sala-de-arte--300x157.png 300w\" sizes=\"auto, (max-width: 764px) 100vw, 764px\" \/><\/p>\n<p><img loading=\"lazy\" decoding=\"async\" class=\"alignnone size-full wp-image-10477\" src=\"http:\/\/moviecrazyplanet.com\/wp-content\/uploads\/2024\/12\/Nueva-Era-Films.jpg\" alt=\"\" width=\"512\" height=\"288\" srcset=\"https:\/\/moviecrazyplanet.com\/wp-content\/uploads\/2024\/12\/Nueva-Era-Films.jpg 512w, https:\/\/moviecrazyplanet.com\/wp-content\/uploads\/2024\/12\/Nueva-Era-Films-300x169.jpg 300w\" sizes=\"auto, (max-width: 512px) 100vw, 512px\" \/><\/p>\n<p>Con informaci\u00f3n de <strong>Cin\u00e9polis<\/strong>, <strong>Sala de Arte<\/strong> y <strong>Nueva Era Films<\/strong> gracias a <strong>Edelman M\u00e9xico<\/strong>.<\/p>\n","protected":false},"excerpt":{"rendered":"<p>Desde hace casi tres d\u00e9cadas, el\u00a0Tour de Cine Franc\u00e9s ha construido un puente cinematogr\u00e1fico entre Francia y M\u00e9xico que se fortalece con cada edici\u00f3n. En 2025 este festival itinerante regresa a las salas del pa\u00eds con una nueva selecci\u00f3n de siete pel\u00edculas francesas contempor\u00e1neas que no se han estrenado en M\u00e9xico, reafirmando su compromiso con [&hellip;]<\/p>\n","protected":false},"author":2,"featured_media":16076,"comment_status":"open","ping_status":"open","sticky":false,"template":"","format":"standard","meta":{"footnotes":""},"categories":[100,158,157],"tags":[],"class_list":["post-16051","post","type-post","status-publish","format-standard","has-post-thumbnail","hentry","category-cinepolis","category-nueva-era-films","category-sala-de-arte"],"_links":{"self":[{"href":"https:\/\/moviecrazyplanet.com\/index.php?rest_route=\/wp\/v2\/posts\/16051","targetHints":{"allow":["GET"]}}],"collection":[{"href":"https:\/\/moviecrazyplanet.com\/index.php?rest_route=\/wp\/v2\/posts"}],"about":[{"href":"https:\/\/moviecrazyplanet.com\/index.php?rest_route=\/wp\/v2\/types\/post"}],"author":[{"embeddable":true,"href":"https:\/\/moviecrazyplanet.com\/index.php?rest_route=\/wp\/v2\/users\/2"}],"replies":[{"embeddable":true,"href":"https:\/\/moviecrazyplanet.com\/index.php?rest_route=%2Fwp%2Fv2%2Fcomments&post=16051"}],"version-history":[{"count":8,"href":"https:\/\/moviecrazyplanet.com\/index.php?rest_route=\/wp\/v2\/posts\/16051\/revisions"}],"predecessor-version":[{"id":16082,"href":"https:\/\/moviecrazyplanet.com\/index.php?rest_route=\/wp\/v2\/posts\/16051\/revisions\/16082"}],"wp:featuredmedia":[{"embeddable":true,"href":"https:\/\/moviecrazyplanet.com\/index.php?rest_route=\/wp\/v2\/media\/16076"}],"wp:attachment":[{"href":"https:\/\/moviecrazyplanet.com\/index.php?rest_route=%2Fwp%2Fv2%2Fmedia&parent=16051"}],"wp:term":[{"taxonomy":"category","embeddable":true,"href":"https:\/\/moviecrazyplanet.com\/index.php?rest_route=%2Fwp%2Fv2%2Fcategories&post=16051"},{"taxonomy":"post_tag","embeddable":true,"href":"https:\/\/moviecrazyplanet.com\/index.php?rest_route=%2Fwp%2Fv2%2Ftags&post=16051"}],"curies":[{"name":"wp","href":"https:\/\/api.w.org\/{rel}","templated":true}]}}