{"id":16520,"date":"2025-10-10T22:25:30","date_gmt":"2025-10-11T04:25:30","guid":{"rendered":"https:\/\/moviecrazyplanet.com\/?p=16520"},"modified":"2025-10-10T22:25:30","modified_gmt":"2025-10-11T04:25:30","slug":"la-libertad-de-fierro-una-victima-de-un-sistema-de-justicia-corrompido","status":"publish","type":"post","link":"https:\/\/moviecrazyplanet.com\/?p=16520","title":{"rendered":"La Libertad de Fierro, una v\u00edctima de un sistema de justicia corrompido"},"content":{"rendered":"<p>En <strong>Los A\u00f1os de Fierro<\/strong>, <strong>Santiago Esteinou<\/strong> aborda la historia del injusto encarcelamiento de <strong>Ce\u0301sar Fierro Reyna<\/strong>, narrando los sucesos que lo llevaron a estar err\u00f3neamente <strong>sentenciado a muerte<\/strong> por <strong>40 a\u00f1os<\/strong>. Mientras que, al haber sido finalmente liberado en el <strong>2020<\/strong>, <strong>La Libertad de Fierro<\/strong> plantea la nueva vida de <strong>C\u00e9sar<\/strong>, acompa\u00f1\u00e1ndolo en la transici\u00f3n que implica pasar de vivir en una prisi\u00f3n a reincorporarse a la sociedad, reencontrarse con su comunidad, y reconstruir su propia identidad.<\/p>\n<p><img loading=\"lazy\" decoding=\"async\" class=\"alignnone size-full wp-image-16522\" src=\"http:\/\/moviecrazyplanet.com\/wp-content\/uploads\/2025\/10\/La-Libertad-de-Fierro-poster-02.jpg\" alt=\"\" width=\"1000\" height=\"1500\" srcset=\"https:\/\/moviecrazyplanet.com\/wp-content\/uploads\/2025\/10\/La-Libertad-de-Fierro-poster-02.jpg 1000w, https:\/\/moviecrazyplanet.com\/wp-content\/uploads\/2025\/10\/La-Libertad-de-Fierro-poster-02-200x300.jpg 200w, https:\/\/moviecrazyplanet.com\/wp-content\/uploads\/2025\/10\/La-Libertad-de-Fierro-poster-02-683x1024.jpg 683w, https:\/\/moviecrazyplanet.com\/wp-content\/uploads\/2025\/10\/La-Libertad-de-Fierro-poster-02-768x1152.jpg 768w\" sizes=\"auto, (max-width: 1000px) 100vw, 1000px\" \/><\/p>\n<p><strong>La Libertad de Fierro<\/strong> y <strong>Los A\u00f1os de Fierro<\/strong>, documentales que abordan <strong>el caso de Ce\u0301sar Fierro Reyna<\/strong>, quien pas\u00f3 <strong>40 a\u00f1os<\/strong> de su vida injustamente condenado a muerte en <strong>Texas<\/strong>, tendr\u00e1n estreno con la llegada a salas de cine de <strong>La Libertad de Fierro<\/strong> el pr\u00f3ximo <strong>10 de octubre<\/strong> y en las plataformas digitales <strong>Youtube, Amazon, Apple TV, Izzi, Total Play y Google Play<\/strong> de <strong>Los A\u00f1os de Fierro<\/strong> el <strong>13 de octubre<\/strong>.<\/p>\n<p><img loading=\"lazy\" decoding=\"async\" class=\"alignnone size-full wp-image-16526\" src=\"http:\/\/moviecrazyplanet.com\/wp-content\/uploads\/2025\/10\/La-Libertad-de-Fierro-cines-y-plataformas-.jpg\" alt=\"\" width=\"891\" height=\"1119\" srcset=\"https:\/\/moviecrazyplanet.com\/wp-content\/uploads\/2025\/10\/La-Libertad-de-Fierro-cines-y-plataformas-.jpg 891w, https:\/\/moviecrazyplanet.com\/wp-content\/uploads\/2025\/10\/La-Libertad-de-Fierro-cines-y-plataformas--239x300.jpg 239w, https:\/\/moviecrazyplanet.com\/wp-content\/uploads\/2025\/10\/La-Libertad-de-Fierro-cines-y-plataformas--815x1024.jpg 815w, https:\/\/moviecrazyplanet.com\/wp-content\/uploads\/2025\/10\/La-Libertad-de-Fierro-cines-y-plataformas--768x965.jpg 768w\" sizes=\"auto, (max-width: 891px) 100vw, 891px\" \/><\/p>\n<div>Los documentales tuvieron su <strong>estreno mundial<\/strong> en el <strong>Festival Internacional de Cine de Toronto<\/strong> y su estreno nacional en el <strong>Festival Internacional de Cine de Morelia<\/strong> y tienen pr\u00f3ximas participaciones en festivales internacionales como <strong>Viva M\u00e9xico<\/strong>, <strong>FICBA<\/strong>, <strong>Tallgrass<\/strong> y <strong><em>Pantalla Latina<\/em><\/strong>.<\/div>\n<div>\n<p><img loading=\"lazy\" decoding=\"async\" class=\"alignnone size-full wp-image-16527\" src=\"http:\/\/moviecrazyplanet.com\/wp-content\/uploads\/2025\/10\/La-Libertad-de-Fierro-Circuito.jpg\" alt=\"\" width=\"899\" height=\"1598\" srcset=\"https:\/\/moviecrazyplanet.com\/wp-content\/uploads\/2025\/10\/La-Libertad-de-Fierro-Circuito.jpg 899w, https:\/\/moviecrazyplanet.com\/wp-content\/uploads\/2025\/10\/La-Libertad-de-Fierro-Circuito-169x300.jpg 169w, https:\/\/moviecrazyplanet.com\/wp-content\/uploads\/2025\/10\/La-Libertad-de-Fierro-Circuito-576x1024.jpg 576w, https:\/\/moviecrazyplanet.com\/wp-content\/uploads\/2025\/10\/La-Libertad-de-Fierro-Circuito-768x1365.jpg 768w, https:\/\/moviecrazyplanet.com\/wp-content\/uploads\/2025\/10\/La-Libertad-de-Fierro-Circuito-864x1536.jpg 864w\" sizes=\"auto, (max-width: 899px) 100vw, 899px\" \/><\/p>\n<p><strong>SINOPSIS<\/strong><\/p>\n<p><strong>C\u00e9sar Fierro<\/strong> acaba de convertirse en un hombre libre y necesita reconstruir su vida despu\u00e9s de haber estado sentenciado a muerte por error en <strong>Texas<\/strong>.\u00a0 \u00c9l pas\u00f3 la mayor parte de su vida recluido en confinamiento solitario, completamente privado de cualquier contacto f\u00edsico con otros seres humanos.\u00a0 A pesar de los desaf\u00edos, <strong>C\u00e9sar Fierro<\/strong> est\u00e1 decidido a encontrar la verdadera libertad.<\/p>\n<\/div>\n<p><img loading=\"lazy\" decoding=\"async\" class=\"alignnone size-full wp-image-16523\" src=\"http:\/\/moviecrazyplanet.com\/wp-content\/uploads\/2025\/10\/La-Librrtad-de-Fierro.jpg\" alt=\"\" width=\"1500\" height=\"2143\" srcset=\"https:\/\/moviecrazyplanet.com\/wp-content\/uploads\/2025\/10\/La-Librrtad-de-Fierro.jpg 1500w, https:\/\/moviecrazyplanet.com\/wp-content\/uploads\/2025\/10\/La-Librrtad-de-Fierro-210x300.jpg 210w, https:\/\/moviecrazyplanet.com\/wp-content\/uploads\/2025\/10\/La-Librrtad-de-Fierro-717x1024.jpg 717w, https:\/\/moviecrazyplanet.com\/wp-content\/uploads\/2025\/10\/La-Librrtad-de-Fierro-768x1097.jpg 768w, https:\/\/moviecrazyplanet.com\/wp-content\/uploads\/2025\/10\/La-Librrtad-de-Fierro-1075x1536.jpg 1075w, https:\/\/moviecrazyplanet.com\/wp-content\/uploads\/2025\/10\/La-Librrtad-de-Fierro-1434x2048.jpg 1434w, https:\/\/moviecrazyplanet.com\/wp-content\/uploads\/2025\/10\/La-Librrtad-de-Fierro-1024x1463.jpg 1024w\" sizes=\"auto, (max-width: 1500px) 100vw, 1500px\" \/><\/p>\n<p><strong>La Libertad de Fierro<\/strong> llega a salas de cine mexicanas este <strong>10 de octubre<\/strong> en el marco del <strong>D\u00eda Mundial contra la Pena de Muerte\u00a0<\/strong>bajo la distribuci\u00f3n de <strong>Somos Piano<\/strong>.<\/p>\n<p><iframe loading=\"lazy\" title=\"La Libertad de Fierro - Trailer Oficial\" width=\"640\" height=\"360\" src=\"https:\/\/www.youtube.com\/embed\/wtXHf9XqRLI?feature=oembed\" frameborder=\"0\" allow=\"accelerometer; autoplay; clipboard-write; encrypted-media; gyroscope; picture-in-picture; web-share\" referrerpolicy=\"strict-origin-when-cross-origin\" allowfullscreen><\/iframe><\/p>\n<p><img loading=\"lazy\" decoding=\"async\" class=\"alignnone size-full wp-image-8957\" src=\"http:\/\/moviecrazyplanet.com\/wp-content\/uploads\/2024\/09\/Somos-Piano.jpg\" alt=\"\" width=\"1200\" height=\"780\" srcset=\"https:\/\/moviecrazyplanet.com\/wp-content\/uploads\/2024\/09\/Somos-Piano.jpg 1200w, https:\/\/moviecrazyplanet.com\/wp-content\/uploads\/2024\/09\/Somos-Piano-300x195.jpg 300w, https:\/\/moviecrazyplanet.com\/wp-content\/uploads\/2024\/09\/Somos-Piano-1024x666.jpg 1024w, https:\/\/moviecrazyplanet.com\/wp-content\/uploads\/2024\/09\/Somos-Piano-768x499.jpg 768w\" sizes=\"auto, (max-width: 1200px) 100vw, 1200px\" \/><\/p>\n<p>Con informaci\u00f3n de <strong>Somos Piano<\/strong>.<\/p>\n","protected":false},"excerpt":{"rendered":"<p>En Los A\u00f1os de Fierro, Santiago Esteinou aborda la historia del injusto encarcelamiento de Ce\u0301sar Fierro Reyna, narrando los sucesos que lo llevaron a estar err\u00f3neamente sentenciado a muerte por 40 a\u00f1os. Mientras que, al haber sido finalmente liberado en el 2020, La Libertad de Fierro plantea la nueva vida de C\u00e9sar, acompa\u00f1\u00e1ndolo en la [&hellip;]<\/p>\n","protected":false},"author":2,"featured_media":16528,"comment_status":"open","ping_status":"open","sticky":false,"template":"","format":"standard","meta":{"footnotes":""},"categories":[142,140],"tags":[],"class_list":["post-16520","post","type-post","status-publish","format-standard","has-post-thumbnail","hentry","category-documental","category-somos-piano"],"_links":{"self":[{"href":"https:\/\/moviecrazyplanet.com\/index.php?rest_route=\/wp\/v2\/posts\/16520","targetHints":{"allow":["GET"]}}],"collection":[{"href":"https:\/\/moviecrazyplanet.com\/index.php?rest_route=\/wp\/v2\/posts"}],"about":[{"href":"https:\/\/moviecrazyplanet.com\/index.php?rest_route=\/wp\/v2\/types\/post"}],"author":[{"embeddable":true,"href":"https:\/\/moviecrazyplanet.com\/index.php?rest_route=\/wp\/v2\/users\/2"}],"replies":[{"embeddable":true,"href":"https:\/\/moviecrazyplanet.com\/index.php?rest_route=%2Fwp%2Fv2%2Fcomments&post=16520"}],"version-history":[{"count":4,"href":"https:\/\/moviecrazyplanet.com\/index.php?rest_route=\/wp\/v2\/posts\/16520\/revisions"}],"predecessor-version":[{"id":16532,"href":"https:\/\/moviecrazyplanet.com\/index.php?rest_route=\/wp\/v2\/posts\/16520\/revisions\/16532"}],"wp:featuredmedia":[{"embeddable":true,"href":"https:\/\/moviecrazyplanet.com\/index.php?rest_route=\/wp\/v2\/media\/16528"}],"wp:attachment":[{"href":"https:\/\/moviecrazyplanet.com\/index.php?rest_route=%2Fwp%2Fv2%2Fmedia&parent=16520"}],"wp:term":[{"taxonomy":"category","embeddable":true,"href":"https:\/\/moviecrazyplanet.com\/index.php?rest_route=%2Fwp%2Fv2%2Fcategories&post=16520"},{"taxonomy":"post_tag","embeddable":true,"href":"https:\/\/moviecrazyplanet.com\/index.php?rest_route=%2Fwp%2Fv2%2Ftags&post=16520"}],"curies":[{"name":"wp","href":"https:\/\/api.w.org\/{rel}","templated":true}]}}