{"id":16793,"date":"2025-10-22T18:44:49","date_gmt":"2025-10-23T00:44:49","guid":{"rendered":"https:\/\/moviecrazyplanet.com\/?p=16793"},"modified":"2025-10-22T18:44:49","modified_gmt":"2025-10-23T00:44:49","slug":"netflix-presenta-el-primer-concierto-de-juan-gabriel-en-bellas-artes-proyectado-en-el-zocalo","status":"publish","type":"post","link":"https:\/\/moviecrazyplanet.com\/?p=16793","title":{"rendered":"Netflix presenta el primer concierto de Juan Gabriel en Bellas Artes proyectado en el Z\u00f3calo"},"content":{"rendered":"<p><strong>Netflix<\/strong> y el <strong>Gobierno de la Ciudad de M\u00e9xico<\/strong>, a trav\u00e9s de la <strong>Secretar\u00eda de Cultura local<\/strong>, revivir\u00e1n aquella noche de <strong>1990<\/strong> en la que <strong>Juan Gabriel<\/strong> hizo historia al presentarse <strong>por primera vez<\/strong> en el <strong>Palacio de Bellas Artes<\/strong>, acompa\u00f1ado de la <strong>Orquesta Sinf\u00f3nica Nacional<\/strong>.<\/p>\n<p><img loading=\"lazy\" decoding=\"async\" class=\"alignnone size-full wp-image-16797\" src=\"http:\/\/moviecrazyplanet.com\/wp-content\/uploads\/2025\/10\/Juan-Gabriel-en-el-Zocalo-Banner.png\" alt=\"\" width=\"1920\" height=\"1080\" srcset=\"https:\/\/moviecrazyplanet.com\/wp-content\/uploads\/2025\/10\/Juan-Gabriel-en-el-Zocalo-Banner.png 1920w, https:\/\/moviecrazyplanet.com\/wp-content\/uploads\/2025\/10\/Juan-Gabriel-en-el-Zocalo-Banner-300x169.png 300w, https:\/\/moviecrazyplanet.com\/wp-content\/uploads\/2025\/10\/Juan-Gabriel-en-el-Zocalo-Banner-1024x576.png 1024w, https:\/\/moviecrazyplanet.com\/wp-content\/uploads\/2025\/10\/Juan-Gabriel-en-el-Zocalo-Banner-768x432.png 768w, https:\/\/moviecrazyplanet.com\/wp-content\/uploads\/2025\/10\/Juan-Gabriel-en-el-Zocalo-Banner-1536x864.png 1536w, https:\/\/moviecrazyplanet.com\/wp-content\/uploads\/2025\/10\/Juan-Gabriel-en-el-Zocalo-Banner-1280x720.png 1280w\" sizes=\"auto, (max-width: 1920px) 100vw, 1920px\" \/><\/p>\n<div>\n<p>La proyecci\u00f3n de este concierto incluir\u00e1 tomas nunca antes vistas, del propio archivo personal del <strong>Divo de Ju\u00e1rez<\/strong>, y que tambi\u00e9n son parte de la serie documental<em><strong>\u00a0Juan Gabriel: Debo, puedo y quiero<\/strong><\/em>, dirigida por <strong>Mar\u00eda Jos\u00e9 Cuevas<\/strong>.<\/p>\n<p><img loading=\"lazy\" decoding=\"async\" class=\"alignnone size-full wp-image-16799\" src=\"http:\/\/moviecrazyplanet.com\/wp-content\/uploads\/2025\/10\/Juan-Gabriel-en-Bellas-Artes-002.jpg\" alt=\"\" width=\"694\" height=\"434\" srcset=\"https:\/\/moviecrazyplanet.com\/wp-content\/uploads\/2025\/10\/Juan-Gabriel-en-Bellas-Artes-002.jpg 694w, https:\/\/moviecrazyplanet.com\/wp-content\/uploads\/2025\/10\/Juan-Gabriel-en-Bellas-Artes-002-300x188.jpg 300w\" sizes=\"auto, (max-width: 694px) 100vw, 694px\" \/><\/p>\n<p>Tambi\u00e9n estar\u00e1 disponible<strong> material fotogr\u00e1fico<\/strong> nunca antes visto de <strong>Juan Gabriel<\/strong>, a partir del <strong>27 de octubre<\/strong> en la <strong>estaci\u00f3n de metro Bellas Artes<\/strong>, y del <strong>jueves 30 en el \u00c1ngel de la Independencia<\/strong> y la <strong>glorieta de la Diana Cazadora<\/strong>.<\/p>\n<p><img loading=\"lazy\" decoding=\"async\" class=\"alignnone size-full wp-image-16800\" src=\"http:\/\/moviecrazyplanet.com\/wp-content\/uploads\/2025\/10\/Juan-Gabriel-en-Bellas-Artes-003.png\" alt=\"\" width=\"1200\" height=\"800\" srcset=\"https:\/\/moviecrazyplanet.com\/wp-content\/uploads\/2025\/10\/Juan-Gabriel-en-Bellas-Artes-003.png 1200w, https:\/\/moviecrazyplanet.com\/wp-content\/uploads\/2025\/10\/Juan-Gabriel-en-Bellas-Artes-003-300x200.png 300w, https:\/\/moviecrazyplanet.com\/wp-content\/uploads\/2025\/10\/Juan-Gabriel-en-Bellas-Artes-003-1024x683.png 1024w, https:\/\/moviecrazyplanet.com\/wp-content\/uploads\/2025\/10\/Juan-Gabriel-en-Bellas-Artes-003-768x512.png 768w\" sizes=\"auto, (max-width: 1200px) 100vw, 1200px\" \/><\/p>\n<p><strong><em>Juan Gabriel: Debo, Puedo y Quiero\u00a0<\/em><br \/>\n<\/strong>llegar\u00e1 a<strong> Netflix <\/strong>este pr\u00f3ximo<strong> 30 de octubre<\/strong><\/p>\n<\/div>\n<p><strong>Acerca de Juan Gabriel: Debo, Puedo y Quiero.<\/strong><\/p>\n<p>Una <strong>serie documental<\/strong> con acceso in\u00e9dito a los archivos personales de <strong>Juan Gabriel<\/strong>, incluyendo videos filmados por \u00e9l mismo. A trav\u00e9s de <strong>4 episodios<\/strong>, esta investigaci\u00f3n ofrece una historia \u00edntima y reveladora sobre <strong>Alberto Aguilera Valadez<\/strong>, el hombre detr\u00e1s del \u00eddolo musical mexicano y autor de miles de canciones, que convirti\u00f3 su dolor en himnos y rompi\u00f3 estigmas y prejuicios a lo largo de su vida. \u00a0<strong><em>Juan Gabriel: Debo, Puedo y quiero<\/em><\/strong>\u00a0recorre desde los inicios de la carrera de uno de los artistas m\u00e1s queridos de M\u00e9xico, hasta su muerte, ofreciendo una mirada sin precedentes y profundamente humana a su legado que ya forma parte de la cultura popular mexicana, y cuya m\u00fasica sigue conmoviendo a millones en el mundo.<\/p>\n<p><img loading=\"lazy\" decoding=\"async\" class=\"alignnone size-full wp-image-16592\" src=\"http:\/\/moviecrazyplanet.com\/wp-content\/uploads\/2025\/10\/Juan-Gabriel-Debo-Puedo-y-Quiero-01.jpg\" alt=\"\" width=\"1080\" height=\"1350\" srcset=\"https:\/\/moviecrazyplanet.com\/wp-content\/uploads\/2025\/10\/Juan-Gabriel-Debo-Puedo-y-Quiero-01.jpg 1080w, https:\/\/moviecrazyplanet.com\/wp-content\/uploads\/2025\/10\/Juan-Gabriel-Debo-Puedo-y-Quiero-01-240x300.jpg 240w, https:\/\/moviecrazyplanet.com\/wp-content\/uploads\/2025\/10\/Juan-Gabriel-Debo-Puedo-y-Quiero-01-819x1024.jpg 819w, https:\/\/moviecrazyplanet.com\/wp-content\/uploads\/2025\/10\/Juan-Gabriel-Debo-Puedo-y-Quiero-01-768x960.jpg 768w, https:\/\/moviecrazyplanet.com\/wp-content\/uploads\/2025\/10\/Juan-Gabriel-Debo-Puedo-y-Quiero-01-1024x1280.jpg 1024w\" sizes=\"auto, (max-width: 1080px) 100vw, 1080px\" \/><\/p>\n<p><strong>Directora:<\/strong>\u00a0Mar\u00eda Jos\u00e9 Cuevas (<em>Bellas de Noche, La Dama del Silencio: El caso Mataviejitas<\/em>)<br \/>\n<strong>Productoras:<\/strong>\u00a0Laura Woldenberg &amp; Ivonne Guti\u00e9rrez (<em>1994, Las tres muertes de Marisela Escobedo, La Dama del Silencio: El caso Mataviejitas<\/em>).<br \/>\n<strong>Compa\u00f1\u00eda productora:<\/strong>\u00a0Mezcla<\/p>\n<p><img loading=\"lazy\" decoding=\"async\" class=\"alignnone size-full wp-image-16794\" src=\"http:\/\/moviecrazyplanet.com\/wp-content\/uploads\/2025\/10\/Juan-Gabriel-en-el-Zocalo-concierto-Bellas-Artes.jpg\" alt=\"\" width=\"1350\" height=\"1688\" srcset=\"https:\/\/moviecrazyplanet.com\/wp-content\/uploads\/2025\/10\/Juan-Gabriel-en-el-Zocalo-concierto-Bellas-Artes.jpg 1350w, https:\/\/moviecrazyplanet.com\/wp-content\/uploads\/2025\/10\/Juan-Gabriel-en-el-Zocalo-concierto-Bellas-Artes-240x300.jpg 240w, https:\/\/moviecrazyplanet.com\/wp-content\/uploads\/2025\/10\/Juan-Gabriel-en-el-Zocalo-concierto-Bellas-Artes-819x1024.jpg 819w, https:\/\/moviecrazyplanet.com\/wp-content\/uploads\/2025\/10\/Juan-Gabriel-en-el-Zocalo-concierto-Bellas-Artes-768x960.jpg 768w, https:\/\/moviecrazyplanet.com\/wp-content\/uploads\/2025\/10\/Juan-Gabriel-en-el-Zocalo-concierto-Bellas-Artes-1228x1536.jpg 1228w, https:\/\/moviecrazyplanet.com\/wp-content\/uploads\/2025\/10\/Juan-Gabriel-en-el-Zocalo-concierto-Bellas-Artes-1024x1280.jpg 1024w\" sizes=\"auto, (max-width: 1350px) 100vw, 1350px\" \/><\/p>\n<p>El \u00edcono primer concierto de <strong>Juan Gabriel<\/strong> en <strong>Bellas Artes<\/strong> ser\u00e1 proyectado en el <strong>Z\u00f3calo Capitalino<\/strong> el <strong>s\u00e1bado 8 de noviembre<\/strong> a las 8 pm. Entrada libre.<\/p>\n<p><iframe loading=\"lazy\" title=\"Invitaci\u00f3n | Netflix presenta el concierto en Bellas Artes (1990) de Juan Gabriel en el Z\u00f3calo, CDMX\" width=\"640\" height=\"360\" src=\"https:\/\/www.youtube.com\/embed\/lofckx8odeY?feature=oembed\" frameborder=\"0\" allow=\"accelerometer; autoplay; clipboard-write; encrypted-media; gyroscope; picture-in-picture; web-share\" referrerpolicy=\"strict-origin-when-cross-origin\" allowfullscreen><\/iframe><\/p>\n<p><a href=\"http:\/\/www.netflix.com\" target=\"_blank\" rel=\"noopener\"><img loading=\"lazy\" decoding=\"async\" class=\"alignnone size-full wp-image-1763\" src=\"http:\/\/moviecrazyplanet.com\/wp-content\/uploads\/2023\/08\/images-2-1.png\" alt=\"\" width=\"738\" height=\"415\" srcset=\"https:\/\/moviecrazyplanet.com\/wp-content\/uploads\/2023\/08\/images-2-1.png 738w, https:\/\/moviecrazyplanet.com\/wp-content\/uploads\/2023\/08\/images-2-1-300x169.png 300w\" sizes=\"auto, (max-width: 738px) 100vw, 738px\" \/><\/a><\/p>\n<p>Con informaci\u00f3n de <strong>Netflix<\/strong> gracias a <strong>Eureka&amp;Co<\/strong>.<\/p>\n","protected":false},"excerpt":{"rendered":"<p>Netflix y el Gobierno de la Ciudad de M\u00e9xico, a trav\u00e9s de la Secretar\u00eda de Cultura local, revivir\u00e1n aquella noche de 1990 en la que Juan Gabriel hizo historia al presentarse por primera vez en el Palacio de Bellas Artes, acompa\u00f1ado de la Orquesta Sinf\u00f3nica Nacional. La proyecci\u00f3n de este concierto incluir\u00e1 tomas nunca antes [&hellip;]<\/p>\n","protected":false},"author":2,"featured_media":16798,"comment_status":"open","ping_status":"open","sticky":false,"template":"","format":"standard","meta":{"footnotes":""},"categories":[90,82],"tags":[],"class_list":["post-16793","post","type-post","status-publish","format-standard","has-post-thumbnail","hentry","category-conciertos","category-netflix"],"_links":{"self":[{"href":"https:\/\/moviecrazyplanet.com\/index.php?rest_route=\/wp\/v2\/posts\/16793","targetHints":{"allow":["GET"]}}],"collection":[{"href":"https:\/\/moviecrazyplanet.com\/index.php?rest_route=\/wp\/v2\/posts"}],"about":[{"href":"https:\/\/moviecrazyplanet.com\/index.php?rest_route=\/wp\/v2\/types\/post"}],"author":[{"embeddable":true,"href":"https:\/\/moviecrazyplanet.com\/index.php?rest_route=\/wp\/v2\/users\/2"}],"replies":[{"embeddable":true,"href":"https:\/\/moviecrazyplanet.com\/index.php?rest_route=%2Fwp%2Fv2%2Fcomments&post=16793"}],"version-history":[{"count":1,"href":"https:\/\/moviecrazyplanet.com\/index.php?rest_route=\/wp\/v2\/posts\/16793\/revisions"}],"predecessor-version":[{"id":16801,"href":"https:\/\/moviecrazyplanet.com\/index.php?rest_route=\/wp\/v2\/posts\/16793\/revisions\/16801"}],"wp:featuredmedia":[{"embeddable":true,"href":"https:\/\/moviecrazyplanet.com\/index.php?rest_route=\/wp\/v2\/media\/16798"}],"wp:attachment":[{"href":"https:\/\/moviecrazyplanet.com\/index.php?rest_route=%2Fwp%2Fv2%2Fmedia&parent=16793"}],"wp:term":[{"taxonomy":"category","embeddable":true,"href":"https:\/\/moviecrazyplanet.com\/index.php?rest_route=%2Fwp%2Fv2%2Fcategories&post=16793"},{"taxonomy":"post_tag","embeddable":true,"href":"https:\/\/moviecrazyplanet.com\/index.php?rest_route=%2Fwp%2Fv2%2Ftags&post=16793"}],"curies":[{"name":"wp","href":"https:\/\/api.w.org\/{rel}","templated":true}]}}