{"id":17448,"date":"2025-11-21T20:57:41","date_gmt":"2025-11-22T02:57:41","guid":{"rendered":"https:\/\/moviecrazyplanet.com\/?p=17448"},"modified":"2025-11-21T20:58:40","modified_gmt":"2025-11-22T02:58:40","slug":"el-diario-de-greg-esto-es-el-colmo-estrena-en-disney","status":"publish","type":"post","link":"https:\/\/moviecrazyplanet.com\/?p=17448","title":{"rendered":"El Diario de Greg: \u00a1Esto es el Colmo! estrena en Disney+"},"content":{"rendered":"<p><b><i>EL DIARIO DE GREG: \u00a1ESTO ES EL COLMO!<\/i><\/b>\u00a0La pel\u00edcula, adaptada de la tercera entrega de la serie de libros m\u00e1s vendida del autor <strong>Jeff Kinney<\/strong>, estrena exclusivamente en <strong>Disney+ el 5 de diciembre<\/strong>.<\/p>\n<p><img loading=\"lazy\" decoding=\"async\" class=\"alignnone size-full wp-image-17459\" src=\"http:\/\/moviecrazyplanet.com\/wp-content\/uploads\/2025\/11\/Diary-Wimpy-Kid-The-Last-Straw.jpg\" alt=\"\" width=\"1080\" height=\"1597\" srcset=\"https:\/\/moviecrazyplanet.com\/wp-content\/uploads\/2025\/11\/Diary-Wimpy-Kid-The-Last-Straw.jpg 1080w, https:\/\/moviecrazyplanet.com\/wp-content\/uploads\/2025\/11\/Diary-Wimpy-Kid-The-Last-Straw-203x300.jpg 203w, https:\/\/moviecrazyplanet.com\/wp-content\/uploads\/2025\/11\/Diary-Wimpy-Kid-The-Last-Straw-692x1024.jpg 692w, https:\/\/moviecrazyplanet.com\/wp-content\/uploads\/2025\/11\/Diary-Wimpy-Kid-The-Last-Straw-768x1136.jpg 768w, https:\/\/moviecrazyplanet.com\/wp-content\/uploads\/2025\/11\/Diary-Wimpy-Kid-The-Last-Straw-1039x1536.jpg 1039w, https:\/\/moviecrazyplanet.com\/wp-content\/uploads\/2025\/11\/Diary-Wimpy-Kid-The-Last-Straw-1024x1514.jpg 1024w\" sizes=\"auto, (max-width: 1080px) 100vw, 1080px\" \/><\/p>\n<p style=\"text-align: left;\">El elenco de voces en ingyl\u00e9s incluye a <strong>Aaron D. Harris<\/strong> (\u00ab<strong>Matlock<\/strong>\u00ab) como <strong>Greg Heffley<\/strong>; <strong>Chris Diamantopoulos<\/strong> (\u00ab<strong>Silicon Valley<\/strong>\u00ab) como el padre de <strong>Greg<\/strong>, <strong>Frank<\/strong>; <strong>Erica Cerra<\/strong> (\u00ab<strong>The 100<\/strong>\u00ab) como la madre de <strong>Greg<\/strong>, <strong>Susan<\/strong>; <strong>Hunter Dillon<\/strong> (\u00abThe Spiderwick Chronicles\u00bb) como el sarc\u00e1stico hermano mayor de <strong>Greg,<\/strong> <strong>Roderick<\/strong>; <strong>Jude Zarzaur<\/strong> (\u00abThe Chosen Adventures\u00bb) como el mejor amigo de <strong>Greg<\/strong>, <strong>Rowley<\/strong>; <strong>Gracen Newton<\/strong> (<b><i>Disney Jr. Ariel<\/i><\/b>) como el hermano menor de <strong>Greg<\/strong>, <strong>Manny<\/strong>; <strong>Jill Basey<\/strong> (\u00abPen15\u00bb) como la vecina de <strong>Greg<\/strong>, la <strong>Sra. Canfield<\/strong>; Bashir Salahuddin (\u00abSouth Side\u00bb) como el condescendiente vecino de <strong>Heffley<\/strong>, el <strong>Sr. Warren<\/strong>; y <strong>William Stanford Davis<\/strong> (<b><i>Abbott Elementary<\/i><\/b>) como el maestro de tropa de <strong>Boy Scouts<\/strong> de <strong>Greg, Barrett<\/strong>.<\/p>\n<figure id=\"attachment_17453\" aria-describedby=\"caption-attachment-17453\" style=\"width: 2560px\" class=\"wp-caption alignnone\"><img loading=\"lazy\" decoding=\"async\" class=\"size-full wp-image-17453\" src=\"http:\/\/moviecrazyplanet.com\/wp-content\/uploads\/2025\/11\/D-El-Diario-de-Greg_-\u00a1Esto-es-el-colmo-scaled.jpg\" alt=\"\" width=\"2560\" height=\"1440\" srcset=\"https:\/\/moviecrazyplanet.com\/wp-content\/uploads\/2025\/11\/D-El-Diario-de-Greg_-\u00a1Esto-es-el-colmo-scaled.jpg 2560w, https:\/\/moviecrazyplanet.com\/wp-content\/uploads\/2025\/11\/D-El-Diario-de-Greg_-\u00a1Esto-es-el-colmo-300x169.jpg 300w, https:\/\/moviecrazyplanet.com\/wp-content\/uploads\/2025\/11\/D-El-Diario-de-Greg_-\u00a1Esto-es-el-colmo-1024x576.jpg 1024w, https:\/\/moviecrazyplanet.com\/wp-content\/uploads\/2025\/11\/D-El-Diario-de-Greg_-\u00a1Esto-es-el-colmo-768x432.jpg 768w, https:\/\/moviecrazyplanet.com\/wp-content\/uploads\/2025\/11\/D-El-Diario-de-Greg_-\u00a1Esto-es-el-colmo-1536x864.jpg 1536w, https:\/\/moviecrazyplanet.com\/wp-content\/uploads\/2025\/11\/D-El-Diario-de-Greg_-\u00a1Esto-es-el-colmo-2048x1152.jpg 2048w, https:\/\/moviecrazyplanet.com\/wp-content\/uploads\/2025\/11\/D-El-Diario-de-Greg_-\u00a1Esto-es-el-colmo-1280x720.jpg 1280w\" sizes=\"auto, (max-width: 2560px) 100vw, 2560px\" \/><figcaption id=\"caption-attachment-17453\" class=\"wp-caption-text\">(L-R): Frank (voiced by Chris Diamantopoulos) and Greg (voiced by Aaron D. Harris) in Disney\u2019s \u00abDiary of a Wimpy Kid: The Last Straw,\u201d exclusively on Disney+. \u00a9 2025 20th Century Studios. All Rights Reserved.<\/figcaption><\/figure>\n<p>En el tr\u00e1iler, <strong>Greg<\/strong> se encuentra continuamente en desacuerdo con las enormes expectativas de su padre. A medida que aumenta la presi\u00f3n para cambiar su actuaci\u00f3n despu\u00e9s de una serie de divertidos casi desastres, el padre de <strong>Greg<\/strong> le presenta un ultim\u00e1tum, y un viaje a un campamento en la naturaleza, que podr\u00eda desafiar las formas desafortunadas de <strong>Greg<\/strong> para siempre. La desventura familiar animada est\u00e1 dirigida por <strong>Matt Danner<\/strong> y escrita y producida por el galardonado creador de la serie Jeff Kinney.<\/p>\n<figure id=\"attachment_17454\" aria-describedby=\"caption-attachment-17454\" style=\"width: 2560px\" class=\"wp-caption alignnone\"><img loading=\"lazy\" decoding=\"async\" class=\"size-full wp-image-17454\" src=\"http:\/\/moviecrazyplanet.com\/wp-content\/uploads\/2025\/11\/D-El-Diario-de-Greg_-\u00a1Esto-es-el-colmo-2-scaled.jpg\" alt=\"\" width=\"2560\" height=\"1440\" srcset=\"https:\/\/moviecrazyplanet.com\/wp-content\/uploads\/2025\/11\/D-El-Diario-de-Greg_-\u00a1Esto-es-el-colmo-2-scaled.jpg 2560w, https:\/\/moviecrazyplanet.com\/wp-content\/uploads\/2025\/11\/D-El-Diario-de-Greg_-\u00a1Esto-es-el-colmo-2-300x169.jpg 300w, https:\/\/moviecrazyplanet.com\/wp-content\/uploads\/2025\/11\/D-El-Diario-de-Greg_-\u00a1Esto-es-el-colmo-2-1024x576.jpg 1024w, https:\/\/moviecrazyplanet.com\/wp-content\/uploads\/2025\/11\/D-El-Diario-de-Greg_-\u00a1Esto-es-el-colmo-2-768x432.jpg 768w, https:\/\/moviecrazyplanet.com\/wp-content\/uploads\/2025\/11\/D-El-Diario-de-Greg_-\u00a1Esto-es-el-colmo-2-1536x864.jpg 1536w, https:\/\/moviecrazyplanet.com\/wp-content\/uploads\/2025\/11\/D-El-Diario-de-Greg_-\u00a1Esto-es-el-colmo-2-2048x1152.jpg 2048w, https:\/\/moviecrazyplanet.com\/wp-content\/uploads\/2025\/11\/D-El-Diario-de-Greg_-\u00a1Esto-es-el-colmo-2-1280x720.jpg 1280w\" sizes=\"auto, (max-width: 2560px) 100vw, 2560px\" \/><figcaption id=\"caption-attachment-17454\" class=\"wp-caption-text\">(L-R): Frank (voiced by Chris Diamantopoulos) and Greg (voiced by Aaron D. Harris) in Disney\u2019s \u00abDiary of a Wimpy Kid: The Last Straw,\u201d exclusively on Disney+. \u00a9 2025 20th Century Studios. All Rights Reserved.<\/figcaption><\/figure>\n<p><b><i>EL DIARIO DE GREG: \u00a1ESTO ES EL COLMO!<\/i><\/b>\u00a0es la cuarta adaptaci\u00f3n animada que debuta en <strong>Disney+<\/strong> despu\u00e9s de\u00a0<b><i>EL DIARIO DE GREG<\/i><\/b>\u00a0(2021),\u00a0<b><i>EL DIARIO DE GREG: LAS REGLAS DE RODRICK<\/i><\/b>\u00a0(2022) y\u00a0<b><i>EL DIARIO DE GREG: \u00a1NAVIDAD SIN SALIDA!<\/i><\/b>\u00a0(2023). Todas las pel\u00edculas se encuentran disponibles en <strong>Disney+<\/strong>.<\/p>\n<p><img loading=\"lazy\" decoding=\"async\" class=\"alignnone size-full wp-image-17452\" src=\"http:\/\/moviecrazyplanet.com\/wp-content\/uploads\/2025\/11\/El-Diario-de-Greg.jpg\" alt=\"\" width=\"1080\" height=\"1350\" srcset=\"https:\/\/moviecrazyplanet.com\/wp-content\/uploads\/2025\/11\/El-Diario-de-Greg.jpg 1080w, https:\/\/moviecrazyplanet.com\/wp-content\/uploads\/2025\/11\/El-Diario-de-Greg-240x300.jpg 240w, https:\/\/moviecrazyplanet.com\/wp-content\/uploads\/2025\/11\/El-Diario-de-Greg-819x1024.jpg 819w, https:\/\/moviecrazyplanet.com\/wp-content\/uploads\/2025\/11\/El-Diario-de-Greg-768x960.jpg 768w, https:\/\/moviecrazyplanet.com\/wp-content\/uploads\/2025\/11\/El-Diario-de-Greg-1024x1280.jpg 1024w\" sizes=\"auto, (max-width: 1080px) 100vw, 1080px\" \/><\/p>\n<p>La pel\u00edcula <strong>El Diario de Greg: \u00a1Esto es el Colmo!<\/strong> estrena el <strong>5 de diciembre<\/strong> exclusivamente en <strong>Disney+<\/strong>.<\/p>\n<p><iframe loading=\"lazy\" title=\"El Diario De Greg: \u00a1esto es el colmo! | Tr\u00e1iler oficial | Disney+\" width=\"640\" height=\"360\" src=\"https:\/\/www.youtube.com\/embed\/cJUFN9lxeos?feature=oembed\" frameborder=\"0\" allow=\"accelerometer; autoplay; clipboard-write; encrypted-media; gyroscope; picture-in-picture; web-share\" referrerpolicy=\"strict-origin-when-cross-origin\" allowfullscreen><\/iframe><\/p>\n<p><a href=\"http:\/\/www.disneyplus.com\" target=\"_blank\" rel=\"noopener\"><img loading=\"lazy\" decoding=\"async\" class=\"alignnone size-full wp-image-5604\" src=\"http:\/\/moviecrazyplanet.com\/wp-content\/uploads\/2024\/03\/Disney-Plus-logo-rectangular.jpg\" alt=\"\" width=\"2000\" height=\"1125\" srcset=\"https:\/\/moviecrazyplanet.com\/wp-content\/uploads\/2024\/03\/Disney-Plus-logo-rectangular.jpg 2000w, https:\/\/moviecrazyplanet.com\/wp-content\/uploads\/2024\/03\/Disney-Plus-logo-rectangular-300x169.jpg 300w, https:\/\/moviecrazyplanet.com\/wp-content\/uploads\/2024\/03\/Disney-Plus-logo-rectangular-1024x576.jpg 1024w, https:\/\/moviecrazyplanet.com\/wp-content\/uploads\/2024\/03\/Disney-Plus-logo-rectangular-768x432.jpg 768w, https:\/\/moviecrazyplanet.com\/wp-content\/uploads\/2024\/03\/Disney-Plus-logo-rectangular-1536x864.jpg 1536w, https:\/\/moviecrazyplanet.com\/wp-content\/uploads\/2024\/03\/Disney-Plus-logo-rectangular-1280x720.jpg 1280w\" sizes=\"auto, (max-width: 2000px) 100vw, 2000px\" \/><\/a><\/p>\n<p>Con informaci\u00f3n de <strong>Disney+<\/strong> gracias a <strong>Disney Prensa M\u00e9xico<\/strong>.<\/p>\n","protected":false},"excerpt":{"rendered":"<p>EL DIARIO DE GREG: \u00a1ESTO ES EL COLMO!\u00a0La pel\u00edcula, adaptada de la tercera entrega de la serie de libros m\u00e1s vendida del autor Jeff Kinney, estrena exclusivamente en Disney+ el 5 de diciembre. El elenco de voces en ingyl\u00e9s incluye a Aaron D. Harris (\u00abMatlock\u00ab) como Greg Heffley; Chris Diamantopoulos (\u00abSilicon Valley\u00ab) como el padre [&hellip;]<\/p>\n","protected":false},"author":2,"featured_media":17458,"comment_status":"open","ping_status":"open","sticky":false,"template":"","format":"standard","meta":{"footnotes":""},"categories":[79,57,72,59],"tags":[],"class_list":["post-17448","post","type-post","status-publish","format-standard","has-post-thumbnail","hentry","category-animacion","category-comedia","category-disney","category-drama"],"_links":{"self":[{"href":"https:\/\/moviecrazyplanet.com\/index.php?rest_route=\/wp\/v2\/posts\/17448","targetHints":{"allow":["GET"]}}],"collection":[{"href":"https:\/\/moviecrazyplanet.com\/index.php?rest_route=\/wp\/v2\/posts"}],"about":[{"href":"https:\/\/moviecrazyplanet.com\/index.php?rest_route=\/wp\/v2\/types\/post"}],"author":[{"embeddable":true,"href":"https:\/\/moviecrazyplanet.com\/index.php?rest_route=\/wp\/v2\/users\/2"}],"replies":[{"embeddable":true,"href":"https:\/\/moviecrazyplanet.com\/index.php?rest_route=%2Fwp%2Fv2%2Fcomments&post=17448"}],"version-history":[{"count":3,"href":"https:\/\/moviecrazyplanet.com\/index.php?rest_route=\/wp\/v2\/posts\/17448\/revisions"}],"predecessor-version":[{"id":17461,"href":"https:\/\/moviecrazyplanet.com\/index.php?rest_route=\/wp\/v2\/posts\/17448\/revisions\/17461"}],"wp:featuredmedia":[{"embeddable":true,"href":"https:\/\/moviecrazyplanet.com\/index.php?rest_route=\/wp\/v2\/media\/17458"}],"wp:attachment":[{"href":"https:\/\/moviecrazyplanet.com\/index.php?rest_route=%2Fwp%2Fv2%2Fmedia&parent=17448"}],"wp:term":[{"taxonomy":"category","embeddable":true,"href":"https:\/\/moviecrazyplanet.com\/index.php?rest_route=%2Fwp%2Fv2%2Fcategories&post=17448"},{"taxonomy":"post_tag","embeddable":true,"href":"https:\/\/moviecrazyplanet.com\/index.php?rest_route=%2Fwp%2Fv2%2Ftags&post=17448"}],"curies":[{"name":"wp","href":"https:\/\/api.w.org\/{rel}","templated":true}]}}