{"id":18976,"date":"2026-01-29T00:24:38","date_gmt":"2026-01-29T06:24:38","guid":{"rendered":"https:\/\/moviecrazyplanet.com\/?p=18976"},"modified":"2026-01-29T07:58:12","modified_gmt":"2026-01-29T13:58:12","slug":"memoria-en-el-asfalto-inicia-temporada-en-el-centro-cultural-helenico","status":"publish","type":"post","link":"https:\/\/moviecrazyplanet.com\/?p=18976","title":{"rendered":"Memoria en el Asfalto inicia temporada en el  Centro Cultural Hel\u00e9nico"},"content":{"rendered":"<p>\u00bfQu\u00e9 pasa cuando una ciudad guarda la memoria de lo que amamos y lo que perdimos?<\/p>\n<p>Una historia de amor, soledad y pertenencia se abre paso entre las calles del Centro Hist\u00f3rico de la Ciudad de M\u00e9xico.\u00a0<strong>\u201cMemoria en el Asfalto\u201d<\/strong>, mon\u00f3logo escrito por\u00a0<strong>Aldo Mart\u00ednez Sandoval<\/strong>, protagonizado por\u00a0<strong>Carlos Ord\u00f3\u00f1ez<\/strong>\u00a0y dirigido por\u00a0<strong>Daniela Parra<\/strong>, inicia su\u00a0<strong>nueva temporada<\/strong>\u00a0en el\u00a0<strong>Foro Alternativo del Centro Cultural Hel\u00e9nico<\/strong>, a partir del\u00a0<strong>31 de enero y hasta el 15 de marzo de 2026<\/strong>.<\/p>\n<p><img loading=\"lazy\" decoding=\"async\" class=\"alignnone size-full wp-image-18989\" src=\"http:\/\/moviecrazyplanet.com\/wp-content\/uploads\/2026\/01\/Memoria-en-el-Asfalto.jpg\" alt=\"\" width=\"776\" height=\"1200\" srcset=\"https:\/\/moviecrazyplanet.com\/wp-content\/uploads\/2026\/01\/Memoria-en-el-Asfalto.jpg 776w, https:\/\/moviecrazyplanet.com\/wp-content\/uploads\/2026\/01\/Memoria-en-el-Asfalto-194x300.jpg 194w, https:\/\/moviecrazyplanet.com\/wp-content\/uploads\/2026\/01\/Memoria-en-el-Asfalto-662x1024.jpg 662w, https:\/\/moviecrazyplanet.com\/wp-content\/uploads\/2026\/01\/Memoria-en-el-Asfalto-768x1188.jpg 768w\" sizes=\"auto, (max-width: 776px) 100vw, 776px\" \/><\/p>\n<p>Nominada a los\u00a0<strong>Premios Metropolitanos de Teatro como Mejor Espect\u00e1culo Unipersonal<\/strong>, la obra regresa para reencontrarse con el p\u00fablico en un espacio \u00edntimo, donde cada espectador se convierte en testigo cercano de una experiencia profundamente humana.\u00a0<strong>Solo se realizar\u00e1n 14 funciones.<\/strong><\/p>\n<p><img loading=\"lazy\" decoding=\"async\" class=\"alignnone size-full wp-image-18979\" src=\"http:\/\/moviecrazyplanet.com\/wp-content\/uploads\/2026\/01\/Memoria-en-el-Asfalto-001-scaled.jpg\" alt=\"\" width=\"2560\" height=\"1707\" srcset=\"https:\/\/moviecrazyplanet.com\/wp-content\/uploads\/2026\/01\/Memoria-en-el-Asfalto-001-scaled.jpg 2560w, https:\/\/moviecrazyplanet.com\/wp-content\/uploads\/2026\/01\/Memoria-en-el-Asfalto-001-300x200.jpg 300w, https:\/\/moviecrazyplanet.com\/wp-content\/uploads\/2026\/01\/Memoria-en-el-Asfalto-001-1024x683.jpg 1024w, https:\/\/moviecrazyplanet.com\/wp-content\/uploads\/2026\/01\/Memoria-en-el-Asfalto-001-768x512.jpg 768w, https:\/\/moviecrazyplanet.com\/wp-content\/uploads\/2026\/01\/Memoria-en-el-Asfalto-001-1536x1024.jpg 1536w, https:\/\/moviecrazyplanet.com\/wp-content\/uploads\/2026\/01\/Memoria-en-el-Asfalto-001-2048x1365.jpg 2048w\" sizes=\"auto, (max-width: 2560px) 100vw, 2560px\" \/><\/p>\n<p>\u201cYo no nac\u00ed, me despertaron.\u201d<br \/>\nEsa frase marca el inicio de un viaje emocional en el que un personaje camina \u2014literal y simb\u00f3licamente\u2014 por el coraz\u00f3n de la ciudad, dejando que las calles, los nombres de pa\u00edses, la memoria prehisp\u00e1nica y los recuerdos personales activen la b\u00fasqueda de algo irremplazable: aquello que se ha perdido.<\/p>\n<p><img loading=\"lazy\" decoding=\"async\" class=\"alignnone size-full wp-image-18982\" src=\"http:\/\/moviecrazyplanet.com\/wp-content\/uploads\/2026\/01\/Memoria-en-el-Asfalto-004-scaled.jpg\" alt=\"\" width=\"2560\" height=\"1707\" srcset=\"https:\/\/moviecrazyplanet.com\/wp-content\/uploads\/2026\/01\/Memoria-en-el-Asfalto-004-scaled.jpg 2560w, https:\/\/moviecrazyplanet.com\/wp-content\/uploads\/2026\/01\/Memoria-en-el-Asfalto-004-300x200.jpg 300w, https:\/\/moviecrazyplanet.com\/wp-content\/uploads\/2026\/01\/Memoria-en-el-Asfalto-004-1024x683.jpg 1024w, https:\/\/moviecrazyplanet.com\/wp-content\/uploads\/2026\/01\/Memoria-en-el-Asfalto-004-768x512.jpg 768w, https:\/\/moviecrazyplanet.com\/wp-content\/uploads\/2026\/01\/Memoria-en-el-Asfalto-004-1536x1024.jpg 1536w, https:\/\/moviecrazyplanet.com\/wp-content\/uploads\/2026\/01\/Memoria-en-el-Asfalto-004-2048x1365.jpg 2048w\" sizes=\"auto, (max-width: 2560px) 100vw, 2560px\" \/><\/p>\n<p><strong>\u201cMemoria en el asfalto\u201d <\/strong>es una historia de amor, pero tambi\u00e9n un retrato de la inocencia, la madurez y la soledad que se esconden en los v\u00ednculos con los lugares que nos formaron. Es un mon\u00f3logo que remueve referentes comunes y provoca una reflexi\u00f3n \u00edntima sobre la memoria, el arraigo y la nostalgia urbana.<\/p>\n<p><img loading=\"lazy\" decoding=\"async\" class=\"alignnone size-full wp-image-18983\" src=\"http:\/\/moviecrazyplanet.com\/wp-content\/uploads\/2026\/01\/Memoria-en-el-Asfalto-005-scaled.jpg\" alt=\"\" width=\"2560\" height=\"1600\" srcset=\"https:\/\/moviecrazyplanet.com\/wp-content\/uploads\/2026\/01\/Memoria-en-el-Asfalto-005-scaled.jpg 2560w, https:\/\/moviecrazyplanet.com\/wp-content\/uploads\/2026\/01\/Memoria-en-el-Asfalto-005-300x188.jpg 300w, https:\/\/moviecrazyplanet.com\/wp-content\/uploads\/2026\/01\/Memoria-en-el-Asfalto-005-1024x640.jpg 1024w, https:\/\/moviecrazyplanet.com\/wp-content\/uploads\/2026\/01\/Memoria-en-el-Asfalto-005-768x480.jpg 768w, https:\/\/moviecrazyplanet.com\/wp-content\/uploads\/2026\/01\/Memoria-en-el-Asfalto-005-1536x960.jpg 1536w, https:\/\/moviecrazyplanet.com\/wp-content\/uploads\/2026\/01\/Memoria-en-el-Asfalto-005-2048x1280.jpg 2048w\" sizes=\"auto, (max-width: 2560px) 100vw, 2560px\" \/><\/p>\n<p>El proyecto nace de un ejercicio de colectividad encabezado por\u00a0<strong>Carlos Ord\u00f3\u00f1ez<\/strong>, quien convoc\u00f3 al dramaturgo <strong>Aldo Mart\u00ednez Sandoval<\/strong>, colega y docente de Casa del Teatro, y a la directora\u00a0<strong>Daniela Parra<\/strong>, con quienes comparte una trayectoria s\u00f3lida dentro de la escena teatral mexicana, incluida la Compa\u00f1\u00eda Nacional de Teatro. El equipo creativo se completa con\u00a0<strong>Juan Pablo Aguayo<\/strong>, en un proceso donde dramaturgia, direcci\u00f3n y actuaci\u00f3n dialogan de forma org\u00e1nica.<\/p>\n<p><img loading=\"lazy\" decoding=\"async\" class=\"alignnone size-full wp-image-18985\" src=\"http:\/\/moviecrazyplanet.com\/wp-content\/uploads\/2026\/01\/Memoria-en-el-Asfalto-007-scaled.jpg\" alt=\"\" width=\"2560\" height=\"1600\" srcset=\"https:\/\/moviecrazyplanet.com\/wp-content\/uploads\/2026\/01\/Memoria-en-el-Asfalto-007-scaled.jpg 2560w, https:\/\/moviecrazyplanet.com\/wp-content\/uploads\/2026\/01\/Memoria-en-el-Asfalto-007-300x188.jpg 300w, https:\/\/moviecrazyplanet.com\/wp-content\/uploads\/2026\/01\/Memoria-en-el-Asfalto-007-1024x640.jpg 1024w, https:\/\/moviecrazyplanet.com\/wp-content\/uploads\/2026\/01\/Memoria-en-el-Asfalto-007-768x480.jpg 768w, https:\/\/moviecrazyplanet.com\/wp-content\/uploads\/2026\/01\/Memoria-en-el-Asfalto-007-1536x960.jpg 1536w, https:\/\/moviecrazyplanet.com\/wp-content\/uploads\/2026\/01\/Memoria-en-el-Asfalto-007-2048x1280.jpg 2048w\" sizes=\"auto, (max-width: 2560px) 100vw, 2560px\" \/><\/p>\n<p style=\"text-align: center;\"><em>\u201cViv\u00ed en ese lugar muchos a\u00f1os de mi infancia, me protegi\u00f3 y curiosamente hasta el d\u00eda de hoy es un sitio al que siempre vuelvo. Esta obra es un homenaje a c\u00f3mo podemos amar profundamente los lugares y c\u00f3mo esos recuerdos, aunque hermosos, tambi\u00e9n pueden doler.\u201d<\/em><br \/>\n\u2014\u00a0<strong>Aldo Mart\u00ednez Sandoval<\/strong><\/p>\n<p><img loading=\"lazy\" decoding=\"async\" class=\"alignnone size-full wp-image-18986\" src=\"http:\/\/moviecrazyplanet.com\/wp-content\/uploads\/2026\/01\/Memoria-en-el-Asfalto-008-scaled.jpg\" alt=\"\" width=\"2560\" height=\"1600\" srcset=\"https:\/\/moviecrazyplanet.com\/wp-content\/uploads\/2026\/01\/Memoria-en-el-Asfalto-008-scaled.jpg 2560w, https:\/\/moviecrazyplanet.com\/wp-content\/uploads\/2026\/01\/Memoria-en-el-Asfalto-008-300x188.jpg 300w, https:\/\/moviecrazyplanet.com\/wp-content\/uploads\/2026\/01\/Memoria-en-el-Asfalto-008-1024x640.jpg 1024w, https:\/\/moviecrazyplanet.com\/wp-content\/uploads\/2026\/01\/Memoria-en-el-Asfalto-008-768x480.jpg 768w, https:\/\/moviecrazyplanet.com\/wp-content\/uploads\/2026\/01\/Memoria-en-el-Asfalto-008-1536x960.jpg 1536w, https:\/\/moviecrazyplanet.com\/wp-content\/uploads\/2026\/01\/Memoria-en-el-Asfalto-008-2048x1280.jpg 2048w\" sizes=\"auto, (max-width: 2560px) 100vw, 2560px\" \/><\/p>\n<p>Con una duraci\u00f3n de\u00a0<strong>75 minutos<\/strong>,\u00a0<strong>\u201cMemoria en el asfalto\u201d<\/strong>\u00a0se vive como una confesi\u00f3n compartida, una comuni\u00f3n esc\u00e9nica donde el p\u00fablico no s\u00f3lo observa, sino acompa\u00f1a.<\/p>\n<p><img loading=\"lazy\" decoding=\"async\" class=\"alignnone size-full wp-image-18987\" src=\"http:\/\/moviecrazyplanet.com\/wp-content\/uploads\/2026\/01\/Memoria-en-el-Asfalto-009-scaled.jpg\" alt=\"\" width=\"2560\" height=\"1600\" srcset=\"https:\/\/moviecrazyplanet.com\/wp-content\/uploads\/2026\/01\/Memoria-en-el-Asfalto-009-scaled.jpg 2560w, https:\/\/moviecrazyplanet.com\/wp-content\/uploads\/2026\/01\/Memoria-en-el-Asfalto-009-300x188.jpg 300w, https:\/\/moviecrazyplanet.com\/wp-content\/uploads\/2026\/01\/Memoria-en-el-Asfalto-009-1024x640.jpg 1024w, https:\/\/moviecrazyplanet.com\/wp-content\/uploads\/2026\/01\/Memoria-en-el-Asfalto-009-768x480.jpg 768w, https:\/\/moviecrazyplanet.com\/wp-content\/uploads\/2026\/01\/Memoria-en-el-Asfalto-009-1536x960.jpg 1536w, https:\/\/moviecrazyplanet.com\/wp-content\/uploads\/2026\/01\/Memoria-en-el-Asfalto-009-2048x1280.jpg 2048w\" sizes=\"auto, (max-width: 2560px) 100vw, 2560px\" \/><\/p>\n<p><strong>INFORMACI\u00d3N GENERAL<\/strong><\/p>\n<p><strong>Foro Alternativo del Centro Cultural Hel\u00e9nico<br \/>\nTemporada:<\/strong>\u00a0del 31 de enero al 15 de marzo de 2026<br \/>\n<strong>Funciones limitadas:<\/strong>\u00a014<br \/>\n<strong>Duraci\u00f3n:<\/strong>\u00a075 minutos<br \/>\n<strong>Costo del boleto:<\/strong>\u00a0$250<\/p>\n<p><img loading=\"lazy\" decoding=\"async\" class=\"alignnone size-full wp-image-18988\" src=\"http:\/\/moviecrazyplanet.com\/wp-content\/uploads\/2026\/01\/Memoria-en-el-Asfalto-010-scaled.jpg\" alt=\"\" width=\"2560\" height=\"1600\" srcset=\"https:\/\/moviecrazyplanet.com\/wp-content\/uploads\/2026\/01\/Memoria-en-el-Asfalto-010-scaled.jpg 2560w, https:\/\/moviecrazyplanet.com\/wp-content\/uploads\/2026\/01\/Memoria-en-el-Asfalto-010-300x188.jpg 300w, https:\/\/moviecrazyplanet.com\/wp-content\/uploads\/2026\/01\/Memoria-en-el-Asfalto-010-1024x640.jpg 1024w, https:\/\/moviecrazyplanet.com\/wp-content\/uploads\/2026\/01\/Memoria-en-el-Asfalto-010-768x480.jpg 768w, https:\/\/moviecrazyplanet.com\/wp-content\/uploads\/2026\/01\/Memoria-en-el-Asfalto-010-1536x960.jpg 1536w, https:\/\/moviecrazyplanet.com\/wp-content\/uploads\/2026\/01\/Memoria-en-el-Asfalto-010-2048x1280.jpg 2048w\" sizes=\"auto, (max-width: 2560px) 100vw, 2560px\" \/><\/p>\n<p>Una obra para quienes han amado una ciudad, una calle, una memoria\u2026 y no han sabido c\u00f3mo despedirse.<\/p>\n<p><img loading=\"lazy\" decoding=\"async\" class=\"alignnone size-full wp-image-18995\" src=\"http:\/\/moviecrazyplanet.com\/wp-content\/uploads\/2026\/01\/Memoria-en-el-Asfalto-promocional.jpg\" alt=\"\" width=\"1080\" height=\"1350\" srcset=\"https:\/\/moviecrazyplanet.com\/wp-content\/uploads\/2026\/01\/Memoria-en-el-Asfalto-promocional.jpg 1080w, https:\/\/moviecrazyplanet.com\/wp-content\/uploads\/2026\/01\/Memoria-en-el-Asfalto-promocional-240x300.jpg 240w, https:\/\/moviecrazyplanet.com\/wp-content\/uploads\/2026\/01\/Memoria-en-el-Asfalto-promocional-819x1024.jpg 819w, https:\/\/moviecrazyplanet.com\/wp-content\/uploads\/2026\/01\/Memoria-en-el-Asfalto-promocional-768x960.jpg 768w, https:\/\/moviecrazyplanet.com\/wp-content\/uploads\/2026\/01\/Memoria-en-el-Asfalto-promocional-1024x1280.jpg 1024w\" sizes=\"auto, (max-width: 1080px) 100vw, 1080px\" \/><\/p>\n<p>Con informaci\u00f3n de <strong>Agreste Teatro<\/strong> y <strong>Centro Cultural Hel\u00e9nico<\/strong> gracias a <strong>IQ Icunacury Acosta &amp; Co.<\/strong><\/p>\n","protected":false},"excerpt":{"rendered":"<p>\u00bfQu\u00e9 pasa cuando una ciudad guarda la memoria de lo que amamos y lo que perdimos? Una historia de amor, soledad y pertenencia se abre paso entre las calles del Centro Hist\u00f3rico de la Ciudad de M\u00e9xico.\u00a0\u201cMemoria en el Asfalto\u201d, mon\u00f3logo escrito por\u00a0Aldo Mart\u00ednez Sandoval, protagonizado por\u00a0Carlos Ord\u00f3\u00f1ez\u00a0y dirigido por\u00a0Daniela Parra, inicia su\u00a0nueva temporada\u00a0en el\u00a0Foro [&hellip;]<\/p>\n","protected":false},"author":2,"featured_media":18990,"comment_status":"open","ping_status":"open","sticky":false,"template":"","format":"standard","meta":{"footnotes":""},"categories":[131],"tags":[],"class_list":["post-18976","post","type-post","status-publish","format-standard","has-post-thumbnail","hentry","category-teatro"],"_links":{"self":[{"href":"https:\/\/moviecrazyplanet.com\/index.php?rest_route=\/wp\/v2\/posts\/18976","targetHints":{"allow":["GET"]}}],"collection":[{"href":"https:\/\/moviecrazyplanet.com\/index.php?rest_route=\/wp\/v2\/posts"}],"about":[{"href":"https:\/\/moviecrazyplanet.com\/index.php?rest_route=\/wp\/v2\/types\/post"}],"author":[{"embeddable":true,"href":"https:\/\/moviecrazyplanet.com\/index.php?rest_route=\/wp\/v2\/users\/2"}],"replies":[{"embeddable":true,"href":"https:\/\/moviecrazyplanet.com\/index.php?rest_route=%2Fwp%2Fv2%2Fcomments&post=18976"}],"version-history":[{"count":6,"href":"https:\/\/moviecrazyplanet.com\/index.php?rest_route=\/wp\/v2\/posts\/18976\/revisions"}],"predecessor-version":[{"id":18997,"href":"https:\/\/moviecrazyplanet.com\/index.php?rest_route=\/wp\/v2\/posts\/18976\/revisions\/18997"}],"wp:featuredmedia":[{"embeddable":true,"href":"https:\/\/moviecrazyplanet.com\/index.php?rest_route=\/wp\/v2\/media\/18990"}],"wp:attachment":[{"href":"https:\/\/moviecrazyplanet.com\/index.php?rest_route=%2Fwp%2Fv2%2Fmedia&parent=18976"}],"wp:term":[{"taxonomy":"category","embeddable":true,"href":"https:\/\/moviecrazyplanet.com\/index.php?rest_route=%2Fwp%2Fv2%2Fcategories&post=18976"},{"taxonomy":"post_tag","embeddable":true,"href":"https:\/\/moviecrazyplanet.com\/index.php?rest_route=%2Fwp%2Fv2%2Ftags&post=18976"}],"curies":[{"name":"wp","href":"https:\/\/api.w.org\/{rel}","templated":true}]}}