{"id":1943,"date":"2023-09-07T19:16:03","date_gmt":"2023-09-08T01:16:03","guid":{"rendered":"https:\/\/moviecrazyplanet.com\/?p=1943"},"modified":"2023-09-07T19:27:31","modified_gmt":"2023-09-08T01:27:31","slug":"andre-rieu-nos-deleita-y-nos-rodea-de-amor","status":"publish","type":"post","link":"https:\/\/moviecrazyplanet.com\/?p=1943","title":{"rendered":"Andr\u00e9 Rieu nos deleita y nos rodea de amor"},"content":{"rendered":"<p><span lang=\"ES-MX\">Experimenta la m\u00fasica cl\u00e1sica al estilo \u00fanico<\/span><span lang=\"ES-MX\">\u00a0de<\/span><b><span lang=\"ES-MX\"> Andr\u00e9 Rieu<\/span><\/b><span lang=\"ES-MX\">.<\/span><\/p>\n<p><strong>Cin\u00e9polis +QUE CINE<\/strong>, la ventana de contenido alternativo de <strong>Cin\u00e9polis<\/strong>, te invita en exclusiva los d\u00edas<strong> 8 y 9 de septiembre<\/strong> a <strong>Rodeados De Amor<\/strong>, el nuevo concierto del violinista, director y compositor de orquesta neerland\u00e9s, <strong>Andr\u00e9 Rieu<\/strong>.<\/p>\n<p><img loading=\"lazy\" decoding=\"async\" class=\"alignnone size-full wp-image-1948\" src=\"http:\/\/moviecrazyplanet.com\/wp-content\/uploads\/2023\/09\/DHVtPO13.jpeg\" alt=\"\" width=\"1080\" height=\"1920\" srcset=\"https:\/\/moviecrazyplanet.com\/wp-content\/uploads\/2023\/09\/DHVtPO13.jpeg 1080w, https:\/\/moviecrazyplanet.com\/wp-content\/uploads\/2023\/09\/DHVtPO13-169x300.jpeg 169w, https:\/\/moviecrazyplanet.com\/wp-content\/uploads\/2023\/09\/DHVtPO13-576x1024.jpeg 576w, https:\/\/moviecrazyplanet.com\/wp-content\/uploads\/2023\/09\/DHVtPO13-768x1365.jpeg 768w, https:\/\/moviecrazyplanet.com\/wp-content\/uploads\/2023\/09\/DHVtPO13-864x1536.jpeg 864w, https:\/\/moviecrazyplanet.com\/wp-content\/uploads\/2023\/09\/DHVtPO13-1024x1820.jpeg 1024w\" sizes=\"auto, (max-width: 1080px) 100vw, 1080px\" \/><\/p>\n<p>El rey del Vals est\u00e1 de regreso en <strong>Cin\u00e9polis<\/strong> con su glorioso concierto de verano. Ahora, desde la ic\u00f3nica plaza de <strong>Vrijhof<\/strong>, en Pa\u00edses Bajos, <strong>Rieu<\/strong> est\u00e1 listo para deleitar a toda la audiencia con su extenso repertorio de canciones tanto cl\u00e1sicas como populares. Siente la alegr\u00eda del Vals junto a <strong>Andr\u00e9<\/strong> <strong>Rieu<\/strong> y su impecable <strong>Orquesta Johan Straus<\/strong>, la orquesta privada m\u00e1s grande del mundo.<\/p>\n<p><img loading=\"lazy\" decoding=\"async\" class=\"alignnone size-full wp-image-1954\" src=\"http:\/\/moviecrazyplanet.com\/wp-content\/uploads\/2023\/09\/images-2023-09-07T183611.779.jpeg\" alt=\"\" width=\"869\" height=\"353\" srcset=\"https:\/\/moviecrazyplanet.com\/wp-content\/uploads\/2023\/09\/images-2023-09-07T183611.779.jpeg 869w, https:\/\/moviecrazyplanet.com\/wp-content\/uploads\/2023\/09\/images-2023-09-07T183611.779-300x122.jpeg 300w, https:\/\/moviecrazyplanet.com\/wp-content\/uploads\/2023\/09\/images-2023-09-07T183611.779-768x312.jpeg 768w\" sizes=\"auto, (max-width: 869px) 100vw, 869px\" \/><\/p>\n<p><strong>Rodeados De Amor<\/strong> te sorprender\u00e1 con los elementos visuales del escenario, la extravagancia que siempre acompa\u00f1a a <strong>Andr\u00e9<\/strong> <strong>Rieu<\/strong> y aquel enfoque moderno que le ha dado a su m\u00fasica. Adem\u00e1s, la presentaci\u00f3n estar\u00e1 acompa\u00f1ada de la cautivadora <strong>Gospel Choir<\/strong> y m\u00e1s invitados sorpresa.<\/p>\n<p><img loading=\"lazy\" decoding=\"async\" class=\"alignnone size-full wp-image-1951\" src=\"http:\/\/moviecrazyplanet.com\/wp-content\/uploads\/2023\/09\/images-2023-09-07T181717.703.jpeg\" alt=\"\" width=\"660\" height=\"453\" srcset=\"https:\/\/moviecrazyplanet.com\/wp-content\/uploads\/2023\/09\/images-2023-09-07T181717.703.jpeg 660w, https:\/\/moviecrazyplanet.com\/wp-content\/uploads\/2023\/09\/images-2023-09-07T181717.703-300x206.jpeg 300w\" sizes=\"auto, (max-width: 660px) 100vw, 660px\" \/><\/p>\n<p>El concierto de verano de <strong>Andr\u00e9 Rieu: Rodeados de Amor <\/strong>ser\u00e1 transmitido en <strong>46 cines del pa\u00eds<\/strong>, entre las que se encuentran ciudades como <strong>Monterrey<\/strong>, <strong>Quer\u00e9taro<\/strong>, <strong>Guadalajara<\/strong> y <strong>Canc\u00fan<\/strong>, adem\u00e1s de la <strong>Ciudad de M\u00e9xico<\/strong>.<\/p>\n<p><img loading=\"lazy\" decoding=\"async\" class=\"alignnone size-full wp-image-1952\" src=\"http:\/\/moviecrazyplanet.com\/wp-content\/uploads\/2023\/09\/images-2023-09-07T181811.940.jpeg\" alt=\"\" width=\"738\" height=\"361\" srcset=\"https:\/\/moviecrazyplanet.com\/wp-content\/uploads\/2023\/09\/images-2023-09-07T181811.940.jpeg 738w, https:\/\/moviecrazyplanet.com\/wp-content\/uploads\/2023\/09\/images-2023-09-07T181811.940-300x147.jpeg 300w\" sizes=\"auto, (max-width: 738px) 100vw, 738px\" \/><\/p>\n<p><strong>+Que Cine <\/strong>presenta<strong> Andr\u00e9 Rieu: Rodeados de<\/strong> Amor,<strong> 8 y 9 de septiembre <\/strong>exclusivamente en <strong>Cin\u00e9polis<\/strong>. Compra tus boletos en preventa aqu\u00ed:<\/p>\n<p><a href=\"http:\/\/cinepolis.com\/pelicula\/andre-rieus-2023-maastricht-concert-love-is-all-around\" target=\"_blank\" rel=\"noopener\"><img loading=\"lazy\" decoding=\"async\" class=\"alignnone size-full wp-image-1953\" src=\"http:\/\/moviecrazyplanet.com\/wp-content\/uploads\/2023\/09\/1h2UJHhD.jpeg\" alt=\"\" width=\"1080\" height=\"606\" srcset=\"https:\/\/moviecrazyplanet.com\/wp-content\/uploads\/2023\/09\/1h2UJHhD.jpeg 1080w, https:\/\/moviecrazyplanet.com\/wp-content\/uploads\/2023\/09\/1h2UJHhD-300x168.jpeg 300w, https:\/\/moviecrazyplanet.com\/wp-content\/uploads\/2023\/09\/1h2UJHhD-1024x575.jpeg 1024w, https:\/\/moviecrazyplanet.com\/wp-content\/uploads\/2023\/09\/1h2UJHhD-768x431.jpeg 768w\" sizes=\"auto, (max-width: 1080px) 100vw, 1080px\" \/><\/a><\/p>\n<p>&nbsp;<\/p>\n<p>&nbsp;<\/p>\n","protected":false},"excerpt":{"rendered":"<p>Experimenta la m\u00fasica cl\u00e1sica al estilo \u00fanico\u00a0de Andr\u00e9 Rieu. Cin\u00e9polis +QUE CINE, la ventana de contenido alternativo de Cin\u00e9polis, te invita en exclusiva los d\u00edas 8 y 9 de septiembre a Rodeados De Amor, el nuevo concierto del violinista, director y compositor de orquesta neerland\u00e9s, Andr\u00e9 Rieu. El rey del Vals est\u00e1 de regreso en [&hellip;]<\/p>\n","protected":false},"author":2,"featured_media":1955,"comment_status":"open","ping_status":"open","sticky":false,"template":"","format":"standard","meta":{"footnotes":""},"categories":[83,90],"tags":[],"class_list":["post-1943","post","type-post","status-publish","format-standard","has-post-thumbnail","hentry","category-que-cine","category-conciertos"],"_links":{"self":[{"href":"https:\/\/moviecrazyplanet.com\/index.php?rest_route=\/wp\/v2\/posts\/1943","targetHints":{"allow":["GET"]}}],"collection":[{"href":"https:\/\/moviecrazyplanet.com\/index.php?rest_route=\/wp\/v2\/posts"}],"about":[{"href":"https:\/\/moviecrazyplanet.com\/index.php?rest_route=\/wp\/v2\/types\/post"}],"author":[{"embeddable":true,"href":"https:\/\/moviecrazyplanet.com\/index.php?rest_route=\/wp\/v2\/users\/2"}],"replies":[{"embeddable":true,"href":"https:\/\/moviecrazyplanet.com\/index.php?rest_route=%2Fwp%2Fv2%2Fcomments&post=1943"}],"version-history":[{"count":4,"href":"https:\/\/moviecrazyplanet.com\/index.php?rest_route=\/wp\/v2\/posts\/1943\/revisions"}],"predecessor-version":[{"id":1959,"href":"https:\/\/moviecrazyplanet.com\/index.php?rest_route=\/wp\/v2\/posts\/1943\/revisions\/1959"}],"wp:featuredmedia":[{"embeddable":true,"href":"https:\/\/moviecrazyplanet.com\/index.php?rest_route=\/wp\/v2\/media\/1955"}],"wp:attachment":[{"href":"https:\/\/moviecrazyplanet.com\/index.php?rest_route=%2Fwp%2Fv2%2Fmedia&parent=1943"}],"wp:term":[{"taxonomy":"category","embeddable":true,"href":"https:\/\/moviecrazyplanet.com\/index.php?rest_route=%2Fwp%2Fv2%2Fcategories&post=1943"},{"taxonomy":"post_tag","embeddable":true,"href":"https:\/\/moviecrazyplanet.com\/index.php?rest_route=%2Fwp%2Fv2%2Ftags&post=1943"}],"curies":[{"name":"wp","href":"https:\/\/api.w.org\/{rel}","templated":true}]}}