{"id":19927,"date":"2026-03-10T19:59:09","date_gmt":"2026-03-11T01:59:09","guid":{"rendered":"https:\/\/moviecrazyplanet.com\/?p=19927"},"modified":"2026-03-10T22:10:38","modified_gmt":"2026-03-11T04:10:38","slug":"cinepolis-que-cine-y-sony-music-vision-traen-a-la-pantalla-grande-rocio-durcal-20-anos-sin-ti","status":"publish","type":"post","link":"https:\/\/moviecrazyplanet.com\/?p=19927","title":{"rendered":"Cin\u00e9polis +QUE CINE y Sony Music\u00a0Vision traen a la pantalla grande Rocio D\u00farcal: 20 A\u00f1os Sin Ti"},"content":{"rendered":"<p><b>Roc\u00edo D\u00farcal,\u00a0<\/b>una de las m\u00e1ximas exponentes de la m\u00fasica hispana, ser\u00e1 homenajeada a trav\u00e9s del lanzamiento en salas de cine en M\u00e9xico,\u202fLatinoam\u00e9rica y Espa\u00f1a de\u00a0<b><i>El Concierto\u2026 En Vivo\u00a0<\/i><\/b>(1991), gracias a una alianza estrat\u00e9gica entre <strong>Cin\u00e9polis +QUE CINE<\/strong> y<strong> Sony Music\u00a0Vision<\/strong>.<\/p>\n<p><a href=\"https:\/\/cinepolis.com\/mx\/detalle?movie=rocio-durcal-20-anos-sin-ti\" target=\"_blank\" rel=\"noopener\"><img loading=\"lazy\" decoding=\"async\" class=\"alignnone size-full wp-image-19931\" src=\"http:\/\/moviecrazyplanet.com\/wp-content\/uploads\/2026\/03\/Rocio-Durcal-20-Anos-Sin-Ti-003-scaled.jpg\" alt=\"\" width=\"2560\" height=\"1440\" srcset=\"https:\/\/moviecrazyplanet.com\/wp-content\/uploads\/2026\/03\/Rocio-Durcal-20-Anos-Sin-Ti-003-scaled.jpg 2560w, https:\/\/moviecrazyplanet.com\/wp-content\/uploads\/2026\/03\/Rocio-Durcal-20-Anos-Sin-Ti-003-300x169.jpg 300w, https:\/\/moviecrazyplanet.com\/wp-content\/uploads\/2026\/03\/Rocio-Durcal-20-Anos-Sin-Ti-003-1024x576.jpg 1024w, https:\/\/moviecrazyplanet.com\/wp-content\/uploads\/2026\/03\/Rocio-Durcal-20-Anos-Sin-Ti-003-768x432.jpg 768w, https:\/\/moviecrazyplanet.com\/wp-content\/uploads\/2026\/03\/Rocio-Durcal-20-Anos-Sin-Ti-003-1536x864.jpg 1536w, https:\/\/moviecrazyplanet.com\/wp-content\/uploads\/2026\/03\/Rocio-Durcal-20-Anos-Sin-Ti-003-2048x1152.jpg 2048w, https:\/\/moviecrazyplanet.com\/wp-content\/uploads\/2026\/03\/Rocio-Durcal-20-Anos-Sin-Ti-003-1280x720.jpg 1280w\" sizes=\"auto, (max-width: 2560px) 100vw, 2560px\" \/><\/a><\/p>\n<p>Grabado el <strong>22 de noviembre de 1991<\/strong> en el <strong>Auditorio Nacional<\/strong> de la <strong>Ciudad de M\u00e9xico<\/strong>, con remasterizaci\u00f3n en imagen 4K y sonido 5.1, el concierto incluye algunos de sus mayores \u00e9xitos, como \u201c<b>La Gata Bajo la Lluvia\u201d, \u201cAmor Eterno\u201d y \u201cComo Tu Mujer\u201d<\/b>\u202fy cuenta con apariciones estelares de los artistas\u00a0<b>Juan Gabriel y Enrique Guzm\u00e1n<\/b>\u202fcantando junto a la artista espa\u00f1ola. Este estreno est\u00e1 programado para el <strong>25 de marzo de 2026,<\/strong> con motivo del <strong>20 aniversario luctuoso<\/strong> de la artista.<\/p>\n<p><a href=\"https:\/\/cinepolis.com\/mx\/detalle?movie=rocio-durcal-20-anos-sin-ti\" target=\"_blank\" rel=\"noopener\"><img loading=\"lazy\" decoding=\"async\" class=\"alignnone size-full wp-image-19935\" src=\"http:\/\/moviecrazyplanet.com\/wp-content\/uploads\/2026\/03\/Rocio-Durcal-20-Anos-Sin-Ti-005-scaled.jpg\" alt=\"\" width=\"2560\" height=\"1440\" srcset=\"https:\/\/moviecrazyplanet.com\/wp-content\/uploads\/2026\/03\/Rocio-Durcal-20-Anos-Sin-Ti-005-scaled.jpg 2560w, https:\/\/moviecrazyplanet.com\/wp-content\/uploads\/2026\/03\/Rocio-Durcal-20-Anos-Sin-Ti-005-300x169.jpg 300w, https:\/\/moviecrazyplanet.com\/wp-content\/uploads\/2026\/03\/Rocio-Durcal-20-Anos-Sin-Ti-005-1024x576.jpg 1024w, https:\/\/moviecrazyplanet.com\/wp-content\/uploads\/2026\/03\/Rocio-Durcal-20-Anos-Sin-Ti-005-768x432.jpg 768w, https:\/\/moviecrazyplanet.com\/wp-content\/uploads\/2026\/03\/Rocio-Durcal-20-Anos-Sin-Ti-005-1536x864.jpg 1536w, https:\/\/moviecrazyplanet.com\/wp-content\/uploads\/2026\/03\/Rocio-Durcal-20-Anos-Sin-Ti-005-2048x1152.jpg 2048w, https:\/\/moviecrazyplanet.com\/wp-content\/uploads\/2026\/03\/Rocio-Durcal-20-Anos-Sin-Ti-005-1280x720.jpg 1280w\" sizes=\"auto, (max-width: 2560px) 100vw, 2560px\" \/><\/a><\/p>\n<p><b>ROC\u00cdO D\u00daRCAL<\/b>, conocida como \u201c<b>La <\/b><b>Reina de las Rancheras<\/b>\u201d y \u201c<b>La Espa\u00f1ola m\u00e1s Mexicana<\/b>\u201d, supera los 9.7 millones de oyentes mensuales en Spotify. A lo largo de su carrera, grab\u00f3 m\u00e1s de 20 \u00e1lbumes, vendi\u00f3 m\u00e1s de 40 millones de copias, particip\u00f3 en m\u00e1s de 20 pel\u00edculas y fue reconocida con un <b>Latin GRAMMY\u00ae <\/b>a la <b>Excelencia Musical<\/b>, adem\u00e1s de m\u00faltiples nominaciones a los <b>GRAMMY\u00ae <\/b>y <b>Latin<\/b> <b>GRAMMY\u00ae<\/b>. Este lanzamiento es un homenaje a su legado y una oportunidad para que nuevas generaciones y seguidores hist\u00f3ricos revivan su obra en la pantalla grande, con est\u00e1ndares tecnol\u00f3gicos actuales.<\/p>\n<p><a href=\"https:\/\/cinepolis.com\/mx\/detalle?movie=rocio-durcal-20-anos-sin-ti\" target=\"_blank\" rel=\"noopener\"><img loading=\"lazy\" decoding=\"async\" class=\"alignnone size-full wp-image-19930\" src=\"http:\/\/moviecrazyplanet.com\/wp-content\/uploads\/2026\/03\/Rocio-Durcal-20-Anos-Sin-Ti-002-scaled.jpg\" alt=\"\" width=\"2560\" height=\"1440\" srcset=\"https:\/\/moviecrazyplanet.com\/wp-content\/uploads\/2026\/03\/Rocio-Durcal-20-Anos-Sin-Ti-002-scaled.jpg 2560w, https:\/\/moviecrazyplanet.com\/wp-content\/uploads\/2026\/03\/Rocio-Durcal-20-Anos-Sin-Ti-002-300x169.jpg 300w, https:\/\/moviecrazyplanet.com\/wp-content\/uploads\/2026\/03\/Rocio-Durcal-20-Anos-Sin-Ti-002-1024x576.jpg 1024w, https:\/\/moviecrazyplanet.com\/wp-content\/uploads\/2026\/03\/Rocio-Durcal-20-Anos-Sin-Ti-002-768x432.jpg 768w, https:\/\/moviecrazyplanet.com\/wp-content\/uploads\/2026\/03\/Rocio-Durcal-20-Anos-Sin-Ti-002-1536x864.jpg 1536w, https:\/\/moviecrazyplanet.com\/wp-content\/uploads\/2026\/03\/Rocio-Durcal-20-Anos-Sin-Ti-002-2048x1152.jpg 2048w, https:\/\/moviecrazyplanet.com\/wp-content\/uploads\/2026\/03\/Rocio-Durcal-20-Anos-Sin-Ti-002-1280x720.jpg 1280w\" sizes=\"auto, (max-width: 2560px) 100vw, 2560px\" \/><\/a><\/p>\n<p>\u201cNos llena de felicidad ver que este gran concierto, con la primera actuaci\u00f3n de nuestra madre en el Auditorio Nacional de la Ciudad de M\u00e9xico, pueda ser ahora remasterizado y estrenado en cines de la mano de Sony Music\u00a0Vision\u00a0y Cin\u00e9polis\u201d, afirman Shaila D\u00farcal y\u202fCarmen Morales, las dos hijas de la artista. \u201cNo se nos ocurre mejor manera de rendirle homenaje a nuestra madre, ahora que se cumplen 20 a\u00f1os de su partida, que invitando a los fans a revivir este concierto \u00fanico en la gran pantalla con un audio y video mejorados y poder cantar todos sus grandes \u00e9xitos junto a ella\u201d.<\/p>\n<p><a href=\"https:\/\/cinepolis.com\/mx\/detalle?movie=rocio-durcal-20-anos-sin-ti\" target=\"_blank\" rel=\"noopener\"><img loading=\"lazy\" decoding=\"async\" class=\"alignnone size-full wp-image-19928\" src=\"http:\/\/moviecrazyplanet.com\/wp-content\/uploads\/2026\/03\/Rocio-Durcal-20-Anos-Sin-Ti-poster-oficial.jpg\" alt=\"\" width=\"8267\" height=\"11811\" \/><\/a><\/p>\n<p><b>Roc\u00eda D\u00farcal: 20 A\u00f1os Sin Ti <\/b>vuelve a la gran pantalla con una <b>versi\u00f3n remasterizada <\/b>de su m\u00edtico\u00a0show en salas de cine en M\u00e9xico, Latinoam\u00e9rica y Espa\u00f1a de <b><i>El Concierto\u2026 En Vivo (1991)<\/i><\/b> que llega el 25 de marzo gracias a <b>Cin\u00e9polis +QUE CINE<\/b>\u00a0y\u00a0<b>Sony Music\u00a0Vision<\/b>.<\/p>\n<p><iframe loading=\"lazy\" title=\"ROC\u00cdO DURCAL, 20 A\u00d1OS SIN TI | TR\u00c1ILER\" width=\"640\" height=\"360\" src=\"https:\/\/www.youtube.com\/embed\/EeAn2aSXGGo?feature=oembed\" frameborder=\"0\" allow=\"accelerometer; autoplay; clipboard-write; encrypted-media; gyroscope; picture-in-picture; web-share\" referrerpolicy=\"strict-origin-when-cross-origin\" allowfullscreen><\/iframe><\/p>\n<p><a href=\"http:\/\/www.cinepolis.com\" target=\"_blank\" rel=\"noopener\"><img loading=\"lazy\" decoding=\"async\" class=\"alignnone size-full wp-image-4283\" src=\"http:\/\/moviecrazyplanet.com\/wp-content\/uploads\/2024\/01\/Cinepolis.jpeg\" alt=\"\" width=\"800\" height=\"484\" srcset=\"https:\/\/moviecrazyplanet.com\/wp-content\/uploads\/2024\/01\/Cinepolis.jpeg 800w, https:\/\/moviecrazyplanet.com\/wp-content\/uploads\/2024\/01\/Cinepolis-300x182.jpeg 300w, https:\/\/moviecrazyplanet.com\/wp-content\/uploads\/2024\/01\/Cinepolis-768x465.jpeg 768w\" sizes=\"auto, (max-width: 800px) 100vw, 800px\" \/><\/a><\/p>\n<div>\n<p><img loading=\"lazy\" decoding=\"async\" class=\"alignnone size-full wp-image-9497\" src=\"http:\/\/moviecrazyplanet.com\/wp-content\/uploads\/2024\/10\/Cinepolis-Mas-Que-Cine-Logo.jpeg\" alt=\"\" width=\"785\" height=\"391\" srcset=\"https:\/\/moviecrazyplanet.com\/wp-content\/uploads\/2024\/10\/Cinepolis-Mas-Que-Cine-Logo.jpeg 785w, https:\/\/moviecrazyplanet.com\/wp-content\/uploads\/2024\/10\/Cinepolis-Mas-Que-Cine-Logo-300x149.jpeg 300w, https:\/\/moviecrazyplanet.com\/wp-content\/uploads\/2024\/10\/Cinepolis-Mas-Que-Cine-Logo-768x383.jpeg 768w\" sizes=\"auto, (max-width: 785px) 100vw, 785px\" \/><\/p>\n<p>Con informaci\u00f3n de <strong>Cin\u00e9polis +QUE CINE<\/strong> gracias a <strong>Edelman M\u00e9xico<\/strong>.<\/p>\n<\/div>\n","protected":false},"excerpt":{"rendered":"<p>Roc\u00edo D\u00farcal,\u00a0una de las m\u00e1ximas exponentes de la m\u00fasica hispana, ser\u00e1 homenajeada a trav\u00e9s del lanzamiento en salas de cine en M\u00e9xico,\u202fLatinoam\u00e9rica y Espa\u00f1a de\u00a0El Concierto\u2026 En Vivo\u00a0(1991), gracias a una alianza estrat\u00e9gica entre Cin\u00e9polis +QUE CINE y Sony Music\u00a0Vision. Grabado el 22 de noviembre de 1991 en el Auditorio Nacional de la Ciudad de [&hellip;]<\/p>\n","protected":false},"author":2,"featured_media":19941,"comment_status":"open","ping_status":"open","sticky":false,"template":"","format":"standard","meta":{"footnotes":""},"categories":[83,100,90,65],"tags":[],"class_list":["post-19927","post","type-post","status-publish","format-standard","has-post-thumbnail","hentry","category-que-cine","category-cinepolis","category-conciertos","category-eventos-especiales"],"_links":{"self":[{"href":"https:\/\/moviecrazyplanet.com\/index.php?rest_route=\/wp\/v2\/posts\/19927","targetHints":{"allow":["GET"]}}],"collection":[{"href":"https:\/\/moviecrazyplanet.com\/index.php?rest_route=\/wp\/v2\/posts"}],"about":[{"href":"https:\/\/moviecrazyplanet.com\/index.php?rest_route=\/wp\/v2\/types\/post"}],"author":[{"embeddable":true,"href":"https:\/\/moviecrazyplanet.com\/index.php?rest_route=\/wp\/v2\/users\/2"}],"replies":[{"embeddable":true,"href":"https:\/\/moviecrazyplanet.com\/index.php?rest_route=%2Fwp%2Fv2%2Fcomments&post=19927"}],"version-history":[{"count":3,"href":"https:\/\/moviecrazyplanet.com\/index.php?rest_route=\/wp\/v2\/posts\/19927\/revisions"}],"predecessor-version":[{"id":19952,"href":"https:\/\/moviecrazyplanet.com\/index.php?rest_route=\/wp\/v2\/posts\/19927\/revisions\/19952"}],"wp:featuredmedia":[{"embeddable":true,"href":"https:\/\/moviecrazyplanet.com\/index.php?rest_route=\/wp\/v2\/media\/19941"}],"wp:attachment":[{"href":"https:\/\/moviecrazyplanet.com\/index.php?rest_route=%2Fwp%2Fv2%2Fmedia&parent=19927"}],"wp:term":[{"taxonomy":"category","embeddable":true,"href":"https:\/\/moviecrazyplanet.com\/index.php?rest_route=%2Fwp%2Fv2%2Fcategories&post=19927"},{"taxonomy":"post_tag","embeddable":true,"href":"https:\/\/moviecrazyplanet.com\/index.php?rest_route=%2Fwp%2Fv2%2Ftags&post=19927"}],"curies":[{"name":"wp","href":"https:\/\/api.w.org\/{rel}","templated":true}]}}