{"id":19942,"date":"2026-03-10T22:08:03","date_gmt":"2026-03-11T04:08:03","guid":{"rendered":"https:\/\/moviecrazyplanet.com\/?p=19942"},"modified":"2026-03-10T22:08:03","modified_gmt":"2026-03-11T04:08:03","slug":"menu-tematico-de-rocio-durcal-20-anos-sin-ti-llega-a-cinepolis-vip","status":"publish","type":"post","link":"https:\/\/moviecrazyplanet.com\/?p=19942","title":{"rendered":"Men\u00fa Tem\u00e1tico de Roc\u00edo D\u00farcal: 20 A\u00f1os Sin Ti llega a Cin\u00e9polis VIP"},"content":{"rendered":"<p><b>Cin\u00e9polis +QUE CINE<\/b> invita al p\u00fablico a rendir homenaje a una de las voces m\u00e1s queridas de la m\u00fasica en espa\u00f1ol con <b><i>\u201cROC\u00cdO D\u00daRCAL: 20 A\u00d1OS SIN TI\u201d, <\/i><\/b>que trae a la gran pantalla con una versi\u00f3n remasterizada en\u00a0<strong>4K<\/strong> y <strong>sonido 5.1<\/strong>, del m\u00edtico show <strong><i>El Concierto\u2026 En Vivo <\/i>(1991<\/strong>), grabado el <strong>22 de noviembre de 1991<\/strong>, en el Auditorio Nacional de la Ciudad de M\u00e9xico, y que incluye algunos de sus mayores \u00e9xitos como \u201c<i>La Gata Bajo la Lluvia\u201d, \u201cAmor Eterno\u201d\u00a0<\/i>y<i>\u00a0\u201cComo Tu Mujer<\/i>\u201d, adem\u00e1s de apariciones estelares de Juan Gabriel y Enrique Guzm\u00e1n.<\/p>\n<p>Para\u00a0celebrar\u00a0su\u00a0legado,\u00a0<b>Cin\u00e9polis VIP <\/b>presenta una experiencia tem\u00e1tica que transformar\u00e1 la funci\u00f3n en una noche para cantar, brindar y recordar.<\/p>\n<p><a href=\"https:\/\/cinepolis.com\/mx\/detalle?movie=concierto-tematico-rocio-durcal\" target=\"_blank\" rel=\"noopener\"><img loading=\"lazy\" decoding=\"async\" class=\"size-full wp-image-19943\" src=\"http:\/\/moviecrazyplanet.com\/wp-content\/uploads\/2026\/03\/Rocio-Durcal-Menu-Tematico-001.jpg\" alt=\"\" width=\"1080\" height=\"1349\" srcset=\"https:\/\/moviecrazyplanet.com\/wp-content\/uploads\/2026\/03\/Rocio-Durcal-Menu-Tematico-001.jpg 1080w, https:\/\/moviecrazyplanet.com\/wp-content\/uploads\/2026\/03\/Rocio-Durcal-Menu-Tematico-001-240x300.jpg 240w, https:\/\/moviecrazyplanet.com\/wp-content\/uploads\/2026\/03\/Rocio-Durcal-Menu-Tematico-001-820x1024.jpg 820w, https:\/\/moviecrazyplanet.com\/wp-content\/uploads\/2026\/03\/Rocio-Durcal-Menu-Tematico-001-768x959.jpg 768w, https:\/\/moviecrazyplanet.com\/wp-content\/uploads\/2026\/03\/Rocio-Durcal-Menu-Tematico-001-1024x1279.jpg 1024w\" sizes=\"auto, (max-width: 1080px) 100vw, 1080px\" \/><\/a><\/p>\n<p><b>Un homenaje especial a \u201cLa Espa\u00f1ola m\u00e1s mexicana\u201d, lleno de\u00a0nostalgia<\/b><\/p>\n<p>Inspirada en la fuerza, elegancia y pasi\u00f3n que definieron su carrera, la experiencia tem\u00e1tica incluir\u00e1 una selecci\u00f3n de cocteles especiales con alcohol, un mix de snacks y otros elementos sorpresa.<\/p>\n<p>El paquete\u00a0con costo de $599,\u00a0<b>incluye boleto para la funci\u00f3n en Cin\u00e9polis VIP<\/b>, bebidas y snacks dise\u00f1ados especialmente para la ocasi\u00f3n.<\/p>\n<p><b>Men\u00fa:<\/b><\/p>\n<p><b>Bebida 1: La Espa\u00f1ola m\u00e1s\u00a0Mexicana<\/b><br \/>\nBebida refrescante con tequila blanco y notas frutales, ideal para brindar por lo que fue<\/p>\n<p><b>Bebida 2: La Diva de Divas<\/b><br \/>\nMojito fresco y herbal, con manzana verde y hierbabuena, sutilmente \u00e1cido y delicado.<\/p>\n<p><b>Bebida 3: La Reina de las Rancheras<\/b><br \/>\nMargarita de fresa intensa y sedosa, con el dulzor de la fruta y el car\u00e1cter del tequila, hecha para sentir sin medida.<\/p>\n<p><b>Snack: Las Penas con Pan<\/b><br \/>\nMix de tequesitos, jalape\u00f1o pops y papas twister, una combinaci\u00f3n irresistible para acompa\u00f1ar cualquier historia\u2026 dulce o amarga.<\/p>\n<p><a href=\"https:\/\/cinepolis.com\/mx\/detalle?movie=concierto-tematico-rocio-durcal\" target=\"_blank\" rel=\"noopener\"><img loading=\"lazy\" decoding=\"async\" class=\"alignnone size-full wp-image-19944\" src=\"http:\/\/moviecrazyplanet.com\/wp-content\/uploads\/2026\/03\/Rocio-Durcal-Menu-Tematico-002.jpg\" alt=\"\" width=\"1080\" height=\"1350\" srcset=\"https:\/\/moviecrazyplanet.com\/wp-content\/uploads\/2026\/03\/Rocio-Durcal-Menu-Tematico-002.jpg 1080w, https:\/\/moviecrazyplanet.com\/wp-content\/uploads\/2026\/03\/Rocio-Durcal-Menu-Tematico-002-240x300.jpg 240w, https:\/\/moviecrazyplanet.com\/wp-content\/uploads\/2026\/03\/Rocio-Durcal-Menu-Tematico-002-819x1024.jpg 819w, https:\/\/moviecrazyplanet.com\/wp-content\/uploads\/2026\/03\/Rocio-Durcal-Menu-Tematico-002-768x960.jpg 768w, https:\/\/moviecrazyplanet.com\/wp-content\/uploads\/2026\/03\/Rocio-Durcal-Menu-Tematico-002-1024x1280.jpg 1024w\" sizes=\"auto, (max-width: 1080px) 100vw, 1080px\" \/><\/a><\/p>\n<p>Al ser un men\u00fa\u00a0previamente dise\u00f1ado,\u00a0<b>no se podr\u00e1n realizar cambios en bebidas o platillos<\/b>. Las bebidas incluyen alcohol, por lo que podr\u00e1 solicitarse identificaci\u00f3n oficial que acredite mayor\u00eda de edad. No hay reembolsos al tratarse de una funci\u00f3n especial.<\/p>\n<div>\n<p>Este estreno, de la mano de\u00a0<b>Cin\u00e9polis +QUE CINE y Sony Music\u00a0Vision<\/b>, se llevar\u00e1 a cabo el\u00a0<b>25 de marzo<\/b>, en el marco del 20 aniversario luctuoso de la artista.\u00a0La <strong>Preventa Cin\u00e9polis<\/strong><b>\u00a0<\/b>de las funciones de Men\u00fa Tem\u00e1tico y tradicionales estar\u00e1 disponible a partir del\u00a0<b>6 de marzo<\/b>.<\/p>\n<p><a href=\"https:\/\/cinepolis.com\/mx\/detalle?movie=concierto-tematico-rocio-durcal\" target=\"_blank\" rel=\"noopener\"><img loading=\"lazy\" decoding=\"async\" class=\"alignnone size-full wp-image-19945\" src=\"http:\/\/moviecrazyplanet.com\/wp-content\/uploads\/2026\/03\/Rocio-Durcal-Menu-Tematico-003.jpg\" alt=\"\" width=\"1080\" height=\"1347\" srcset=\"https:\/\/moviecrazyplanet.com\/wp-content\/uploads\/2026\/03\/Rocio-Durcal-Menu-Tematico-003.jpg 1080w, https:\/\/moviecrazyplanet.com\/wp-content\/uploads\/2026\/03\/Rocio-Durcal-Menu-Tematico-003-241x300.jpg 241w, https:\/\/moviecrazyplanet.com\/wp-content\/uploads\/2026\/03\/Rocio-Durcal-Menu-Tematico-003-821x1024.jpg 821w, https:\/\/moviecrazyplanet.com\/wp-content\/uploads\/2026\/03\/Rocio-Durcal-Menu-Tematico-003-768x958.jpg 768w, https:\/\/moviecrazyplanet.com\/wp-content\/uploads\/2026\/03\/Rocio-Durcal-Menu-Tematico-003-1024x1277.jpg 1024w\" sizes=\"auto, (max-width: 1080px) 100vw, 1080px\" \/><\/a><\/p>\n<p><b>Funciones \u00fanicas y complejos participantes<\/b><\/p>\n<p>El\u00a0Men\u00fa\u00a0Tem\u00e1tico de\u00a0<b><i>\u201cROC\u00cdO D\u00daRCAL: 20 A\u00d1OS SIN TI\u201d<\/i><\/b>\u00a0estar\u00e1 disponible el\u00a0<b>25 de marzo\u00a0<\/b>en funciones especiales en los siguientes complejos\u00a0<b>Cin\u00e9polis VIP<\/b>:<\/p>\n<ul>\n<li>\n<p role=\"presentation\">Cin\u00e9polis VIP Paseo Arcos Bosques (<b>Ciudad de M\u00e9xico<\/b>)<\/p>\n<\/li>\n<\/ul>\n<\/div>\n<div>\n<ul>\n<li>\n<p role=\"presentation\">Cin\u00e9polis VIP\u00a0Miyana\u00a0(<b>Ciudad de M\u00e9xico<\/b>)<\/p>\n<\/li>\n<li>\n<p role=\"presentation\">Cin\u00e9polis VIP\u00a0M\u00edtikah\u00a0(<b>Ciudad de M\u00e9xico<\/b>)<\/p>\n<\/li>\n<li>\n<p role=\"presentation\">Cin\u00e9polis VIP Samara (<b>Ciudad de M\u00e9xico<\/b>)<\/p>\n<\/li>\n<li>\n<p role=\"presentation\">Cin\u00e9polis VIP Universidad (<b>Ciudad de M\u00e9xico<\/b>)<\/p>\n<\/li>\n<li>\n<p role=\"presentation\">Cin\u00e9polis VIP Plaza Sat\u00e9lite (<b>Estado de M\u00e9xico<\/b>)<\/p>\n<\/li>\n<li>\n<p role=\"presentation\">Cin\u00e9polis VIP\u00a0Sentura\u00a0Tlalnepantla (<b>Estado de M\u00e9xico<\/b>)<\/p>\n<\/li>\n<li>\n<p role=\"presentation\">Cin\u00e9polis VIP Galer\u00edas Guadalajara (<b>Guadalajara<\/b>)<\/p>\n<\/li>\n<li>\n<p role=\"presentation\">Cin\u00e9polis VIP Midtown (<b>Guadalajara<\/b>)<\/p>\n<\/li>\n<li>\n<p role=\"presentation\">Cin\u00e9polis VIP La Gran Plaza (<b>Guadalajara<\/b>)<\/p>\n<\/li>\n<li>\n<p role=\"presentation\">Cin\u00e9polis VIP La Perla (<b>Zapopan<\/b>)<\/p>\n<\/li>\n<li>\n<p role=\"presentation\">Cin\u00e9polis VIP Galer\u00edas Monterrey (<b>Monterrey<\/b>)<\/p>\n<\/li>\n<li>\n<p role=\"presentation\">Cin\u00e9polis\u00a0VIP\u00a0Esf\u00e9ra\u00a0Monterrey (<b>Monterrey<\/b>)<\/p>\n<\/li>\n<li>\n<p role=\"presentation\">Cin\u00e9polis VIP Las Am\u00e9ricas Morelia (<b>Morelia<\/b>)<\/p>\n<\/li>\n<li>\n<p role=\"presentation\">Cin\u00e9polis VIP Galer\u00edas Pachuca (<b>Pachuca<\/b>)<\/p>\n<\/li>\n<li>\n<p role=\"presentation\">Cin\u00e9polis VIP Angel\u00f3polis (<b>Puebla<\/b>)<\/p>\n<\/li>\n<li>\n<p role=\"presentation\">Cin\u00e9polis VIP\u00a0Antea\u00a0Quer\u00e9taro (<b>Quer\u00e9taro<\/b>)<\/p>\n<\/li>\n<li>\n<p role=\"presentation\">Cin\u00e9polis VIP La Victoria Latitud (<b>Quer\u00e9taro<\/b>)<\/p>\n<\/li>\n<li>\n<p role=\"presentation\">Cin\u00e9polis\u00a0VIP\u00a0Altabrisa\u00a0M\u00e9rida (<b>M\u00e9rida<\/b>)<\/p>\n<\/li>\n<li>\n<p role=\"presentation\">Cin\u00e9polis VIP The Harbor (<b>M\u00e9rida<\/b>)<\/p>\n<\/li>\n<li>\n<p role=\"presentation\">Cin\u00e9polis VIP Puerto Canc\u00fan (<b>Canc\u00fan<\/b>)<\/p>\n<\/li>\n<\/ul>\n<\/div>\n<div>\n<ul>\n<li>\n<p role=\"presentation\">Cin\u00e9polis\u00a0VIP Am\u00e9ricas Veracruz (<b>Veracruz<\/b>)<\/p>\n<\/li>\n<li>\n<p role=\"presentation\">Cin\u00e9polis VIP Plaza Las Am\u00e9ricas (<b>Xalapa<\/b>)<\/p>\n<\/li>\n<li>\n<p role=\"presentation\">Cin\u00e9polis VIP Paseo Villalta (<b>Saltillo<\/b>)<\/p>\n<\/li>\n<li>\n<p role=\"presentation\">Cin\u00e9polis VIP Cuatro Caminos (<b>Torre\u00f3n<\/b>)<\/p>\n<\/li>\n<li>\n<p role=\"presentation\">Cin\u00e9polis VIP City Center Le\u00f3n (<b>Le\u00f3n<\/b>)<\/p>\n<\/li>\n<\/ul>\n<p><a href=\"https:\/\/cinepolis.com\/mx\/detalle?movie=concierto-tematico-rocio-durcal\" target=\"_blank\" rel=\"noopener\"><img loading=\"lazy\" decoding=\"async\" class=\"alignnone size-full wp-image-19928\" src=\"http:\/\/moviecrazyplanet.com\/wp-content\/uploads\/2026\/03\/Rocio-Durcal-20-Anos-Sin-Ti-poster-oficial.jpg\" alt=\"\" width=\"8267\" height=\"11811\" \/><\/a><\/p>\n<p>Celebra el legado de una voz eterna y revive una noche hist\u00f3rica en <b>Cin\u00e9polis VIP,<\/b>\u00a0con<b> Cin\u00e9polis +QUE CINE.<\/b><\/p>\n<p><iframe loading=\"lazy\" title=\"ROC\u00cdO DURCAL, 20 A\u00d1OS SIN TI | TR\u00c1ILER\" width=\"640\" height=\"360\" src=\"https:\/\/www.youtube.com\/embed\/EeAn2aSXGGo?feature=oembed\" frameborder=\"0\" allow=\"accelerometer; autoplay; clipboard-write; encrypted-media; gyroscope; picture-in-picture; web-share\" referrerpolicy=\"strict-origin-when-cross-origin\" allowfullscreen><\/iframe><\/p>\n<\/div>\n<p><a href=\"http:\/\/www.cinepolis.com\" target=\"_blank\" rel=\"noopener\"><img loading=\"lazy\" decoding=\"async\" class=\"alignnone size-full wp-image-4283\" src=\"http:\/\/moviecrazyplanet.com\/wp-content\/uploads\/2024\/01\/Cinepolis.jpeg\" alt=\"\" width=\"800\" height=\"484\" srcset=\"https:\/\/moviecrazyplanet.com\/wp-content\/uploads\/2024\/01\/Cinepolis.jpeg 800w, https:\/\/moviecrazyplanet.com\/wp-content\/uploads\/2024\/01\/Cinepolis-300x182.jpeg 300w, https:\/\/moviecrazyplanet.com\/wp-content\/uploads\/2024\/01\/Cinepolis-768x465.jpeg 768w\" sizes=\"auto, (max-width: 800px) 100vw, 800px\" \/><\/a><\/p>\n<p>Con informaci\u00f3n de <strong>Cin\u00e9polis<\/strong> gracias a <strong>Edelman M\u00e9xico<\/strong>.<\/p>\n","protected":false},"excerpt":{"rendered":"<p>Cin\u00e9polis +QUE CINE invita al p\u00fablico a rendir homenaje a una de las voces m\u00e1s queridas de la m\u00fasica en espa\u00f1ol con \u201cROC\u00cdO D\u00daRCAL: 20 A\u00d1OS SIN TI\u201d, que trae a la gran pantalla con una versi\u00f3n remasterizada en\u00a04K y sonido 5.1, del m\u00edtico show El Concierto\u2026 En Vivo (1991), grabado el 22 de noviembre [&hellip;]<\/p>\n","protected":false},"author":2,"featured_media":19948,"comment_status":"open","ping_status":"open","sticky":false,"template":"","format":"standard","meta":{"footnotes":""},"categories":[100,90,65],"tags":[],"class_list":["post-19942","post","type-post","status-publish","format-standard","has-post-thumbnail","hentry","category-cinepolis","category-conciertos","category-eventos-especiales"],"_links":{"self":[{"href":"https:\/\/moviecrazyplanet.com\/index.php?rest_route=\/wp\/v2\/posts\/19942","targetHints":{"allow":["GET"]}}],"collection":[{"href":"https:\/\/moviecrazyplanet.com\/index.php?rest_route=\/wp\/v2\/posts"}],"about":[{"href":"https:\/\/moviecrazyplanet.com\/index.php?rest_route=\/wp\/v2\/types\/post"}],"author":[{"embeddable":true,"href":"https:\/\/moviecrazyplanet.com\/index.php?rest_route=\/wp\/v2\/users\/2"}],"replies":[{"embeddable":true,"href":"https:\/\/moviecrazyplanet.com\/index.php?rest_route=%2Fwp%2Fv2%2Fcomments&post=19942"}],"version-history":[{"count":4,"href":"https:\/\/moviecrazyplanet.com\/index.php?rest_route=\/wp\/v2\/posts\/19942\/revisions"}],"predecessor-version":[{"id":19950,"href":"https:\/\/moviecrazyplanet.com\/index.php?rest_route=\/wp\/v2\/posts\/19942\/revisions\/19950"}],"wp:featuredmedia":[{"embeddable":true,"href":"https:\/\/moviecrazyplanet.com\/index.php?rest_route=\/wp\/v2\/media\/19948"}],"wp:attachment":[{"href":"https:\/\/moviecrazyplanet.com\/index.php?rest_route=%2Fwp%2Fv2%2Fmedia&parent=19942"}],"wp:term":[{"taxonomy":"category","embeddable":true,"href":"https:\/\/moviecrazyplanet.com\/index.php?rest_route=%2Fwp%2Fv2%2Fcategories&post=19942"},{"taxonomy":"post_tag","embeddable":true,"href":"https:\/\/moviecrazyplanet.com\/index.php?rest_route=%2Fwp%2Fv2%2Ftags&post=19942"}],"curies":[{"name":"wp","href":"https:\/\/api.w.org\/{rel}","templated":true}]}}