{"id":21156,"date":"2026-04-28T18:43:21","date_gmt":"2026-04-29T00:43:21","guid":{"rendered":"https:\/\/moviecrazyplanet.com\/?p=21156"},"modified":"2026-04-28T18:57:06","modified_gmt":"2026-04-29T00:57:06","slug":"rey-lear-inicia-temporada-en-el-teatro-helenico","status":"publish","type":"post","link":"https:\/\/moviecrazyplanet.com\/?p=21156","title":{"rendered":"Rey Lear inicia temporada en el Teatro Hel\u00e9nico"},"content":{"rendered":"<p>Nacemos llorando en este gran escenario de locos<\/p>\n<p><strong>Rey Lear<\/strong>, una de las tragedias centrales de <strong>William Shakespeare<\/strong>, regresa a escena en el <strong>Centro Cultural Hel\u00e9nico<\/strong> bajo la direcci\u00f3n de <strong>Ang\u00e9lica Rogel<\/strong>, en una versi\u00f3n que sit\u00faa la acci\u00f3n en el mundo del teatro y tendr\u00e1 temporada del <strong>7 de mayo al 7 de junio de 2026<\/strong> en el <strong>Teatro Hel\u00e9nico<\/strong>.<\/p>\n<p><img loading=\"lazy\" decoding=\"async\" class=\"alignnone size-full wp-image-21161\" src=\"http:\/\/moviecrazyplanet.com\/wp-content\/uploads\/2026\/04\/Rey-Lear-Teaser-Poster.jpg\" alt=\"\" width=\"1350\" height=\"1688\" srcset=\"https:\/\/moviecrazyplanet.com\/wp-content\/uploads\/2026\/04\/Rey-Lear-Teaser-Poster.jpg 1350w, https:\/\/moviecrazyplanet.com\/wp-content\/uploads\/2026\/04\/Rey-Lear-Teaser-Poster-240x300.jpg 240w, https:\/\/moviecrazyplanet.com\/wp-content\/uploads\/2026\/04\/Rey-Lear-Teaser-Poster-819x1024.jpg 819w, https:\/\/moviecrazyplanet.com\/wp-content\/uploads\/2026\/04\/Rey-Lear-Teaser-Poster-768x960.jpg 768w, https:\/\/moviecrazyplanet.com\/wp-content\/uploads\/2026\/04\/Rey-Lear-Teaser-Poster-1228x1536.jpg 1228w, https:\/\/moviecrazyplanet.com\/wp-content\/uploads\/2026\/04\/Rey-Lear-Teaser-Poster-1024x1280.jpg 1024w\" sizes=\"auto, (max-width: 1350px) 100vw, 1350px\" \/><\/p>\n<p>La Secretar\u00eda de Cultura del Gobierno de M\u00e9xico, a trav\u00e9s del <strong>Centro Cultural Hel\u00e9nico<\/strong>, presenta\u00a0<strong>Rey Lear<\/strong>, una producci\u00f3n de <strong>Woo Teatro<\/strong> en colaboraci\u00f3n con el productor <strong>\u00d3scar Uriel<\/strong>. La puesta propone un desplazamiento del personaje principal: <strong>Lear<\/strong> deja de ser un monarca para convertirse en un director de teatro que decide ceder su compa\u00f1\u00eda a sus hijas. A partir de esta decisi\u00f3n se desencadena el derrumbe de una figura que confunde la adulaci\u00f3n con la lealtad y el poder con la verdad.<\/p>\n<p>Se trata de una obra que propone una reflexi\u00f3n sobre la corrupci\u00f3n del arte y la b\u00fasqueda de autenticidad en un entorno cada vez m\u00e1s mercantilizado. Desde una est\u00e9tica minimalista, la direcci\u00f3n de Rogel concentra la atenci\u00f3n en los v\u00ednculos, las tensiones y la fragilidad humana que atraviesan la obra.<\/p>\n<p><img loading=\"lazy\" decoding=\"async\" class=\"alignnone size-full wp-image-21163\" src=\"http:\/\/moviecrazyplanet.com\/wp-content\/uploads\/2026\/04\/Rey-Lear-Poster-01.jpg\" alt=\"\" width=\"1350\" height=\"1688\" srcset=\"https:\/\/moviecrazyplanet.com\/wp-content\/uploads\/2026\/04\/Rey-Lear-Poster-01.jpg 1350w, https:\/\/moviecrazyplanet.com\/wp-content\/uploads\/2026\/04\/Rey-Lear-Poster-01-240x300.jpg 240w, https:\/\/moviecrazyplanet.com\/wp-content\/uploads\/2026\/04\/Rey-Lear-Poster-01-819x1024.jpg 819w, https:\/\/moviecrazyplanet.com\/wp-content\/uploads\/2026\/04\/Rey-Lear-Poster-01-768x960.jpg 768w, https:\/\/moviecrazyplanet.com\/wp-content\/uploads\/2026\/04\/Rey-Lear-Poster-01-1228x1536.jpg 1228w, https:\/\/moviecrazyplanet.com\/wp-content\/uploads\/2026\/04\/Rey-Lear-Poster-01-1024x1280.jpg 1024w\" sizes=\"auto, (max-width: 1350px) 100vw, 1350px\" \/><\/p>\n<p>Esta radiograf\u00eda visceral explora la fragilidad de la identidad cuando se pierde todo: t\u00edtulos, la corona y la cordura.\u00a0<strong>Rey Lear\u00a0<\/strong>es un mapeo de la condici\u00f3n humana y un recordatorio de que, al nacer, todos llegamos a un gran escenario de locos. La propuesta se aleja de la representaci\u00f3n hist\u00f3rica tradicional para colocar al espectador frente a la desnudez del ser humano, donde la apariencia reina y la verdad es castigada.<\/p>\n<p>El montaje retoma la esencia del texto original del maestro de la tragedia, en el que un padre divide su reino entre sus hijas \u2014<strong>Goneril, Regan y Cordelia<\/strong>\u2014, basando su decisi\u00f3n en demostraciones de amor que pronto se revelan falsas. La traici\u00f3n, el despojo y el descenso hacia la locura configuran una de las historias m\u00e1s vigentes del repertorio universal.<\/p>\n<p>Encabezado por <strong>Luis de Tavira<\/strong> en el rol protag\u00f3nico de <strong>Lear,<\/strong> cuya trayectoria ha marcado de manera decisiva la historia del teatro en M\u00e9xico, el montaje adquiere una dimensi\u00f3n particular por la profundidad y complejidad de su interpretaci\u00f3n. Tambi\u00e9n en escena: <strong>Diana Sedano como Cordelia y el Buf\u00f3n; Mariana Gaj\u00e1 y Mayra Batalla<\/strong> como <strong>Goneril y Regan<\/strong>; <strong>Mauricio Garc\u00eda Lozano<\/strong> como <em>Gloucester;<\/em> <strong>Mariana Gim\u00e9nez<\/strong> como <em>Kent;<\/em> <strong>Alejandro Morales<\/strong> como <em>Edmundo;<\/em> <strong>Ra\u00fal Villegas<\/strong> como <em>Edgar,<\/em> <strong>Roberto Pichardo<\/strong> como <em>Osvaldo<\/em> el criado, m\u00e9dico y t\u00e9cnico; y <strong>David Calder\u00f3n<\/strong> como el <em>Duque de Albany<\/em>.<\/p>\n<p><img loading=\"lazy\" decoding=\"async\" class=\"alignnone size-full wp-image-21162\" src=\"http:\/\/moviecrazyplanet.com\/wp-content\/uploads\/2026\/04\/Rey-Lear-Poster-02.jpg\" alt=\"\" width=\"1350\" height=\"1688\" srcset=\"https:\/\/moviecrazyplanet.com\/wp-content\/uploads\/2026\/04\/Rey-Lear-Poster-02.jpg 1350w, https:\/\/moviecrazyplanet.com\/wp-content\/uploads\/2026\/04\/Rey-Lear-Poster-02-240x300.jpg 240w, https:\/\/moviecrazyplanet.com\/wp-content\/uploads\/2026\/04\/Rey-Lear-Poster-02-819x1024.jpg 819w, https:\/\/moviecrazyplanet.com\/wp-content\/uploads\/2026\/04\/Rey-Lear-Poster-02-768x960.jpg 768w, https:\/\/moviecrazyplanet.com\/wp-content\/uploads\/2026\/04\/Rey-Lear-Poster-02-1228x1536.jpg 1228w, https:\/\/moviecrazyplanet.com\/wp-content\/uploads\/2026\/04\/Rey-Lear-Poster-02-1024x1280.jpg 1024w\" sizes=\"auto, (max-width: 1350px) 100vw, 1350px\" \/><\/p>\n<p>Para <strong>Luis de Tavira<\/strong>, esta obra es una experiencia reveladora: \u201cEl teatro, que es el arte de la vida, nos recuerda la hora de nuestra muerte [\u2026] el mundo de <strong>Lear<\/strong> sigue siendo intimidante y profundamente vigente\u201d. En este mismo sentido, <strong>Ang\u00e9lica Rogel<\/strong> se\u00f1ala: \u201cLear es un hombre que, acostumbrado al poder, se enfrenta de pronto a la verdad [\u2026] una verdad brutal que puede quebrarlo todo\u201d.<\/p>\n<p>El equipo creativo se integra por <strong>Javier \u00c1ngeles<\/strong> en la escenograf\u00eda; <strong>Patricia Guti\u00e9rrez<\/strong> en la iluminaci\u00f3n; <strong>Jos\u00e9 Manuel Majul<\/strong> en el vestuario; <strong>Ana Isabel Vallejo<\/strong> en el dise\u00f1o de imagen, y <strong>Hans Warner<\/strong> en la supervisi\u00f3n y m\u00fasica original.<\/p>\n<p><img loading=\"lazy\" decoding=\"async\" class=\"alignnone size-full wp-image-21168\" src=\"http:\/\/moviecrazyplanet.com\/wp-content\/uploads\/2026\/04\/Rey-Lear-Fase-1.jpg\" alt=\"\" width=\"1350\" height=\"1688\" srcset=\"https:\/\/moviecrazyplanet.com\/wp-content\/uploads\/2026\/04\/Rey-Lear-Fase-1.jpg 1350w, https:\/\/moviecrazyplanet.com\/wp-content\/uploads\/2026\/04\/Rey-Lear-Fase-1-240x300.jpg 240w, https:\/\/moviecrazyplanet.com\/wp-content\/uploads\/2026\/04\/Rey-Lear-Fase-1-819x1024.jpg 819w, https:\/\/moviecrazyplanet.com\/wp-content\/uploads\/2026\/04\/Rey-Lear-Fase-1-768x960.jpg 768w, https:\/\/moviecrazyplanet.com\/wp-content\/uploads\/2026\/04\/Rey-Lear-Fase-1-1228x1536.jpg 1228w, https:\/\/moviecrazyplanet.com\/wp-content\/uploads\/2026\/04\/Rey-Lear-Fase-1-1024x1280.jpg 1024w\" sizes=\"auto, (max-width: 1350px) 100vw, 1350px\" \/><\/p>\n<p><strong><em>Rey Lear<\/em><\/strong>\u00a0estar\u00e1 en escena<strong>\u00a0del 7 de mayo al 7 de junio de 2026, con funciones los jueves y viernes a las 20:00 horas, s\u00e1bados a las 19:00 horas y domingos a las 18:00 horas en el Teatro Hel\u00e9nico.<\/strong>\u00a0El costo del boleto es de $750 y $525 en la Planta baja, y de $375 en la Planta alta. Actualmente hay una\u00a0<strong>venta especial: fase 1 hasta el 23 de abril (Planta baja $375 y $261 | Planta alta $187); y fase 2, del 24 de abril al 7 de mayo (Planta baja $525 y $344 | Planta alta $262).<\/strong> Las localidades pueden adquirirse en las taquillas del Centro Cultural Hel\u00e9nico, ubicado en avenida Revoluci\u00f3n 1500, o a trav\u00e9s de la p\u00e1gina<strong>:\u00a0<a href=\"http:\/\/helenico.gob.mx\/\" target=\"_blank\" rel=\"noopener noreferrer\" data-saferedirecturl=\"https:\/\/www.google.com\/url?q=http:\/\/helenico.gob.mx&amp;source=gmail&amp;ust=1776191591715000&amp;usg=AOvVaw15p3rzEyZOgIUBnqvNJYoo\">helenico.gob.mx<\/a>.<\/strong><\/p>\n<p>*Producci\u00f3n teatral nacional realizada con el est\u00edmulo fiscal del art\u00edculo 190 de la LISR (Efiartes)<\/p>\n<p><img loading=\"lazy\" decoding=\"async\" class=\"alignnone size-full wp-image-21169\" src=\"http:\/\/moviecrazyplanet.com\/wp-content\/uploads\/2026\/04\/Rey-Lear-Fase-2.jpg\" alt=\"\" width=\"1350\" height=\"1688\" srcset=\"https:\/\/moviecrazyplanet.com\/wp-content\/uploads\/2026\/04\/Rey-Lear-Fase-2.jpg 1350w, https:\/\/moviecrazyplanet.com\/wp-content\/uploads\/2026\/04\/Rey-Lear-Fase-2-240x300.jpg 240w, https:\/\/moviecrazyplanet.com\/wp-content\/uploads\/2026\/04\/Rey-Lear-Fase-2-819x1024.jpg 819w, https:\/\/moviecrazyplanet.com\/wp-content\/uploads\/2026\/04\/Rey-Lear-Fase-2-768x960.jpg 768w, https:\/\/moviecrazyplanet.com\/wp-content\/uploads\/2026\/04\/Rey-Lear-Fase-2-1228x1536.jpg 1228w, https:\/\/moviecrazyplanet.com\/wp-content\/uploads\/2026\/04\/Rey-Lear-Fase-2-1024x1280.jpg 1024w\" sizes=\"auto, (max-width: 1350px) 100vw, 1350px\" \/><\/p>\n<p><strong>Ang\u00e9lica Rogel \u2022\u00a0<\/strong>Directora<\/p>\n<p>Directora, dramaturga y actriz, egresada de la ENAT y del programa de Dramaturgia del Royal Court Theatre. Miembro del SNCA del Fonca y becaria en Direcci\u00f3n\/J\u00f3venes Creadores. Inici\u00f3 su trayectoria como actriz e improvisadora, orient\u00e1ndose despu\u00e9s a la direcci\u00f3n. Ha dirigido obras como\u00a0<em>Ri\u00f1\u00f3n de cerdo para el desconsuelo<\/em>\u00a0de Alejandro Rica\u00f1o;\u00a0<em>El juego de la silla<\/em>\u00a0de Ana Katz;\u00a0<em>La piel de Venus<\/em>\u00a0de David Ives;\u00a0<em>Edificio San Miguel<\/em>\u00a0de Gabriela Guraieb;\u00a0<em>Titus<\/em>, y\u00a0<em>Coraz\u00f3n gordito<\/em>\u00a0de Sa\u00fal Enr\u00edquez, entre muchas otras, reconocidas en M\u00e9xico y el extranjero.<\/p>\n<p><strong>Luis de Tavira<\/strong>\u00a0<strong>\u2022\u00a0<\/strong>Actor<\/p>\n<p>Es una figura fundamental del teatro iberoamericano cuya faceta como actor se distingue por un rigor intelectual y una t\u00e9cnica que \u00e9l denomina \u00abel espect\u00e1culo invisible\u00bb. Formado bajo la tutela de H\u00e9ctor Mendoza en la UNAM, su trayectoria interpretativa incluye colaboraciones con directores de la talla de Ludwik Margules en piezas como\u00a0<em>De la vida de las marionetas<\/em>. En a\u00f1os recientes, ha entregado actuaciones memorables y de gran calado psicol\u00f3gico, destacando su aclamada interpretaci\u00f3n de Sigmund Freud en\u00a0<em>La \u00faltima sesi\u00f3n de Freud<\/em>. Su experiencia sobre el escenario es la base de su pensamiento te\u00f3rico, plasmado en ensayos fundamentales donde explora la \u00e9tica y la ontolog\u00eda del actor en el teatro contempor\u00e1neo.<\/p>\n<p>&nbsp;<\/p>\n<p><strong>Mayra Batalla \u2022\u00a0<\/strong>Actriz<\/p>\n<p><img loading=\"lazy\" decoding=\"async\" class=\"alignnone size-full wp-image-21164\" src=\"http:\/\/moviecrazyplanet.com\/wp-content\/uploads\/2026\/04\/Rey-Lear-Mayra-Batalla.jpg\" alt=\"\" width=\"1350\" height=\"1688\" srcset=\"https:\/\/moviecrazyplanet.com\/wp-content\/uploads\/2026\/04\/Rey-Lear-Mayra-Batalla.jpg 1350w, https:\/\/moviecrazyplanet.com\/wp-content\/uploads\/2026\/04\/Rey-Lear-Mayra-Batalla-240x300.jpg 240w, https:\/\/moviecrazyplanet.com\/wp-content\/uploads\/2026\/04\/Rey-Lear-Mayra-Batalla-819x1024.jpg 819w, https:\/\/moviecrazyplanet.com\/wp-content\/uploads\/2026\/04\/Rey-Lear-Mayra-Batalla-768x960.jpg 768w, https:\/\/moviecrazyplanet.com\/wp-content\/uploads\/2026\/04\/Rey-Lear-Mayra-Batalla-1228x1536.jpg 1228w, https:\/\/moviecrazyplanet.com\/wp-content\/uploads\/2026\/04\/Rey-Lear-Mayra-Batalla-1024x1280.jpg 1024w\" sizes=\"auto, (max-width: 1350px) 100vw, 1350px\" \/><\/p>\n<p>Actriz veracruzana de gran trayectoria. Salt\u00f3 a la fama internacional por su papel en la pel\u00edcula\u00a0<em>Noche de Fuego<\/em>\u00a0(ganadora del Ariel). Ha participado en series como\u00a0<em>Luis Miguel<\/em>,<em>\u00a0<\/em>y recientemente en la adaptaci\u00f3n de\u00a0<em>Pedro P\u00e1ramo\u00a0<\/em>de Netflix.<\/p>\n<p>&nbsp;<\/p>\n<p>&nbsp;<\/p>\n<p><strong>David Calder\u00f3n \u2022\u00a0<\/strong>Actor<\/p>\n<p>Actor egresado de La Casa del Teatro. Form\u00f3 parte de la Compa\u00f1\u00eda Nacional de Teatro y ha destacado en cine en cintas como\u00a0<em>El deseo de Ana<\/em>\u00a0(por la que fue premiado como Mejor actor en Bolivia) y la pel\u00edcula de acci\u00f3n\u00a0<em>Contraataque<\/em>.<\/p>\n<p>&nbsp;<\/p>\n<p><strong>Mariana Gaj\u00e1\u00a0<\/strong><strong>\u2022\u00a0<\/strong>Actriz<\/p>\n<p><img loading=\"lazy\" decoding=\"async\" class=\"alignnone size-full wp-image-21175\" src=\"http:\/\/moviecrazyplanet.com\/wp-content\/uploads\/2026\/04\/Rey-Lear-Mariana-Gaja.jpg\" alt=\"\" width=\"1350\" height=\"1688\" srcset=\"https:\/\/moviecrazyplanet.com\/wp-content\/uploads\/2026\/04\/Rey-Lear-Mariana-Gaja.jpg 1350w, https:\/\/moviecrazyplanet.com\/wp-content\/uploads\/2026\/04\/Rey-Lear-Mariana-Gaja-240x300.jpg 240w, https:\/\/moviecrazyplanet.com\/wp-content\/uploads\/2026\/04\/Rey-Lear-Mariana-Gaja-819x1024.jpg 819w, https:\/\/moviecrazyplanet.com\/wp-content\/uploads\/2026\/04\/Rey-Lear-Mariana-Gaja-768x960.jpg 768w, https:\/\/moviecrazyplanet.com\/wp-content\/uploads\/2026\/04\/Rey-Lear-Mariana-Gaja-1228x1536.jpg 1228w, https:\/\/moviecrazyplanet.com\/wp-content\/uploads\/2026\/04\/Rey-Lear-Mariana-Gaja-1024x1280.jpg 1024w\" sizes=\"auto, (max-width: 1350px) 100vw, 1350px\" \/><\/p>\n<p>Actriz de teatro, cine y televisi\u00f3n egresada del CUT (UNAM). Ha sido parte de la Compa\u00f1\u00eda Nacional de Teatro y es recordada por series como:\u00a0<em>Soy tu Fan<\/em>\u00a0y\u00a0<em>Sr. \u00c1vila.<\/em>\u00a0Fue nominada al Ariel por su trabajo en\u00a0<em>No quiero dormir sola.<\/em><\/p>\n<p><strong>\u00a0<\/strong><\/p>\n<p><strong>Mauricio Garc\u00eda Lozano \u2022\u00a0<\/strong>Actor<\/p>\n<p><img loading=\"lazy\" decoding=\"async\" class=\"alignnone size-full wp-image-21165\" src=\"http:\/\/moviecrazyplanet.com\/wp-content\/uploads\/2026\/04\/Rey-Lear-Mauricio-Garcia-Lozano.jpg\" alt=\"\" width=\"1350\" height=\"1688\" srcset=\"https:\/\/moviecrazyplanet.com\/wp-content\/uploads\/2026\/04\/Rey-Lear-Mauricio-Garcia-Lozano.jpg 1350w, https:\/\/moviecrazyplanet.com\/wp-content\/uploads\/2026\/04\/Rey-Lear-Mauricio-Garcia-Lozano-240x300.jpg 240w, https:\/\/moviecrazyplanet.com\/wp-content\/uploads\/2026\/04\/Rey-Lear-Mauricio-Garcia-Lozano-819x1024.jpg 819w, https:\/\/moviecrazyplanet.com\/wp-content\/uploads\/2026\/04\/Rey-Lear-Mauricio-Garcia-Lozano-768x960.jpg 768w, https:\/\/moviecrazyplanet.com\/wp-content\/uploads\/2026\/04\/Rey-Lear-Mauricio-Garcia-Lozano-1228x1536.jpg 1228w, https:\/\/moviecrazyplanet.com\/wp-content\/uploads\/2026\/04\/Rey-Lear-Mauricio-Garcia-Lozano-1024x1280.jpg 1024w\" sizes=\"auto, (max-width: 1350px) 100vw, 1350px\" \/><\/p>\n<p>Es uno de los directores de escena y \u00f3pera m\u00e1s importantes de M\u00e9xico, adem\u00e1s de actor. Ha dirigido m\u00e1s de 60 puestas en escena y es reconocido por su visi\u00f3n contempor\u00e1nea de los cl\u00e1sicos, especialmente Shakespeare.<\/p>\n<p>&nbsp;<\/p>\n<p><strong>Mariana Gim\u00e9nez \u2022\u00a0<\/strong>Actriz<\/p>\n<p>Actriz y directora de origen argentino radicada en M\u00e9xico. Con una fuerte formaci\u00f3n teatral, ha sido pilar de la Compa\u00f1\u00eda Nacional de Teatro y ha dirigido obras potentes como\u00a0<em>La guerra fr\u00eda.<\/em>\u00a0En televisi\u00f3n la hemos visto en\u00a0<em>Tengo que morir todas las noches.<\/em><\/p>\n<p><strong>Alejandro Morales \u2022\u00a0<\/strong>Actor<\/p>\n<p>Actor con m\u00e1s de 20 a\u00f1os de experiencia, egresado del CUT. Es una figura muy respetada en el teatro mexicano, habiendo ganado premios ACPT y Los Metro por su capacidad actoral en obras de soporte y reparto.<\/p>\n<p>&nbsp;<\/p>\n<p><strong>Roberto Pichardo<\/strong>\u00a0\u2022 Actor<\/p>\n<p>Actor egresado de la Escuela Nacional de Arte Teatral. Su trabajo en\u00a0<em>El cuerpo de U<\/em>, con la compa\u00f1\u00eda Bola de Carne, fue seleccionado para la 38. \u00b0 Muestra Nacional de Teatro. Su versatilidad actoral se extiende a colaboraciones bajo la direcci\u00f3n de figuras como Mart\u00edn Acosta, Mauricio Jim\u00e9nez y Andrea Salmer\u00f3n.<\/p>\n<p>&nbsp;<\/p>\n<p><strong>Diana Sedano\u00a0<\/strong><strong>\u2022\u00a0<\/strong>Actriz<\/p>\n<p>Actriz, dramaturga y directora egresada de La Casa del Teatro. Es muy reconocida por su unipersonal\u00a0<em>Tornaviaje<\/em>, y por ganar el premio Mezcal a Mejor actriz en el Festival de Guadalajara por la pel\u00edcula\u00a0<em>Yo necesito amor<\/em>.<\/p>\n<p>&nbsp;<\/p>\n<p><strong>Ra\u00fal Villegas \u2022\u00a0<\/strong>Actor<\/p>\n<p>Actor licenciado por la UNAM y tambi\u00e9n m\u00fasico (trompetista y bajista). Ha ganado visibilidad en series recientes de streaming como:\u00a0<em>VGLY<\/em>,\u00a0<em>Ojitos de huevo<\/em>\u00a0y\u00a0<em>Harina<\/em>, adem\u00e1s de participar en la cinta\u00a0<em>MexZombies.<\/em><\/p>\n<p>Rey Lear llega al <strong>Teatro Hel\u00e9nico<\/strong> en una poderosa adaptaci\u00f3n contempor\u00e1nea.<\/p>\n<p>Temporada <strong>del 7 de mayo al 7 de junio de 2026<\/strong>; actualmente con venta especial<\/p>\n<p><img loading=\"lazy\" decoding=\"async\" class=\"alignnone size-full wp-image-21166\" src=\"http:\/\/moviecrazyplanet.com\/wp-content\/uploads\/2026\/04\/477e2075-cad0-e9f1-b102-e6a01907e314.jpeg\" alt=\"\" width=\"1080\" height=\"1350\" srcset=\"https:\/\/moviecrazyplanet.com\/wp-content\/uploads\/2026\/04\/477e2075-cad0-e9f1-b102-e6a01907e314.jpeg 1080w, https:\/\/moviecrazyplanet.com\/wp-content\/uploads\/2026\/04\/477e2075-cad0-e9f1-b102-e6a01907e314-240x300.jpeg 240w, https:\/\/moviecrazyplanet.com\/wp-content\/uploads\/2026\/04\/477e2075-cad0-e9f1-b102-e6a01907e314-819x1024.jpeg 819w, https:\/\/moviecrazyplanet.com\/wp-content\/uploads\/2026\/04\/477e2075-cad0-e9f1-b102-e6a01907e314-768x960.jpeg 768w, https:\/\/moviecrazyplanet.com\/wp-content\/uploads\/2026\/04\/477e2075-cad0-e9f1-b102-e6a01907e314-1024x1280.jpeg 1024w\" sizes=\"auto, (max-width: 1080px) 100vw, 1080px\" \/><\/p>\n<p><img loading=\"lazy\" decoding=\"async\" class=\"alignnone size-full wp-image-21167\" src=\"http:\/\/moviecrazyplanet.com\/wp-content\/uploads\/2026\/04\/Centro-Cultural-Helenico.jpg\" alt=\"\" width=\"686\" height=\"386\" srcset=\"https:\/\/moviecrazyplanet.com\/wp-content\/uploads\/2026\/04\/Centro-Cultural-Helenico.jpg 686w, https:\/\/moviecrazyplanet.com\/wp-content\/uploads\/2026\/04\/Centro-Cultural-Helenico-300x169.jpg 300w\" sizes=\"auto, (max-width: 686px) 100vw, 686px\" \/><\/p>\n<p>Con informaci\u00f3n de <strong>Hel\u00e9nico Centro Cultural<\/strong> gracias a <strong>IQ Icunacury &amp; Co<\/strong>.<\/p>\n","protected":false},"excerpt":{"rendered":"<p>Nacemos llorando en este gran escenario de locos Rey Lear, una de las tragedias centrales de William Shakespeare, regresa a escena en el Centro Cultural Hel\u00e9nico bajo la direcci\u00f3n de Ang\u00e9lica Rogel, en una versi\u00f3n que sit\u00faa la acci\u00f3n en el mundo del teatro y tendr\u00e1 temporada del 7 de mayo al 7 de junio [&hellip;]<\/p>\n","protected":false},"author":2,"featured_media":21176,"comment_status":"open","ping_status":"open","sticky":false,"template":"","format":"standard","meta":{"footnotes":""},"categories":[131],"tags":[],"class_list":["post-21156","post","type-post","status-publish","format-standard","has-post-thumbnail","hentry","category-teatro"],"_links":{"self":[{"href":"https:\/\/moviecrazyplanet.com\/index.php?rest_route=\/wp\/v2\/posts\/21156","targetHints":{"allow":["GET"]}}],"collection":[{"href":"https:\/\/moviecrazyplanet.com\/index.php?rest_route=\/wp\/v2\/posts"}],"about":[{"href":"https:\/\/moviecrazyplanet.com\/index.php?rest_route=\/wp\/v2\/types\/post"}],"author":[{"embeddable":true,"href":"https:\/\/moviecrazyplanet.com\/index.php?rest_route=\/wp\/v2\/users\/2"}],"replies":[{"embeddable":true,"href":"https:\/\/moviecrazyplanet.com\/index.php?rest_route=%2Fwp%2Fv2%2Fcomments&post=21156"}],"version-history":[{"count":6,"href":"https:\/\/moviecrazyplanet.com\/index.php?rest_route=\/wp\/v2\/posts\/21156\/revisions"}],"predecessor-version":[{"id":21178,"href":"https:\/\/moviecrazyplanet.com\/index.php?rest_route=\/wp\/v2\/posts\/21156\/revisions\/21178"}],"wp:featuredmedia":[{"embeddable":true,"href":"https:\/\/moviecrazyplanet.com\/index.php?rest_route=\/wp\/v2\/media\/21176"}],"wp:attachment":[{"href":"https:\/\/moviecrazyplanet.com\/index.php?rest_route=%2Fwp%2Fv2%2Fmedia&parent=21156"}],"wp:term":[{"taxonomy":"category","embeddable":true,"href":"https:\/\/moviecrazyplanet.com\/index.php?rest_route=%2Fwp%2Fv2%2Fcategories&post=21156"},{"taxonomy":"post_tag","embeddable":true,"href":"https:\/\/moviecrazyplanet.com\/index.php?rest_route=%2Fwp%2Fv2%2Ftags&post=21156"}],"curies":[{"name":"wp","href":"https:\/\/api.w.org\/{rel}","templated":true}]}}