{"id":23074,"date":"2026-09-04T21:29:19","date_gmt":"2026-09-05T03:29:19","guid":{"rendered":"https:\/\/moviecrazyplanet.com\/?p=23074"},"modified":"2026-09-04T21:29:19","modified_gmt":"2026-09-05T03:29:19","slug":"rebelion-en-la-granja-llega-a-las-salas-de-cine-de-mexico","status":"publish","type":"post","link":"https:\/\/moviecrazyplanet.com\/?p=23074","title":{"rendered":"Rebeli\u00f3n en la Granja llega a las salas de cine de M\u00e9xico"},"content":{"rendered":"<p><strong>Angel<\/strong>\u00a0ha anunciado la adquisici\u00f3n de los derechos de distribuci\u00f3n en cines para la muy esperada adaptaci\u00f3n animada de\u00a0\u201c<strong>Rebeli\u00f3n en la Granja<\/strong>\u201d\u00a0(de\u00a0<strong>George Orwell<\/strong>), dirigida por <strong>Andy Serkis<\/strong>. \u00a0Con un elenco de voces legendario, \u201cRebeli\u00f3n en la granja\u201d\u00a0fue producida por <strong>Adam Nagle<\/strong> y <strong>Dave Rosenbaum <\/strong>para <strong>Aniventure<\/strong>, y por <strong>Jonathan Cavendish <\/strong>y <strong>Andy Serkis<\/strong> para\u00a0<strong>Imaginarium Productions<\/strong>, contando con la animaci\u00f3n de\u00a0<strong>Cinesite.<\/strong><\/p>\n<p><img loading=\"lazy\" decoding=\"async\" class=\"alignnone size-full wp-image-23086\" src=\"http:\/\/moviecrazyplanet.com\/wp-content\/uploads\/2026\/09\/Rebelion-en-la-Granja-0021.jpg\" alt=\"\" width=\"1960\" height=\"815\" srcset=\"https:\/\/moviecrazyplanet.com\/wp-content\/uploads\/2026\/09\/Rebelion-en-la-Granja-0021.jpg 1960w, https:\/\/moviecrazyplanet.com\/wp-content\/uploads\/2026\/09\/Rebelion-en-la-Granja-0021-300x125.jpg 300w, https:\/\/moviecrazyplanet.com\/wp-content\/uploads\/2026\/09\/Rebelion-en-la-Granja-0021-1024x426.jpg 1024w, https:\/\/moviecrazyplanet.com\/wp-content\/uploads\/2026\/09\/Rebelion-en-la-Granja-0021-768x319.jpg 768w, https:\/\/moviecrazyplanet.com\/wp-content\/uploads\/2026\/09\/Rebelion-en-la-Granja-0021-1536x639.jpg 1536w\" sizes=\"auto, (max-width: 1960px) 100vw, 1960px\" \/><\/p>\n<p>El estreno de la pel\u00edcula <strong>Rebeli\u00f3n en la Granja<\/strong> en salas est\u00e1 programado para el <strong>3 de septiembre de 2026<\/strong>.<\/p>\n<p><img loading=\"lazy\" decoding=\"async\" class=\"alignnone size-full wp-image-23087\" src=\"http:\/\/moviecrazyplanet.com\/wp-content\/uploads\/2026\/09\/Rebelion-en-la-Granja-0031.jpg\" alt=\"\" width=\"1918\" height=\"791\" srcset=\"https:\/\/moviecrazyplanet.com\/wp-content\/uploads\/2026\/09\/Rebelion-en-la-Granja-0031.jpg 1918w, https:\/\/moviecrazyplanet.com\/wp-content\/uploads\/2026\/09\/Rebelion-en-la-Granja-0031-300x124.jpg 300w, https:\/\/moviecrazyplanet.com\/wp-content\/uploads\/2026\/09\/Rebelion-en-la-Granja-0031-1024x422.jpg 1024w, https:\/\/moviecrazyplanet.com\/wp-content\/uploads\/2026\/09\/Rebelion-en-la-Granja-0031-768x317.jpg 768w, https:\/\/moviecrazyplanet.com\/wp-content\/uploads\/2026\/09\/Rebelion-en-la-Granja-0031-1536x633.jpg 1536w\" sizes=\"auto, (max-width: 1918px) 100vw, 1918px\" \/><\/p>\n<p>\u00abEste es un proyecto de enorme coraz\u00f3n\u00bb, dijo <strong>Brandon Purdie,<\/strong> Vicepresidente Ejecutivo de Desarrollo Teatral y de Marca en <strong>Angel.<\/strong> \u00abLa direcci\u00f3n visionaria de Andy Serkis, combinada con este elenco poderoso, crea una pel\u00edcula que se siente oportuna, urgente y profundamente humana, aunque los protagonistas puedan ser cerdos, burros y caballos. Estamos seguros de que los cin\u00e9filos ver\u00e1n no solo una historia de animales de granja, sino un espejo que hoy se le sostiene a nuestro mundo.\u00bb<\/p>\n<p><img loading=\"lazy\" decoding=\"async\" class=\"alignnone size-full wp-image-23089\" src=\"http:\/\/moviecrazyplanet.com\/wp-content\/uploads\/2026\/09\/Rebelion-en-la-Granja-0051.jpg\" alt=\"\" width=\"1920\" height=\"797\" srcset=\"https:\/\/moviecrazyplanet.com\/wp-content\/uploads\/2026\/09\/Rebelion-en-la-Granja-0051.jpg 1920w, https:\/\/moviecrazyplanet.com\/wp-content\/uploads\/2026\/09\/Rebelion-en-la-Granja-0051-300x125.jpg 300w, https:\/\/moviecrazyplanet.com\/wp-content\/uploads\/2026\/09\/Rebelion-en-la-Granja-0051-1024x425.jpg 1024w, https:\/\/moviecrazyplanet.com\/wp-content\/uploads\/2026\/09\/Rebelion-en-la-Granja-0051-768x319.jpg 768w, https:\/\/moviecrazyplanet.com\/wp-content\/uploads\/2026\/09\/Rebelion-en-la-Granja-0051-1536x638.jpg 1536w\" sizes=\"auto, (max-width: 1920px) 100vw, 1920px\" \/><\/p>\n<p><strong>Andy Serkis<\/strong>, aclamado actor y director, ha impulsado este proyecto con un guion de <strong>Nicholas Stoller<\/strong>.<\/p>\n<p><img loading=\"lazy\" decoding=\"async\" class=\"alignnone size-full wp-image-23090\" src=\"http:\/\/moviecrazyplanet.com\/wp-content\/uploads\/2026\/09\/Rebelion-en-la-Granja-0061.jpg\" alt=\"\" width=\"1920\" height=\"797\" srcset=\"https:\/\/moviecrazyplanet.com\/wp-content\/uploads\/2026\/09\/Rebelion-en-la-Granja-0061.jpg 1920w, https:\/\/moviecrazyplanet.com\/wp-content\/uploads\/2026\/09\/Rebelion-en-la-Granja-0061-300x125.jpg 300w, https:\/\/moviecrazyplanet.com\/wp-content\/uploads\/2026\/09\/Rebelion-en-la-Granja-0061-1024x425.jpg 1024w, https:\/\/moviecrazyplanet.com\/wp-content\/uploads\/2026\/09\/Rebelion-en-la-Granja-0061-768x319.jpg 768w, https:\/\/moviecrazyplanet.com\/wp-content\/uploads\/2026\/09\/Rebelion-en-la-Granja-0061-1536x638.jpg 1536w\" sizes=\"auto, (max-width: 1920px) 100vw, 1920px\" \/><\/p>\n<p>La pel\u00edcula se estren\u00f3 en el Festival Internacional de Cine de Animaci\u00f3n de Annecy el verano pasado, donde <strong>Pete Hammond<\/strong> de\u00a0<strong>Deadline<\/strong>\u00a0declar\u00f3 que la pel\u00edcula \u00abme parece una de las m\u00e1s importantes del a\u00f1o.\u00bb<\/p>\n<p><img loading=\"lazy\" decoding=\"async\" class=\"alignnone size-full wp-image-23088\" src=\"http:\/\/moviecrazyplanet.com\/wp-content\/uploads\/2026\/09\/Rebelion-en-la-Granja-0041.jpg\" alt=\"\" width=\"1920\" height=\"793\" srcset=\"https:\/\/moviecrazyplanet.com\/wp-content\/uploads\/2026\/09\/Rebelion-en-la-Granja-0041.jpg 1920w, https:\/\/moviecrazyplanet.com\/wp-content\/uploads\/2026\/09\/Rebelion-en-la-Granja-0041-300x124.jpg 300w, https:\/\/moviecrazyplanet.com\/wp-content\/uploads\/2026\/09\/Rebelion-en-la-Granja-0041-1024x423.jpg 1024w, https:\/\/moviecrazyplanet.com\/wp-content\/uploads\/2026\/09\/Rebelion-en-la-Granja-0041-768x317.jpg 768w, https:\/\/moviecrazyplanet.com\/wp-content\/uploads\/2026\/09\/Rebelion-en-la-Granja-0041-1536x634.jpg 1536w\" sizes=\"auto, (max-width: 1920px) 100vw, 1920px\" \/><\/p>\n<p><strong>Serkis<\/strong> agreg\u00f3:\u00a0\u00abLa Granja de los Animales de Orwell nunca se ha sentido m\u00e1s relevante. En una \u00e9poca donde el poder, la propaganda y la desigualdad moldean nuestras sociedades, es vital recordar su historia de advertencia. Esta adaptaci\u00f3n no es solo una historia para entretenimiento, es un recordatorio de que la democracia, la libertad y la integridad son fr\u00e1giles y deben ser vigiladas. Mi esperanza es que el p\u00fablico se vaya conmovido, reflexivo e inspirado para defender los valores que importan. \u00a0Me siento honrado de que <strong>Angel<\/strong> y el <strong>Angel Guild<\/strong> est\u00e9n dispuestos a llevar esta pel\u00edcula a las pantallas grandes de todo el mundo.\u00bb<\/p>\n<p>El elenco de voces estelar incluye:<\/p>\n<p>\u2022 <strong>Seth Rogen<\/strong>\u00a0como <em><strong>Napole\u00f3n<\/strong><\/em><\/p>\n<p><img loading=\"lazy\" decoding=\"async\" class=\"alignnone size-full wp-image-23076\" src=\"http:\/\/moviecrazyplanet.com\/wp-content\/uploads\/2026\/09\/Rebelion-en-la-Granja-Seth-Rogen-Napoleon.jpg\" alt=\"\" width=\"1080\" height=\"1350\" srcset=\"https:\/\/moviecrazyplanet.com\/wp-content\/uploads\/2026\/09\/Rebelion-en-la-Granja-Seth-Rogen-Napoleon.jpg 1080w, https:\/\/moviecrazyplanet.com\/wp-content\/uploads\/2026\/09\/Rebelion-en-la-Granja-Seth-Rogen-Napoleon-240x300.jpg 240w, https:\/\/moviecrazyplanet.com\/wp-content\/uploads\/2026\/09\/Rebelion-en-la-Granja-Seth-Rogen-Napoleon-819x1024.jpg 819w, https:\/\/moviecrazyplanet.com\/wp-content\/uploads\/2026\/09\/Rebelion-en-la-Granja-Seth-Rogen-Napoleon-768x960.jpg 768w, https:\/\/moviecrazyplanet.com\/wp-content\/uploads\/2026\/09\/Rebelion-en-la-Granja-Seth-Rogen-Napoleon-1024x1280.jpg 1024w\" sizes=\"auto, (max-width: 1080px) 100vw, 1080px\" \/><\/p>\n<p>\u2022 <strong>Gaten Matarazzo<\/strong>\u00a0como <em><strong>Lucky,<\/strong><\/em> un joven lech\u00f3n dividido entre ideolog\u00edas en competencia.<\/p>\n<p><img loading=\"lazy\" decoding=\"async\" class=\"alignnone size-full wp-image-23077\" src=\"http:\/\/moviecrazyplanet.com\/wp-content\/uploads\/2026\/09\/Rebelion-en-la-Granja-Gaten-Matarazzo-Lucky.jpg\" alt=\"\" width=\"1080\" height=\"1350\" srcset=\"https:\/\/moviecrazyplanet.com\/wp-content\/uploads\/2026\/09\/Rebelion-en-la-Granja-Gaten-Matarazzo-Lucky.jpg 1080w, https:\/\/moviecrazyplanet.com\/wp-content\/uploads\/2026\/09\/Rebelion-en-la-Granja-Gaten-Matarazzo-Lucky-240x300.jpg 240w, https:\/\/moviecrazyplanet.com\/wp-content\/uploads\/2026\/09\/Rebelion-en-la-Granja-Gaten-Matarazzo-Lucky-819x1024.jpg 819w, https:\/\/moviecrazyplanet.com\/wp-content\/uploads\/2026\/09\/Rebelion-en-la-Granja-Gaten-Matarazzo-Lucky-768x960.jpg 768w, https:\/\/moviecrazyplanet.com\/wp-content\/uploads\/2026\/09\/Rebelion-en-la-Granja-Gaten-Matarazzo-Lucky-1024x1280.jpg 1024w\" sizes=\"auto, (max-width: 1080px) 100vw, 1080px\" \/><\/p>\n<p>\u2022 <strong>Steve Buscemi<\/strong>\u00a0como el <em><strong>Sr. Whymper<\/strong><\/em>, un empleado humano del banco.<\/p>\n<p>\u2022 <strong>Glenn Close<\/strong>\u00a0como <em><strong>Freida Pilkington<\/strong><\/em>, una vecina intrigante.<\/p>\n<p>\u2022 <strong>Laverne Cox<\/strong>\u00a0como <em><strong>Bola de Nieve<\/strong><\/em>, reimaginada en esta versi\u00f3n como una cerda y rival de Napole\u00f3n.<\/p>\n<p>\u2022 <strong>Kieran Culkin<\/strong>\u00a0como <em><strong>Squealer<\/strong><\/em>, el propagandista persuasivo de Napole\u00f3n.<\/p>\n<p><img loading=\"lazy\" decoding=\"async\" class=\"alignnone size-full wp-image-23079\" src=\"http:\/\/moviecrazyplanet.com\/wp-content\/uploads\/2026\/09\/Rebelion-en-la-Granja-Kieran-Culkin-Squealer-.jpg\" alt=\"\" width=\"1080\" height=\"1350\" srcset=\"https:\/\/moviecrazyplanet.com\/wp-content\/uploads\/2026\/09\/Rebelion-en-la-Granja-Kieran-Culkin-Squealer-.jpg 1080w, https:\/\/moviecrazyplanet.com\/wp-content\/uploads\/2026\/09\/Rebelion-en-la-Granja-Kieran-Culkin-Squealer--240x300.jpg 240w, https:\/\/moviecrazyplanet.com\/wp-content\/uploads\/2026\/09\/Rebelion-en-la-Granja-Kieran-Culkin-Squealer--819x1024.jpg 819w, https:\/\/moviecrazyplanet.com\/wp-content\/uploads\/2026\/09\/Rebelion-en-la-Granja-Kieran-Culkin-Squealer--768x960.jpg 768w, https:\/\/moviecrazyplanet.com\/wp-content\/uploads\/2026\/09\/Rebelion-en-la-Granja-Kieran-Culkin-Squealer--1024x1280.jpg 1024w\" sizes=\"auto, (max-width: 1080px) 100vw, 1080px\" \/><\/p>\n<p>\u2022 <strong>Woody Harrelson<\/strong> como <em><strong>Boxer,<\/strong><\/em> el caballo leal.<\/p>\n<p><img loading=\"lazy\" decoding=\"async\" class=\"alignnone size-full wp-image-23078\" src=\"http:\/\/moviecrazyplanet.com\/wp-content\/uploads\/2026\/09\/Rebelion-en-la-Granja-Woody-Harrelson-Boxer-.jpg\" alt=\"\" width=\"1080\" height=\"1350\" srcset=\"https:\/\/moviecrazyplanet.com\/wp-content\/uploads\/2026\/09\/Rebelion-en-la-Granja-Woody-Harrelson-Boxer-.jpg 1080w, https:\/\/moviecrazyplanet.com\/wp-content\/uploads\/2026\/09\/Rebelion-en-la-Granja-Woody-Harrelson-Boxer--240x300.jpg 240w, https:\/\/moviecrazyplanet.com\/wp-content\/uploads\/2026\/09\/Rebelion-en-la-Granja-Woody-Harrelson-Boxer--819x1024.jpg 819w, https:\/\/moviecrazyplanet.com\/wp-content\/uploads\/2026\/09\/Rebelion-en-la-Granja-Woody-Harrelson-Boxer--768x960.jpg 768w, https:\/\/moviecrazyplanet.com\/wp-content\/uploads\/2026\/09\/Rebelion-en-la-Granja-Woody-Harrelson-Boxer--1024x1280.jpg 1024w\" sizes=\"auto, (max-width: 1080px) 100vw, 1080px\" \/><\/p>\n<p>\u2022 <strong>Jim Parsons<\/strong> como <strong>Carl la oveja<\/strong> y como el resto de su reba\u00f1o.<\/p>\n<p><img loading=\"lazy\" decoding=\"async\" class=\"alignnone size-full wp-image-23080\" src=\"http:\/\/moviecrazyplanet.com\/wp-content\/uploads\/2026\/09\/Rebelion-en-la-Granja-Jim-Parsons-Carl.jpg\" alt=\"\" width=\"1080\" height=\"1350\" srcset=\"https:\/\/moviecrazyplanet.com\/wp-content\/uploads\/2026\/09\/Rebelion-en-la-Granja-Jim-Parsons-Carl.jpg 1080w, https:\/\/moviecrazyplanet.com\/wp-content\/uploads\/2026\/09\/Rebelion-en-la-Granja-Jim-Parsons-Carl-240x300.jpg 240w, https:\/\/moviecrazyplanet.com\/wp-content\/uploads\/2026\/09\/Rebelion-en-la-Granja-Jim-Parsons-Carl-819x1024.jpg 819w, https:\/\/moviecrazyplanet.com\/wp-content\/uploads\/2026\/09\/Rebelion-en-la-Granja-Jim-Parsons-Carl-768x960.jpg 768w, https:\/\/moviecrazyplanet.com\/wp-content\/uploads\/2026\/09\/Rebelion-en-la-Granja-Jim-Parsons-Carl-1024x1280.jpg 1024w\" sizes=\"auto, (max-width: 1080px) 100vw, 1080px\" \/><\/p>\n<p>\u2022 El propio <strong>Andy Serkis<\/strong> da voz al <strong>Sr. Jones<\/strong>, el due\u00f1o original de la granja, y a <strong>Randolph el Gallo<\/strong>.<\/p>\n<p><img loading=\"lazy\" decoding=\"async\" class=\"alignnone size-full wp-image-23082\" src=\"http:\/\/moviecrazyplanet.com\/wp-content\/uploads\/2026\/09\/Rebelion-en-la-Granja-Andy-Serkis-Randolph.jpg\" alt=\"\" width=\"1080\" height=\"1350\" srcset=\"https:\/\/moviecrazyplanet.com\/wp-content\/uploads\/2026\/09\/Rebelion-en-la-Granja-Andy-Serkis-Randolph.jpg 1080w, https:\/\/moviecrazyplanet.com\/wp-content\/uploads\/2026\/09\/Rebelion-en-la-Granja-Andy-Serkis-Randolph-240x300.jpg 240w, https:\/\/moviecrazyplanet.com\/wp-content\/uploads\/2026\/09\/Rebelion-en-la-Granja-Andy-Serkis-Randolph-819x1024.jpg 819w, https:\/\/moviecrazyplanet.com\/wp-content\/uploads\/2026\/09\/Rebelion-en-la-Granja-Andy-Serkis-Randolph-768x960.jpg 768w, https:\/\/moviecrazyplanet.com\/wp-content\/uploads\/2026\/09\/Rebelion-en-la-Granja-Andy-Serkis-Randolph-1024x1280.jpg 1024w\" sizes=\"auto, (max-width: 1080px) 100vw, 1080px\" \/><\/p>\n<p>\u2022 <strong>Kathleen Turner<\/strong> como <strong>Benjam\u00edn el burro<\/strong>.<\/p>\n<p><img loading=\"lazy\" decoding=\"async\" class=\"alignnone size-full wp-image-23083\" src=\"http:\/\/moviecrazyplanet.com\/wp-content\/uploads\/2026\/09\/Rebelion-en-la-Granja-Kathleen-Turner-Benjamin.jpg\" alt=\"\" width=\"1080\" height=\"1350\" srcset=\"https:\/\/moviecrazyplanet.com\/wp-content\/uploads\/2026\/09\/Rebelion-en-la-Granja-Kathleen-Turner-Benjamin.jpg 1080w, https:\/\/moviecrazyplanet.com\/wp-content\/uploads\/2026\/09\/Rebelion-en-la-Granja-Kathleen-Turner-Benjamin-240x300.jpg 240w, https:\/\/moviecrazyplanet.com\/wp-content\/uploads\/2026\/09\/Rebelion-en-la-Granja-Kathleen-Turner-Benjamin-819x1024.jpg 819w, https:\/\/moviecrazyplanet.com\/wp-content\/uploads\/2026\/09\/Rebelion-en-la-Granja-Kathleen-Turner-Benjamin-768x960.jpg 768w, https:\/\/moviecrazyplanet.com\/wp-content\/uploads\/2026\/09\/Rebelion-en-la-Granja-Kathleen-Turner-Benjamin-1024x1280.jpg 1024w\" sizes=\"auto, (max-width: 1080px) 100vw, 1080px\" \/><\/p>\n<p>\u2022 <strong>Iman Vellani<\/strong> como los lechones <strong>Puff<\/strong> y <strong>Tammy<\/strong>, amigos cercanos de <strong>Lucky.<\/strong><\/p>\n<p><img loading=\"lazy\" decoding=\"async\" class=\"alignnone size-full wp-image-23081\" src=\"http:\/\/moviecrazyplanet.com\/wp-content\/uploads\/2026\/09\/Rebelion-en-la-Granja-Iman-Vellani-Puff-y-Tammy.jpg\" alt=\"\" width=\"1080\" height=\"1350\" srcset=\"https:\/\/moviecrazyplanet.com\/wp-content\/uploads\/2026\/09\/Rebelion-en-la-Granja-Iman-Vellani-Puff-y-Tammy.jpg 1080w, https:\/\/moviecrazyplanet.com\/wp-content\/uploads\/2026\/09\/Rebelion-en-la-Granja-Iman-Vellani-Puff-y-Tammy-240x300.jpg 240w, https:\/\/moviecrazyplanet.com\/wp-content\/uploads\/2026\/09\/Rebelion-en-la-Granja-Iman-Vellani-Puff-y-Tammy-819x1024.jpg 819w, https:\/\/moviecrazyplanet.com\/wp-content\/uploads\/2026\/09\/Rebelion-en-la-Granja-Iman-Vellani-Puff-y-Tammy-768x960.jpg 768w, https:\/\/moviecrazyplanet.com\/wp-content\/uploads\/2026\/09\/Rebelion-en-la-Granja-Iman-Vellani-Puff-y-Tammy-1024x1280.jpg 1024w\" sizes=\"auto, (max-width: 1080px) 100vw, 1080px\" \/><\/p>\n<p>Usando su modelo impulsado por miembros del Gremio de los \u00c1ngeles, <strong>Angel<\/strong>\u00a0est\u00e1 dedicado a asegurar que Rebeli\u00f3n resuene tanto con los lectores de larga data del cl\u00e1sico de <strong>Orwell<\/strong> como con las nuevas generaciones que descubren sus temas por primera vez.<\/p>\n<p><img loading=\"lazy\" decoding=\"async\" class=\"alignnone size-full wp-image-23075\" src=\"http:\/\/moviecrazyplanet.com\/wp-content\/uploads\/2026\/09\/Rebelion-en-la-Granja-Poster-Oficial.jpg\" alt=\"\" width=\"1296\" height=\"1920\" srcset=\"https:\/\/moviecrazyplanet.com\/wp-content\/uploads\/2026\/09\/Rebelion-en-la-Granja-Poster-Oficial.jpg 1296w, https:\/\/moviecrazyplanet.com\/wp-content\/uploads\/2026\/09\/Rebelion-en-la-Granja-Poster-Oficial-203x300.jpg 203w, https:\/\/moviecrazyplanet.com\/wp-content\/uploads\/2026\/09\/Rebelion-en-la-Granja-Poster-Oficial-691x1024.jpg 691w, https:\/\/moviecrazyplanet.com\/wp-content\/uploads\/2026\/09\/Rebelion-en-la-Granja-Poster-Oficial-768x1138.jpg 768w, https:\/\/moviecrazyplanet.com\/wp-content\/uploads\/2026\/09\/Rebelion-en-la-Granja-Poster-Oficial-1037x1536.jpg 1037w, https:\/\/moviecrazyplanet.com\/wp-content\/uploads\/2026\/09\/Rebelion-en-la-Granja-Poster-Oficial-1024x1517.jpg 1024w\" sizes=\"auto, (max-width: 1296px) 100vw, 1296px\" \/><\/p>\n<p>La adaptaci\u00f3n de <strong>Andy Serkis<\/strong> de la novela cl\u00e1sica cuenta con un elenco estelar que incluye a <strong>Seth Rogen, Glenn Close, Kieran Culkin<\/strong> y<strong> Woody Harrelson<\/strong> en las voces originales de los personajes de <strong>Rebeli\u00f3n en la Granja<\/strong> y llegar\u00e1 a los cines de Latinoam\u00e9rica el <strong>3 de septiembre de 2026.<\/strong><\/p>\n<p><iframe loading=\"lazy\" title=\"Rebeli\u00f3n En La Granja |Trailer Oficial Doblado | Angel LATAM\" width=\"640\" height=\"360\" src=\"https:\/\/www.youtube.com\/embed\/C9_LZZqoBjg?feature=oembed\" frameborder=\"0\" allow=\"accelerometer; autoplay; clipboard-write; encrypted-media; gyroscope; picture-in-picture; web-share\" referrerpolicy=\"strict-origin-when-cross-origin\" allowfullscreen><\/iframe><\/p>\n<p><img loading=\"lazy\" decoding=\"async\" class=\"alignnone size-full wp-image-12734\" src=\"http:\/\/moviecrazyplanet.com\/wp-content\/uploads\/2025\/04\/Angel-Studios.png\" alt=\"\" width=\"806\" height=\"368\" srcset=\"https:\/\/moviecrazyplanet.com\/wp-content\/uploads\/2025\/04\/Angel-Studios.png 806w, https:\/\/moviecrazyplanet.com\/wp-content\/uploads\/2025\/04\/Angel-Studios-300x137.png 300w, https:\/\/moviecrazyplanet.com\/wp-content\/uploads\/2025\/04\/Angel-Studios-768x351.png 768w\" sizes=\"auto, (max-width: 806px) 100vw, 806px\" \/><\/p>\n<p>Con informaci\u00f3n de <strong>Angel Studios<\/strong> gracias a <strong>Satus Media<\/strong>.<\/p>\n","protected":false},"excerpt":{"rendered":"<p>Angel\u00a0ha anunciado la adquisici\u00f3n de los derechos de distribuci\u00f3n en cines para la muy esperada adaptaci\u00f3n animada de\u00a0\u201cRebeli\u00f3n en la Granja\u201d\u00a0(de\u00a0George Orwell), dirigida por Andy Serkis. \u00a0Con un elenco de voces legendario, \u201cRebeli\u00f3n en la granja\u201d\u00a0fue producida por Adam Nagle y Dave Rosenbaum para Aniventure, y por Jonathan Cavendish y Andy Serkis para\u00a0Imaginarium Productions, contando [&hellip;]<\/p>\n","protected":false},"author":2,"featured_media":23085,"comment_status":"open","ping_status":"open","sticky":false,"template":"","format":"standard","meta":{"footnotes":""},"categories":[152,55,57,59],"tags":[],"class_list":["post-23074","post","type-post","status-publish","format-standard","has-post-thumbnail","hentry","category-angel-studios","category-aventura","category-comedia","category-drama"],"_links":{"self":[{"href":"https:\/\/moviecrazyplanet.com\/index.php?rest_route=\/wp\/v2\/posts\/23074","targetHints":{"allow":["GET"]}}],"collection":[{"href":"https:\/\/moviecrazyplanet.com\/index.php?rest_route=\/wp\/v2\/posts"}],"about":[{"href":"https:\/\/moviecrazyplanet.com\/index.php?rest_route=\/wp\/v2\/types\/post"}],"author":[{"embeddable":true,"href":"https:\/\/moviecrazyplanet.com\/index.php?rest_route=\/wp\/v2\/users\/2"}],"replies":[{"embeddable":true,"href":"https:\/\/moviecrazyplanet.com\/index.php?rest_route=%2Fwp%2Fv2%2Fcomments&post=23074"}],"version-history":[{"count":3,"href":"https:\/\/moviecrazyplanet.com\/index.php?rest_route=\/wp\/v2\/posts\/23074\/revisions"}],"predecessor-version":[{"id":23093,"href":"https:\/\/moviecrazyplanet.com\/index.php?rest_route=\/wp\/v2\/posts\/23074\/revisions\/23093"}],"wp:featuredmedia":[{"embeddable":true,"href":"https:\/\/moviecrazyplanet.com\/index.php?rest_route=\/wp\/v2\/media\/23085"}],"wp:attachment":[{"href":"https:\/\/moviecrazyplanet.com\/index.php?rest_route=%2Fwp%2Fv2%2Fmedia&parent=23074"}],"wp:term":[{"taxonomy":"category","embeddable":true,"href":"https:\/\/moviecrazyplanet.com\/index.php?rest_route=%2Fwp%2Fv2%2Fcategories&post=23074"},{"taxonomy":"post_tag","embeddable":true,"href":"https:\/\/moviecrazyplanet.com\/index.php?rest_route=%2Fwp%2Fv2%2Ftags&post=23074"}],"curies":[{"name":"wp","href":"https:\/\/api.w.org\/{rel}","templated":true}]}}