{"id":4108,"date":"2024-01-15T17:51:52","date_gmt":"2024-01-15T23:51:52","guid":{"rendered":"https:\/\/moviecrazyplanet.com\/?p=4108"},"modified":"2024-01-15T17:52:25","modified_gmt":"2024-01-15T23:52:25","slug":"no-pretendo-negar-primer-corte-musical-de-siempre-fui-yo-temporada-2","status":"publish","type":"post","link":"https:\/\/moviecrazyplanet.com\/?p=4108","title":{"rendered":"No Pretendo Negar, primer corte musical de Siempre Fui Yo temporada 2"},"content":{"rendered":"<p>Misterio, romance y un reencuentro inolvidable.<\/p>\n<p>Ya se puede escuchar y ver en las principales plataformas de audio y video la <strong>canci\u00f3n<\/strong> y el <strong>video musical<\/strong> de <strong>\u201dNo Pretendo Negar\u201d<\/strong>. El <strong>tema musical<\/strong> interpretado por <strong>Karol Sevilla<\/strong> y <strong>Pipe Bueno<\/strong> forma parte de la <strong>segunda temporada<\/strong> de la <strong>serie<\/strong> del sello <strong>Disney+ Original Productions<\/strong> <strong>Siempre Fui Yo<\/strong> que estrenar\u00e1 el <strong>17 de enero<\/strong> en la plataforma de streaming con todos sus episodios disponibles. La canci\u00f3n es el <strong>primer corte del \u00e1lbum<\/strong> de la <strong>nueva temporada<\/strong>, que est\u00e1 compuesto por <strong>ocho temas<\/strong> musicales originales.<\/p>\n<p><img loading=\"lazy\" decoding=\"async\" class=\"alignnone size-full wp-image-4122\" src=\"http:\/\/moviecrazyplanet.com\/wp-content\/uploads\/2024\/01\/55bde5ba2d12e09a2c4beb5a765a8fb0.804x800x1.jpg\" alt=\"\" width=\"804\" height=\"800\" srcset=\"https:\/\/moviecrazyplanet.com\/wp-content\/uploads\/2024\/01\/55bde5ba2d12e09a2c4beb5a765a8fb0.804x800x1.jpg 804w, https:\/\/moviecrazyplanet.com\/wp-content\/uploads\/2024\/01\/55bde5ba2d12e09a2c4beb5a765a8fb0.804x800x1-300x300.jpg 300w, https:\/\/moviecrazyplanet.com\/wp-content\/uploads\/2024\/01\/55bde5ba2d12e09a2c4beb5a765a8fb0.804x800x1-150x150.jpg 150w, https:\/\/moviecrazyplanet.com\/wp-content\/uploads\/2024\/01\/55bde5ba2d12e09a2c4beb5a765a8fb0.804x800x1-768x764.jpg 768w\" sizes=\"auto, (max-width: 804px) 100vw, 804px\" \/><\/p>\n<p>Protagonizado por <strong>Karol Sevilla<\/strong> y <strong>Pipe Bueno<\/strong>, el videoclip de <strong>\u201cNo pretendo negar\u201d<\/strong> revela <strong>nuevas im\u00e1genes<\/strong> de la <strong>segunda temporada<\/strong> de la serie y adelanta algo de lo que suceder\u00e1 con <em><strong>Lupe<\/strong><\/em> <strong>(Sevilla)<\/strong> y <em><strong>Noah<\/strong><\/em> <strong>(Bueno)<\/strong> en la continuaci\u00f3n de la historia. La canci\u00f3n se ubica dentro del g\u00e9nero de <strong>pop latino<\/strong> y es la puerta de entrada hacia el nuevo \u00e1lbum.<\/p>\n<p><img loading=\"lazy\" decoding=\"async\" class=\"alignnone size-full wp-image-4123\" src=\"http:\/\/moviecrazyplanet.com\/wp-content\/uploads\/2024\/01\/image004-1.jpg\" alt=\"\" width=\"749\" height=\"470\" srcset=\"https:\/\/moviecrazyplanet.com\/wp-content\/uploads\/2024\/01\/image004-1.jpg 749w, https:\/\/moviecrazyplanet.com\/wp-content\/uploads\/2024\/01\/image004-1-300x188.jpg 300w\" sizes=\"auto, (max-width: 749px) 100vw, 749px\" \/><\/p>\n<p>La segunda temporada de <strong>Siempre Fui Yo<\/strong> comienza <strong>tres a\u00f1os despu\u00e9s<\/strong> del concurso televisivo <strong>Lucas Martin Presenta: El Camino de El Fara\u00f3n,<\/strong> cuando sus participantes vuelven a encontrarse en la <strong>isla privada<\/strong> de <strong>Pipe<\/strong> <strong>(Jos\u00e9 Juli\u00e1n Gaviria)<\/strong> \u2014que ahora es uno de los <strong>rockstars<\/strong> m\u00e1s famosos de <strong>Colombia<\/strong>\u2014 para grabar un \u00e1lbum reencuentro. Todo ha cambiado de manera radical: mientras que <em><strong>Lupe<\/strong><\/em> (<strong>Karol Sevilla<\/strong>) est\u00e1 instalada en <strong>M\u00e9xico<\/strong> trabajando como <strong>periodista<\/strong>, <em><strong>Noah<\/strong><\/em><strong> (Pipe Bueno)<\/strong> pasa sus d\u00edas en un <strong>bar<\/strong> que hered\u00f3 de su familia en <strong>Colombia<\/strong>. Pareciera que el \u00e1lbum reencuentro es la oportunidad perfecta para que todos reconecten despu\u00e9s de tanto tiempo, pero todo se complica cuando en la primera noche desaparece un <strong>valioso collar<\/strong> que <em><strong>El Fara\u00f3n<\/strong><\/em> <strong>(Christian Tappan)<\/strong> obsequi\u00f3 a <em><strong>Lupe<\/strong><\/em>. De manera misteriosa e indescifrable, comienzan a salir a la luz los secretos de todos, creando tensi\u00f3n entre los viejos amigos y amenazando con destruir las vidas que construyeron.<\/p>\n<p><img loading=\"lazy\" decoding=\"async\" class=\"alignnone size-full wp-image-4116\" src=\"http:\/\/moviecrazyplanet.com\/wp-content\/uploads\/2024\/01\/images-2024-01-15T160938.937.jpeg\" alt=\"\" width=\"623\" height=\"492\" srcset=\"https:\/\/moviecrazyplanet.com\/wp-content\/uploads\/2024\/01\/images-2024-01-15T160938.937.jpeg 623w, https:\/\/moviecrazyplanet.com\/wp-content\/uploads\/2024\/01\/images-2024-01-15T160938.937-300x237.jpeg 300w\" sizes=\"auto, (max-width: 623px) 100vw, 623px\" \/><\/p>\n<p>Adem\u00e1s de presentar al elenco de la <strong>primera temporada<\/strong>, que se completa con <em><strong>Sim\u00f3n Savi<\/strong><\/em> (Charly), <strong>JULIANA<\/strong> (Angie), <strong>Dub\u00e1n Prado<\/strong> (Sammy) y <strong>Alejandro Guti\u00e9rrez<\/strong> (Kevin), en los episodios estreno se introducen personajes nuevos interpretados por <strong>Esther Sanz<\/strong> (Sofia), <strong>Melanie Dell\u2019Olmo<\/strong> (Zoe), <strong>David Penagos<\/strong> (Fran) y <strong>Eduardo P\u00e9rez<\/strong> (Benjam\u00edn).<\/p>\n<p><img loading=\"lazy\" decoding=\"async\" class=\"alignnone size-full wp-image-4124\" src=\"http:\/\/moviecrazyplanet.com\/wp-content\/uploads\/2024\/01\/Siempre-fui-yo-001.jpg\" alt=\"\" width=\"1080\" height=\"1014\" srcset=\"https:\/\/moviecrazyplanet.com\/wp-content\/uploads\/2024\/01\/Siempre-fui-yo-001.jpg 1080w, https:\/\/moviecrazyplanet.com\/wp-content\/uploads\/2024\/01\/Siempre-fui-yo-001-300x282.jpg 300w, https:\/\/moviecrazyplanet.com\/wp-content\/uploads\/2024\/01\/Siempre-fui-yo-001-1024x961.jpg 1024w, https:\/\/moviecrazyplanet.com\/wp-content\/uploads\/2024\/01\/Siempre-fui-yo-001-768x721.jpg 768w\" sizes=\"auto, (max-width: 1080px) 100vw, 1080px\" \/><\/p>\n<p>En la <strong>playlist<\/strong> de la serie que se puede encontrar en <strong>DisneyMusicLAVEVO<\/strong>, ya se puede ver el <strong>video musical<\/strong> de la canci\u00f3n <strong>\u201cSiempre Fui Yo\u201d<\/strong> estrenado el <strong>1\u00b0 de diciembre de 2023<\/strong>. A partir del estreno de la serie en <strong>Disney+<\/strong> el canal estar\u00e1 sumando <strong>novedades<\/strong> y <strong>nuevos videos musicales<\/strong>.<\/p>\n<p><iframe loading=\"lazy\" title=\"No pretendo negar (De &quot;Siempre Fui Yo 2&quot; | Disney+)\" width=\"640\" height=\"360\" src=\"https:\/\/www.youtube.com\/embed\/IFKuPTq4-5Q?feature=oembed\" frameborder=\"0\" allow=\"accelerometer; autoplay; clipboard-write; encrypted-media; gyroscope; picture-in-picture; web-share\" referrerpolicy=\"strict-origin-when-cross-origin\" allowfullscreen><\/iframe><\/p>\n<p>Los nuevos episodios de <strong>Siempre fui Yo<\/strong> estrenan el <strong>17 de enero<\/strong> en <strong>Disney+<\/strong> y marcan el regreso de los protagonistas a la continuaci\u00f3n de la historia.<\/p>\n<p>La <strong>segunda temporada<\/strong>\u00a0consta de <strong>ocho episodios<\/strong> de <strong>40 minutos<\/strong> de duraci\u00f3n.<\/p>\n<p><img loading=\"lazy\" decoding=\"async\" class=\"alignnone size-full wp-image-4121\" src=\"http:\/\/moviecrazyplanet.com\/wp-content\/uploads\/2024\/01\/images-2024-01-15T154514.302-1.jpeg\" alt=\"\" width=\"441\" height=\"554\" srcset=\"https:\/\/moviecrazyplanet.com\/wp-content\/uploads\/2024\/01\/images-2024-01-15T154514.302-1.jpeg 441w, https:\/\/moviecrazyplanet.com\/wp-content\/uploads\/2024\/01\/images-2024-01-15T154514.302-1-239x300.jpeg 239w\" sizes=\"auto, (max-width: 441px) 100vw, 441px\" \/><\/p>\n<p>La <strong>primera temporada<\/strong> de <strong>Siempre Fui Yo<\/strong> en su totalidad y el <strong>documental<\/strong> <strong>Siempre Fui Yo: Detr\u00e1s de la Historia<\/strong> se encuentran disponibles en <strong>Disney+<\/strong>.<\/p>\n<p><img loading=\"lazy\" decoding=\"async\" class=\"alignnone size-full wp-image-4118\" src=\"http:\/\/moviecrazyplanet.com\/wp-content\/uploads\/2024\/01\/images-2024-01-15T160515.670.jpeg\" alt=\"\" width=\"413\" height=\"542\" srcset=\"https:\/\/moviecrazyplanet.com\/wp-content\/uploads\/2024\/01\/images-2024-01-15T160515.670.jpeg 413w, https:\/\/moviecrazyplanet.com\/wp-content\/uploads\/2024\/01\/images-2024-01-15T160515.670-229x300.jpeg 229w\" sizes=\"auto, (max-width: 413px) 100vw, 413px\" \/><\/p>\n<p><a href=\"https:\/\/www.disneyplus.com\/es-mx\"><img loading=\"lazy\" decoding=\"async\" class=\"alignnone wp-image-2679\" src=\"http:\/\/moviecrazyplanet.com\/wp-content\/uploads\/2023\/11\/disney_logo_nov_2021_rbg_0fa74b54-1.jpeg\" alt=\"\" width=\"1920\" height=\"1080\" srcset=\"https:\/\/moviecrazyplanet.com\/wp-content\/uploads\/2023\/11\/disney_logo_nov_2021_rbg_0fa74b54-1.jpeg 1920w, https:\/\/moviecrazyplanet.com\/wp-content\/uploads\/2023\/11\/disney_logo_nov_2021_rbg_0fa74b54-1-300x169.jpeg 300w, https:\/\/moviecrazyplanet.com\/wp-content\/uploads\/2023\/11\/disney_logo_nov_2021_rbg_0fa74b54-1-1024x576.jpeg 1024w, https:\/\/moviecrazyplanet.com\/wp-content\/uploads\/2023\/11\/disney_logo_nov_2021_rbg_0fa74b54-1-768x432.jpeg 768w, https:\/\/moviecrazyplanet.com\/wp-content\/uploads\/2023\/11\/disney_logo_nov_2021_rbg_0fa74b54-1-1536x864.jpeg 1536w, https:\/\/moviecrazyplanet.com\/wp-content\/uploads\/2023\/11\/disney_logo_nov_2021_rbg_0fa74b54-1-1280x720.jpeg 1280w\" sizes=\"auto, (max-width: 1920px) 100vw, 1920px\" \/><\/a><\/p>\n<p>Con informaci\u00f3n de <strong>Disney+<\/strong> gracias a <strong>Prensa Disney M\u00e9xico<\/strong>.<\/p>\n","protected":false},"excerpt":{"rendered":"<p>Misterio, romance y un reencuentro inolvidable. Ya se puede escuchar y ver en las principales plataformas de audio y video la canci\u00f3n y el video musical de \u201dNo Pretendo Negar\u201d. El tema musical interpretado por Karol Sevilla y Pipe Bueno forma parte de la segunda temporada de la serie del sello Disney+ Original Productions Siempre [&hellip;]<\/p>\n","protected":false},"author":2,"featured_media":4119,"comment_status":"open","ping_status":"open","sticky":false,"template":"","format":"standard","meta":{"footnotes":""},"categories":[72,59,88,105],"tags":[],"class_list":["post-4108","post","type-post","status-publish","format-standard","has-post-thumbnail","hentry","category-disney","category-drama","category-misterio","category-musical"],"_links":{"self":[{"href":"https:\/\/moviecrazyplanet.com\/index.php?rest_route=\/wp\/v2\/posts\/4108","targetHints":{"allow":["GET"]}}],"collection":[{"href":"https:\/\/moviecrazyplanet.com\/index.php?rest_route=\/wp\/v2\/posts"}],"about":[{"href":"https:\/\/moviecrazyplanet.com\/index.php?rest_route=\/wp\/v2\/types\/post"}],"author":[{"embeddable":true,"href":"https:\/\/moviecrazyplanet.com\/index.php?rest_route=\/wp\/v2\/users\/2"}],"replies":[{"embeddable":true,"href":"https:\/\/moviecrazyplanet.com\/index.php?rest_route=%2Fwp%2Fv2%2Fcomments&post=4108"}],"version-history":[{"count":3,"href":"https:\/\/moviecrazyplanet.com\/index.php?rest_route=\/wp\/v2\/posts\/4108\/revisions"}],"predecessor-version":[{"id":4127,"href":"https:\/\/moviecrazyplanet.com\/index.php?rest_route=\/wp\/v2\/posts\/4108\/revisions\/4127"}],"wp:featuredmedia":[{"embeddable":true,"href":"https:\/\/moviecrazyplanet.com\/index.php?rest_route=\/wp\/v2\/media\/4119"}],"wp:attachment":[{"href":"https:\/\/moviecrazyplanet.com\/index.php?rest_route=%2Fwp%2Fv2%2Fmedia&parent=4108"}],"wp:term":[{"taxonomy":"category","embeddable":true,"href":"https:\/\/moviecrazyplanet.com\/index.php?rest_route=%2Fwp%2Fv2%2Fcategories&post=4108"},{"taxonomy":"post_tag","embeddable":true,"href":"https:\/\/moviecrazyplanet.com\/index.php?rest_route=%2Fwp%2Fv2%2Ftags&post=4108"}],"curies":[{"name":"wp","href":"https:\/\/api.w.org\/{rel}","templated":true}]}}