{"id":4487,"date":"2024-01-27T20:08:54","date_gmt":"2024-01-28T02:08:54","guid":{"rendered":"https:\/\/moviecrazyplanet.com\/?p=4487"},"modified":"2024-01-27T20:08:54","modified_gmt":"2024-01-28T02:08:54","slug":"estrenos-apple-tv-2024","status":"publish","type":"post","link":"https:\/\/moviecrazyplanet.com\/?p=4487","title":{"rendered":"Estrenos Apple TV+ 2024"},"content":{"rendered":"<p>Estrenos Apple TV+ primer trimestre 2024<\/p>\n<p><strong>\u2022 Masters of the Air<\/strong><br \/>\nNueva Serie Limitada<br \/>\n<strong>Viernes 26 de enero de 2024<\/strong> por <strong>Apple TV+<\/strong><\/p>\n<p><a href=\"https:\/\/tv.apple.com\/us\/show\/los-amos-del-aire\/umc.cmc.7bxcni0vwgll9kmicq738k5q2?l=es-MX\" target=\"_blank\" rel=\"noopener\"><img loading=\"lazy\" decoding=\"async\" class=\"alignnone size-full wp-image-4497\" src=\"http:\/\/moviecrazyplanet.com\/wp-content\/uploads\/2024\/01\/Captura-de-pantalla-2024-01-19-a-las-10.55.31.png\" alt=\"\" width=\"1174\" height=\"660\" srcset=\"https:\/\/moviecrazyplanet.com\/wp-content\/uploads\/2024\/01\/Captura-de-pantalla-2024-01-19-a-las-10.55.31.png 1174w, https:\/\/moviecrazyplanet.com\/wp-content\/uploads\/2024\/01\/Captura-de-pantalla-2024-01-19-a-las-10.55.31-300x169.png 300w, https:\/\/moviecrazyplanet.com\/wp-content\/uploads\/2024\/01\/Captura-de-pantalla-2024-01-19-a-las-10.55.31-1024x576.png 1024w, https:\/\/moviecrazyplanet.com\/wp-content\/uploads\/2024\/01\/Captura-de-pantalla-2024-01-19-a-las-10.55.31-768x432.png 768w\" sizes=\"auto, (max-width: 1174px) 100vw, 1174px\" \/><\/a><\/p>\n<p dir=\"ltr\">Reuniendo al galardonado equipo de <strong>Steven Spielberg<\/strong>, <strong>Tom Hanks<\/strong> y <strong>Gary Goetzman<\/strong>, quienes tambi\u00e9n produjeron \u201c<strong>Band of Brothers<\/strong>\u201d y \u201c<strong>The Pacific<\/strong>\u201d, \u201c<strong>Masters of the Air<\/strong>\u201d es un drama lleno de acci\u00f3n que sigue la historia real de un grupo de <strong>bombarderos estadounidenses<\/strong> en la <strong>Segunda Guerra Mundial<\/strong>.<\/p>\n<p dir=\"ltr\">Basada en el libro hom\u00f3nimo de <strong>Donald L. Miller<\/strong> y con gui\u00f3n de <strong>John Orloff<\/strong>, \u201c<strong>Masters of the Air<\/strong>\u201d sigue a los hombres del <strong>100th Bomb Group<\/strong> (mejor conocido como el \u201c<strong>Bloody Hundredth<\/strong>\u201d) mientras llevan a cabo peligrosos bombardeos sobre la <strong>Alemania nazi<\/strong> y luchan contra con las g\u00e9lidas condiciones, la falta de ox\u00edgeno y el puro terror del combate realizado a 25.000 pies de altura. Retratar el precio psicol\u00f3gico y emocional que pagaron estos j\u00f3venes mientras ayudaron a destruir el horror del <strong>Tercer Reich de Hitler<\/strong> es la esencia de \u201c<strong>Masters of the Air<\/strong>.\u201d Algunos fueron <strong>abatidos y capturados<\/strong>; otros tantos resultaron <strong>heridos o muertos<\/strong>. Y algunos m\u00e1s tuvieron la suerte de regresar a casa. Independientemente del destino individual, todos pagaron un precio.<\/p>\n<p dir=\"ltr\">Proveniente de <strong>Apple Studios<\/strong>, \u00ab<strong>Masters of the Air<\/strong>\u00bb cuenta con la producci\u00f3n ejecutiva de <strong>Spielberg<\/strong>, <strong>Hanks<\/strong> y <strong>Goetzman<\/strong>, y presenta un elenco estelar liderado por el nominado al Oscar <strong>Austin Butler<\/strong>, <strong>Callum Turner<\/strong>, <strong>Anthony Boyle<\/strong>, <strong>Nate Mann<\/strong>, <strong>Rafferty Law<\/strong>, el nominado al Oscar <strong>Barry Keoghan<\/strong>, <strong>Josiah Cross<\/strong>, <strong>Branden Cook<\/strong> y <strong>Ncuti Gatwa<\/strong>.<\/p>\n<p>&nbsp;<\/p>\n<p><strong>\u2022 Aventuras Sago Mini<\/strong><br \/>\nSegunda Temporada<br \/>\n<strong>Viernes 26 de enero<\/strong> por <strong>Apple TV+<\/strong><\/p>\n<p dir=\"ltr\"><a href=\"https:\/\/tv.apple.com\/us\/show\/aventuras-sago-mini\/umc.cmc.4ckulbycyeuavnlen3du06vvy?l=es-MX\" target=\"_blank\" rel=\"noopener\"><img loading=\"lazy\" decoding=\"async\" class=\"alignnone size-full wp-image-4496\" src=\"http:\/\/moviecrazyplanet.com\/wp-content\/uploads\/2024\/01\/Captura-de-pantalla-2024-01-19-a-las-11.04.05.png\" alt=\"\" width=\"1174\" height=\"658\" srcset=\"https:\/\/moviecrazyplanet.com\/wp-content\/uploads\/2024\/01\/Captura-de-pantalla-2024-01-19-a-las-11.04.05.png 1174w, https:\/\/moviecrazyplanet.com\/wp-content\/uploads\/2024\/01\/Captura-de-pantalla-2024-01-19-a-las-11.04.05-300x168.png 300w, https:\/\/moviecrazyplanet.com\/wp-content\/uploads\/2024\/01\/Captura-de-pantalla-2024-01-19-a-las-11.04.05-1024x574.png 1024w, https:\/\/moviecrazyplanet.com\/wp-content\/uploads\/2024\/01\/Captura-de-pantalla-2024-01-19-a-las-11.04.05-768x430.png 768w\" sizes=\"auto, (max-width: 1174px) 100vw, 1174px\" \/><\/a><\/p>\n<div>\n<div>Basado en los encantadores personajes y los ingeniosos dise\u00f1os que aparecen en la popular y galardonada aplicaci\u00f3n <strong>Sago Mini World<\/strong>, desarrollada por <strong>Sago Mini<\/strong>, \u201c<strong>Aventuras Sago Mini<\/strong>\u201d es un adorable gui\u00f1o a la gratitud, destacando a <strong>Harvey<\/strong>, el <strong>perro de orejas ca\u00eddas<\/strong>, y sus mejores amigos, <strong>el gato Jinja<\/strong>, <strong>el conejo Jack<\/strong> y el <strong>p\u00e1jaro Robin<\/strong>. Junto con un elenco \u00fanico de residentes tan coloridos como su propio mundo, los cuatro amigos juegan, exploran, imaginan y celebran diariamente en su alegre <strong>ciudad de Sagoville<\/strong>. En cada episodio de la serie, reconocida por la selecci\u00f3n del <strong>Common Sense Media Selection for Families<\/strong>, <strong>Harvey<\/strong> y todos sus amigos expresan su verdadero agradecimiento por todas las cosas, grandes y peque\u00f1as, a trav\u00e9s del optimismo, la amabilidad, el humor apto para preescolares y canciones originales inolvidables.<\/div>\n<div><\/div>\n<\/div>\n<div>\u201c<strong>Aventuras Sago Mini<\/strong>\u201d es una producci\u00f3n ejecutiva de los nominados al premio <strong>Daytime Emmy Jennifer Dodge<\/strong> (\u201cPAW Patrol\u201d), <strong>Ronnen Harary<\/strong> (\u201cPAW Patrol\u201d), <strong>Tone Thyne<\/strong> (\u201cWonder Pets!\u201d) y <strong>Dustin Ferrer<\/strong> (\u201cEsme &amp; Roy\u201d) . Las nominadas al premio <strong>Daytime Emmy<\/strong> <strong>Laura Clunie<\/strong> (\u201cPAW Patrol\u201d) y <strong>Toni Stevens<\/strong> (\u201cPAW Patrol\u201d) son coproductoras ejecutivas, con <strong>Chad Hicks<\/strong> (\u201cKingdom Force\u201d) como director de la serie. La serie est\u00e1 producida por <strong>Spin Master<\/strong> <strong>Entertainment<\/strong> (\u201cPAW Patrol\u201d), nominada al premio <strong>Daytime Emmy<\/strong>, y animada por el estudio <strong>Brown Bag Films<\/strong>, ganador del premio <strong>Emmy de 9 Story Media Group<\/strong>. La <strong>Dra. Sonja Lyubomirsky<\/strong>, distinguida <strong>profesora de Psicolog\u00eda de la Universidad de California en Riverside<\/strong> y experta en la ciencia de la felicidad, act\u00faa como experta en gratitud en la serie a trav\u00e9s de la iniciativa <strong>changemakers<\/strong> de <strong>Apple TV+<\/strong>.<\/div>\n<p>&nbsp;<\/p>\n<p><strong>\u2022 Argylle<\/strong><br \/>\nNueva Pel\u00edcula <strong>Apple Original<\/strong><br \/>\n<strong>Viernes 2 de febrero<\/strong> estreno mundial en <strong>cines<\/strong><\/p>\n<p><a href=\"https:\/\/tv.apple.com\/us\/movie\/argylle-agente-secreto\/umc.cmc.3qy6j44hfqtekx6fx3yzh9w8i?l=es-MX\" target=\"_blank\" rel=\"noopener\"><img loading=\"lazy\" decoding=\"async\" class=\"alignnone size-full wp-image-4495\" src=\"http:\/\/moviecrazyplanet.com\/wp-content\/uploads\/2024\/01\/Captura-de-pantalla-2024-01-19-a-las-11.07.22.png\" alt=\"\" width=\"1168\" height=\"668\" srcset=\"https:\/\/moviecrazyplanet.com\/wp-content\/uploads\/2024\/01\/Captura-de-pantalla-2024-01-19-a-las-11.07.22.png 1168w, https:\/\/moviecrazyplanet.com\/wp-content\/uploads\/2024\/01\/Captura-de-pantalla-2024-01-19-a-las-11.07.22-300x172.png 300w, https:\/\/moviecrazyplanet.com\/wp-content\/uploads\/2024\/01\/Captura-de-pantalla-2024-01-19-a-las-11.07.22-1024x586.png 1024w, https:\/\/moviecrazyplanet.com\/wp-content\/uploads\/2024\/01\/Captura-de-pantalla-2024-01-19-a-las-11.07.22-768x439.png 768w\" sizes=\"auto, (max-width: 1168px) 100vw, 1168px\" \/><\/a><\/p>\n<p>Una pel\u00edcula <strong>Apple Original<\/strong> en asociaci\u00f3n con <strong>MARV<\/strong>, el muy esperado thriller de esp\u00edas \u201c<strong>Argylle<\/strong>\u201d proviene del aclamado director y productor <strong>Matthew Vaughn<\/strong>.<\/p>\n<p>\u201c<strong>Argylle<\/strong>\u201d sigue las aventuras trotamundos del <strong>superesp\u00eda Argylle<\/strong> a lo largo de los <strong>EE. UU.<\/strong>, <strong>Londres<\/strong> y otros <strong>lugares ex\u00f3ticos<\/strong>, con un reparto repleto de estrellas y galardonado que incluye a <strong>Henry Cavill<\/strong>, <strong>Bryce Dallas Howard<\/strong>, <strong>Sam Rockwell<\/strong>, <strong>Bryan Cranston<\/strong> y <strong>Catherine O&#8217;Hara<\/strong>, <strong>John Cena<\/strong>, <strong>Dua Lipa<\/strong>, <strong>Ariana DeBose<\/strong> y <strong>Samuel L. Jackson<\/strong>.<\/p>\n<p>Dirigida por <strong>Matthew Vaughn<\/strong>, \u201c<strong>Argylle<\/strong>\u201d se basa en un gui\u00f3n escrito por <strong>Jason Fuchs<\/strong>. La pel\u00edcula est\u00e1 producida por <strong>Cloudy Productions<\/strong> y los colaboradores habituales de <strong>Vaughn<\/strong>, <strong>Adam Bohling<\/strong> y <strong>David Reid<\/strong>, adem\u00e1s de <strong>Fuchs<\/strong>. <strong>Zygi Kamasa<\/strong>, <strong>Carlos Peres<\/strong>, <strong>Claudia Vaughn<\/strong> y <strong>Adam Fishbach<\/strong> son los productores ejecutivos.<\/p>\n<p>&nbsp;<\/p>\n<p><strong>\u2022 The New Look<\/strong><br \/>\nNueva Serie Dram\u00e1tica<br \/>\n<strong>Mi\u00e9rcoles 14 de febrero<\/strong> por <strong>Apple TV+<\/strong><\/p>\n<p><a href=\"https:\/\/tv.apple.com\/us\/show\/new-look\/umc.cmc.6m0i5dcn60uzl206qq6ibomeh?l=es-MX\" target=\"_blank\" rel=\"noopener\"><img loading=\"lazy\" decoding=\"async\" class=\"alignnone size-full wp-image-4494\" src=\"http:\/\/moviecrazyplanet.com\/wp-content\/uploads\/2024\/01\/Captura-de-pantalla-2024-01-19-a-las-11.06.30.png\" alt=\"\" width=\"1174\" height=\"658\" srcset=\"https:\/\/moviecrazyplanet.com\/wp-content\/uploads\/2024\/01\/Captura-de-pantalla-2024-01-19-a-las-11.06.30.png 1174w, https:\/\/moviecrazyplanet.com\/wp-content\/uploads\/2024\/01\/Captura-de-pantalla-2024-01-19-a-las-11.06.30-300x168.png 300w, https:\/\/moviecrazyplanet.com\/wp-content\/uploads\/2024\/01\/Captura-de-pantalla-2024-01-19-a-las-11.06.30-1024x574.png 1024w, https:\/\/moviecrazyplanet.com\/wp-content\/uploads\/2024\/01\/Captura-de-pantalla-2024-01-19-a-las-11.06.30-768x430.png 768w\" sizes=\"auto, (max-width: 1174px) 100vw, 1174px\" \/><\/a><\/p>\n<p>\u201c<strong>The New Look<\/strong>\u201d es una nueva apasionante serie dram\u00e1tica hist\u00f3rica de <strong>10 episodios<\/strong> de <strong>Todd A. Kessler<\/strong>, encabezada por un elenco que incluye al ganador del premio <strong>Emmy Ben Mendelsohn<\/strong> como \u201c<strong>Christian Dior<\/strong>\u201d; la ganadora del Oscar <strong>Juliette Binoche<\/strong> como &#8216;<em><strong>Coco Chanel<\/strong><\/em>&#8216;; <strong>Maisie Williams<\/strong> como \u00ab<em><strong>Catherine Dior<\/strong><\/em>\u00ab; <strong>John Malkovich<\/strong> como \u00ab<em><strong>Lucien Lelong<\/strong><\/em>\u00ab; <strong>Emily Mortimer<\/strong> como &#8216;<em><strong>Elsa Lombardi<\/strong><\/em>&#8216; y <strong>Claes Bang<\/strong> como &#8216;<em><strong>Spatz<\/strong><\/em>&#8216;. Inspirada en hechos reales y filmada por completo en <strong>Par\u00eds<\/strong>, \u00ab<strong>The New Look<\/strong>\u00bb se centra en los dise\u00f1adores de moda <strong>Christian Dior<\/strong>, <strong>Coco Chanel<\/strong> y sus contempor\u00e1neos mientras navegaban por los horrores de la <strong>segunda<\/strong> <strong>Guerra Mundial <\/strong>y\u00a0lanz\u00f3 la moda moderna.<\/p>\n<p>Ambientada en la ocupaci\u00f3n nazi de <strong>Par\u00eds<\/strong> durante la <strong>Segunda Guerra Mundial<\/strong>, \u201c<strong>The New Look<\/strong>\u201d se centra en el momento crucial del <strong>siglo XX<\/strong> en el que la ciudad francesa devolvi\u00f3 la vida al mundo a trav\u00e9s de su \u00edcono de la moda <strong>Christian Dior<\/strong>. A medida que <strong>Dior<\/strong> asciende a la prominencia con su innovadora e ic\u00f3nica huella de belleza e influencia, <strong>el reinado de Chanel<\/strong> como la dise\u00f1adora de moda m\u00e1s famosa del mundo se pone en peligro. La saga sigue las sorprendentes historias de los contempor\u00e1neos y rivales de <strong>Dior<\/strong>, desde <strong>Chanel<\/strong> hasta <strong>Pierre Balmain<\/strong>, <strong>Crist\u00f3bal Balenciaga<\/strong> y m\u00e1s; y ofrece una vista impresionante del taller, los dise\u00f1os y la ropa creados por <strong>Christian Dior<\/strong> a trav\u00e9s de la colaboraci\u00f3n con la <strong>Casa Dior<\/strong>.<\/p>\n<p>\u201c<strong>The New Look<\/strong>\u201d es una producci\u00f3n de <strong>Apple Studios<\/strong> y <strong>DB-AK Productions<\/strong>, y est\u00e1 escrita, producida y dirigida por <strong>Kessler<\/strong>. <strong>Lorenzo di Bonaventura<\/strong> y <strong>Mark Baker<\/strong> tambi\u00e9n son productores ejecutivos.<\/p>\n<p>&nbsp;<\/p>\n<p><strong>\u2022 New England Patriots: La Dinast\u00eda<\/strong><br \/>\nNueva Serie Documental<br \/>\n<strong>Viernes 16 de febrero<\/strong> por <strong>Apple TV+<\/strong><\/p>\n<p><a href=\"https:\/\/tv.apple.com\/us\/show\/new-england-patriots-la-dinastia\/umc.cmc.e399kebej378s053scn8nghf?l=es-MX\" target=\"_blank\" rel=\"noopener\"><img loading=\"lazy\" decoding=\"async\" class=\"alignnone size-full wp-image-4493\" src=\"http:\/\/moviecrazyplanet.com\/wp-content\/uploads\/2024\/01\/Captura-de-pantalla-2024-01-19-a-las-11.14.43.png\" alt=\"\" width=\"1172\" height=\"656\" srcset=\"https:\/\/moviecrazyplanet.com\/wp-content\/uploads\/2024\/01\/Captura-de-pantalla-2024-01-19-a-las-11.14.43.png 1172w, https:\/\/moviecrazyplanet.com\/wp-content\/uploads\/2024\/01\/Captura-de-pantalla-2024-01-19-a-las-11.14.43-300x168.png 300w, https:\/\/moviecrazyplanet.com\/wp-content\/uploads\/2024\/01\/Captura-de-pantalla-2024-01-19-a-las-11.14.43-1024x573.png 1024w, https:\/\/moviecrazyplanet.com\/wp-content\/uploads\/2024\/01\/Captura-de-pantalla-2024-01-19-a-las-11.14.43-768x430.png 768w\" sizes=\"auto, (max-width: 1172px) 100vw, 1172px\" \/><\/a><\/p>\n<p><strong>\u201cNew England Patriots: la Dinast\u00eda\u201d<\/strong> es un nuevo <strong>documental<\/strong> de <strong>10 partes<\/strong> de <strong>Imagine Documentaries<\/strong> de <strong>Brian Grazer<\/strong> y <strong>Ron Howard<\/strong>, que muestra el ascenso de la dinast\u00eda deportiva m\u00e1s dominante del <strong>siglo XXI<\/strong>, los <strong>New England Patriots<\/strong>, y trae al <strong>ex mariscal<\/strong> de campo <strong>Tom Brady<\/strong>, el entrenador <strong>Bill Belichick<\/strong> y el propietario <strong>Robert Kraft<\/strong> juntos mientras cuentan la historia definitiva del notable reinado del equipo.<\/p>\n<p>Con entrevistas con <strong>Kraft<\/strong>, <strong>Belichick<\/strong> y <strong>Brady<\/strong>, la serie ofrece acceso incomparable y charlas con jugadores, entrenadores y ejecutivos de los Patriots pasados \u200b\u200by presentes, incluidos <strong>Adam Vinatieri<\/strong>, <strong>Drew Bledsoe<\/strong>, <strong>Rob Gronkowski<\/strong>, <strong>Ty Law<\/strong>, <strong>Bill Parcells<\/strong> y <strong>Jonathan Kraft<\/strong>; dirigentes de la liga y periodistas deportivos como <strong>Roger Goodell<\/strong>, <strong>Al Michaels<\/strong> y <strong>Howard Bryant<\/strong>; y fans de alto perfil, como <strong>Jon Bon Jovi<\/strong>, <strong>Bill Burr<\/strong>, <strong>Rupert Murdoch<\/strong> y muchos m\u00e1s. La serie documental explora el viaje de <strong>20 a\u00f1os de la franquicia<\/strong>, desde la qu\u00edmica \u00fanica que impuls\u00f3 <strong>seis victorias<\/strong> en el <strong>Super Bowl<\/strong> hasta la lucha interna que desat\u00f3 una <strong>guerra territorial<\/strong>. Desde la suite del propietario hasta los vestidores, la serie revela una mirada privilegiada al camino hacia la grandeza y al costo de ella.<\/p>\n<p>Dirigida por el cineasta ganador del premio <strong>Emmy Matthew Hamachek<\/strong> (\u201cTiger\u201d), \u00ab<strong>New England Patriots: la Dinast\u00eda<\/strong>\u201d narra el ascenso y la trayectoria hist\u00f3rica de <strong>20 a\u00f1os<\/strong> de los <strong>Patriots<\/strong> durante la era <strong>Brady-Belichick-Kraft<\/strong>. La serie documental se basa en el libro m\u00e1s vendido del <strong>New York Times<\/strong>, aclamado por la cr\u00edtica y del mismo t\u00edtulo, escrito por el autor <strong>Jeff Benedict<\/strong>, pero va m\u00e1s all\u00e1 y se basa en miles de horas de secuencias de video y archivos de audio nunca antes vistos del archivo de la organizaci\u00f3n <strong>Patriots<\/strong>.<\/p>\n<p>&nbsp;<\/p>\n<p>\u2022 <strong>Constellation<\/strong><br \/>\nNuevo Thriller<br \/>\n<strong>Mi\u00e9rcoles 21 de febrero<\/strong> por <strong>Apple TV+<\/strong><\/p>\n<p><img loading=\"lazy\" decoding=\"async\" class=\"alignnone size-full wp-image-4492\" src=\"http:\/\/moviecrazyplanet.com\/wp-content\/uploads\/2024\/01\/Captura-de-pantalla-2024-01-19-a-las-11.19.42.png\" alt=\"\" width=\"1170\" height=\"486\" srcset=\"https:\/\/moviecrazyplanet.com\/wp-content\/uploads\/2024\/01\/Captura-de-pantalla-2024-01-19-a-las-11.19.42.png 1170w, https:\/\/moviecrazyplanet.com\/wp-content\/uploads\/2024\/01\/Captura-de-pantalla-2024-01-19-a-las-11.19.42-300x125.png 300w, https:\/\/moviecrazyplanet.com\/wp-content\/uploads\/2024\/01\/Captura-de-pantalla-2024-01-19-a-las-11.19.42-1024x425.png 1024w, https:\/\/moviecrazyplanet.com\/wp-content\/uploads\/2024\/01\/Captura-de-pantalla-2024-01-19-a-las-11.19.42-768x319.png 768w\" sizes=\"auto, (max-width: 1170px) 100vw, 1170px\" \/><\/p>\n<p>Un nuevo <strong>drama de suspenso psicol\u00f3gico<\/strong> de <strong>ocho cap\u00edtulos<\/strong>. La serie est\u00e1 basada en conspiraciones, y es protagonizada por <strong>Noomi Rapace<\/strong> y el nominado al premio Emmy <strong>Jonathan Banks<\/strong>, y creado y escrito por <strong>Peter Harness<\/strong>.<\/p>\n<p>\u201c<strong>Constellation<\/strong>\u201d est\u00e1 protagonizada por <strong>Rapace<\/strong> como <em><strong>Jo<\/strong><\/em>, una astronauta que regresa a la Tierra despu\u00e9s de un desastre en el espacio, solo para descubrir que parecen faltar piezas clave de su vida. La aventura espacial llena de acci\u00f3n es una exploraci\u00f3n de los bordes oscuros de la psicolog\u00eda humana y la b\u00fasqueda desesperada de una mujer para exponer la verdad sobre la historia oculta de los viajes espaciales y recuperar todo lo que ha perdido.<\/p>\n<p>Dirigida por la ganadora del premio Emmy <strong>Michelle MacLaren<\/strong>, el nominado al Oscar <strong>Oliver Hirschbiegel<\/strong> y el nominado al Oscar <strong>Joseph Cedar<\/strong>, \u201c<strong>Constellation<\/strong>\u201d tambi\u00e9n est\u00e1 protagonizada por <strong>James D&#8217;Arcy<\/strong>, <strong>Julian Looman<\/strong>, <strong>William Catlett<\/strong>, <strong>Barbara Sukowa<\/strong> y presenta a <strong>Rosie<\/strong> y <strong>Davina Coleman<\/strong> como <strong><em>Alice<\/em><\/strong>.<\/p>\n<p>&nbsp;<\/p>\n<p><strong>El Mundial de Messi: El Ascenso de la Leyenda<\/strong><br \/>\nNueva Docuserie<br \/>\n<strong>Mi\u00e9rcoles 21 de febrero<\/strong> por <strong>Apple TV+<\/strong><\/p>\n<p><a href=\"https:\/\/tv.apple.com\/us\/show\/el-mundial-de-messi-el-ascenso-de-la-leyenda\/umc.cmc.6hpxli71tx1zy1mwz7tutj94h\" target=\"_blank\" rel=\"noopener\"><img loading=\"lazy\" decoding=\"async\" class=\"alignnone size-full wp-image-4491\" src=\"http:\/\/moviecrazyplanet.com\/wp-content\/uploads\/2024\/01\/Captura-de-pantalla-2024-01-19-a-las-11.25.29.png\" alt=\"\" width=\"1174\" height=\"658\" srcset=\"https:\/\/moviecrazyplanet.com\/wp-content\/uploads\/2024\/01\/Captura-de-pantalla-2024-01-19-a-las-11.25.29.png 1174w, https:\/\/moviecrazyplanet.com\/wp-content\/uploads\/2024\/01\/Captura-de-pantalla-2024-01-19-a-las-11.25.29-300x168.png 300w, https:\/\/moviecrazyplanet.com\/wp-content\/uploads\/2024\/01\/Captura-de-pantalla-2024-01-19-a-las-11.25.29-1024x574.png 1024w, https:\/\/moviecrazyplanet.com\/wp-content\/uploads\/2024\/01\/Captura-de-pantalla-2024-01-19-a-las-11.25.29-768x430.png 768w\" sizes=\"auto, (max-width: 1174px) 100vw, 1174px\" \/><\/a><\/p>\n<p>\u201c<strong>El mundial de Messi: el ascenso de la leyenda<\/strong>,\u201d es una nueva docuserie de cuatro partes que destaca la emocionante historia del mejor atleta vivo del planeta, as\u00ed como la de sus leales seguidores en toda <strong>Argentina<\/strong> y aquellos que lo siguen en todas partes del mundo. La serie tambi\u00e9n presenta las entrevistas m\u00e1s personales hasta la fecha con <strong>Messi<\/strong>, junto con <strong>conversaciones<\/strong> con <strong>compa\u00f1eros de equipo<\/strong>, <strong>entrenadores<\/strong>, <strong>competidores<\/strong>, <strong>fans devotos<\/strong> y <strong>comentaristas<\/strong> que dan testimonio de la incre\u00edble influencia e impacto que tiene en el escenario nacional y mundial, junto con la gracia, la fortaleza y la fuerza de voluntad que ha expuesto a lo largo de su carrera. La <strong>docuserie<\/strong> traza el <strong>dram\u00e1tico camino<\/strong> desde su <strong>primer partido con la Selecci\u00f3n Argentina<\/strong> de futbol hasta llevar el peso de un pa\u00eds sobre sus hombros a trav\u00e9s de varias <strong>victorias en la Copa del Mundo<\/strong>, lo que lo llev\u00f3 a su <strong>retiro anticipado<\/strong> en <strong>2016<\/strong> y, en \u00faltima instancia, a su regreso para convertirse en el <strong>Campe\u00f3n de la Copa del Mundo<\/strong> y ser coronado como el <strong>mejor jugador del torneo de 2022<\/strong>.<\/p>\n<p>\u201c<strong>El mundial de Messi: el ascenso de la leyenda<\/strong>\u201d cuenta con la producci\u00f3n ejecutiva del ganador del premio Emmy <strong>Tim Pastore<\/strong> (\u201cFree Solo,\u201d \u201cJane\u201d), los ganadores de los premios <strong>Emmy<\/strong> y <strong>Tony Patrick Milling Smith<\/strong> y <strong>Brian Carmody<\/strong>, y el ganador del premio Emmy <strong>Matt Renner<\/strong> ( \u201cFree Solo,\u201d \u201cLimitless with Chris Hemsworth\u201d) de <strong>SMUGGLER Entertainment<\/strong>, junto a <strong>Jenna Millman<\/strong> (\u201cThe Dropout,\u201d \u201cTiger\u201d) y <strong>Juan Camilo Cruz<\/strong> (\u201cCity of Ghosts,\u201d \u201cIn Her Hands\u201d). La serie es producida para <strong>Apple<\/strong> por <strong>SMUGGLER Entertainment<\/strong> y en asociaci\u00f3n con <strong>Pegsa<\/strong>.<\/p>\n<p>&nbsp;<\/p>\n<p><strong>Las Aventuras Inventadas de Dick Turpin<\/strong><br \/>\nNueva Serie Limitada<br \/>\n<strong>Viernes 1 de marzo<\/strong> por <strong>Apple TV+<\/strong><\/p>\n<p><img loading=\"lazy\" decoding=\"async\" class=\"alignnone size-full wp-image-4490\" src=\"http:\/\/moviecrazyplanet.com\/wp-content\/uploads\/2024\/01\/Captura-de-pantalla-2024-01-19-a-las-11.31.32.png\" alt=\"\" width=\"1170\" height=\"774\" srcset=\"https:\/\/moviecrazyplanet.com\/wp-content\/uploads\/2024\/01\/Captura-de-pantalla-2024-01-19-a-las-11.31.32.png 1170w, https:\/\/moviecrazyplanet.com\/wp-content\/uploads\/2024\/01\/Captura-de-pantalla-2024-01-19-a-las-11.31.32-300x198.png 300w, https:\/\/moviecrazyplanet.com\/wp-content\/uploads\/2024\/01\/Captura-de-pantalla-2024-01-19-a-las-11.31.32-1024x677.png 1024w, https:\/\/moviecrazyplanet.com\/wp-content\/uploads\/2024\/01\/Captura-de-pantalla-2024-01-19-a-las-11.31.32-768x508.png 768w\" sizes=\"auto, (max-width: 1170px) 100vw, 1170px\" \/><\/p>\n<p>\u201c<strong>Las aventuras inventadas de Dick Turpin<\/strong>\u201d es una <strong>nueva serie<\/strong> de <strong>comedia<\/strong> y <strong>aventuras<\/strong> de <strong>seis episodios<\/strong> protagonizada por <strong>Noel Fielding<\/strong> (\u00abThe Mighty Boosh,\u00bb \u00abThe Great British Bake Off\u00bb) en el <strong>papel principal<\/strong> del <strong>legendario salteador de caminos brit\u00e1nico.<\/strong><\/p>\n<p><strong>Dick Turpin<\/strong> (Fielding) emprende un viaje de escapadas tremendamente absurdas cuando se convierte en el l\u00edder reacio de una banda de forajidos y se le asigna la tarea de burlar al corrupto agente de la ley y autoproclamado ladr\u00f3n <strong>Jonathan Wilde<\/strong> (Hugh Bonneville), mejor conocido como <em><strong>Thief Taker<\/strong><\/em>. En esta irreverente narraci\u00f3n ambientada en el <strong>siglo XVIII<\/strong>, <strong>Dick<\/strong> es el m\u00e1s famoso pero menos probable de los ladrones de caminos, cuyo \u00e9xito se define principalmente por su encanto, su talento para el espect\u00e1culo y su s\u00faper pelo. Junto con su pandilla de adorables p\u00edcaros, <strong>Dick<\/strong> atraviesa los altibajos de sus nuevos proyectos, incluido ser una celebridad, todo mientras intenta escapar de las garras del <em><strong>Thief Taker<\/strong><\/em>.<\/p>\n<p>Producida por <strong>Apple TV+<\/strong> y <strong>Big Talk Studios<\/strong>, parte de <strong>ITV Studios<\/strong>, \u201cLas aventuras inventadas de Dick Turpin\u201d est\u00e1 creada por <strong>Claire Downes<\/strong>, <strong>Ian Jarvis<\/strong> y <strong>Stuart Lane<\/strong>, y escrita por <strong>Jon Brittain<\/strong>, <strong>Richard Naylor<\/strong>, <strong>Claire Downes<\/strong>, <strong>Ian Jarvis<\/strong> y <strong>Stuart Lane<\/strong>, con <strong>Noel Fielding<\/strong>. La serie cuenta con la producci\u00f3n ejecutiva de <strong>Kenton Allen<\/strong>, <strong>Big Talk Studios<\/strong> (productor ganador de varios premios BAFTA, \u201cRev,\u201d \u201cThe Outlaws,\u201d \u201cFriday Night Dinner\u201d), <strong>Noel Fielding<\/strong>, <strong>Victoria Grew<\/strong>, <strong>Big Talk Studios<\/strong> (\u201cBack,\u201d \u201cNo estamos solos\u201d) y <strong>Ben Palmer<\/strong>.<\/p>\n<p>&nbsp;<\/p>\n<p><strong>La Caza del Asesino<\/strong><br \/>\nNueva Serie Limitada<br \/>\n<strong>Viernes 15 de marzo<\/strong> por <strong>Apple TV+<\/strong><\/p>\n<p><a href=\"https:\/\/tv.apple.com\/us\/show\/la-caza-del-asesino\/umc.cmc.3uqhvdplroersd5p2l72udkal\" target=\"_blank\" rel=\"noopener\"><img loading=\"lazy\" decoding=\"async\" class=\"alignnone size-full wp-image-4489\" src=\"http:\/\/moviecrazyplanet.com\/wp-content\/uploads\/2024\/01\/Captura-de-pantalla-2024-01-19-a-las-11.36.25.png\" alt=\"\" width=\"1172\" height=\"780\" srcset=\"https:\/\/moviecrazyplanet.com\/wp-content\/uploads\/2024\/01\/Captura-de-pantalla-2024-01-19-a-las-11.36.25.png 1172w, https:\/\/moviecrazyplanet.com\/wp-content\/uploads\/2024\/01\/Captura-de-pantalla-2024-01-19-a-las-11.36.25-300x200.png 300w, https:\/\/moviecrazyplanet.com\/wp-content\/uploads\/2024\/01\/Captura-de-pantalla-2024-01-19-a-las-11.36.25-1024x682.png 1024w, https:\/\/moviecrazyplanet.com\/wp-content\/uploads\/2024\/01\/Captura-de-pantalla-2024-01-19-a-las-11.36.25-768x511.png 768w\" sizes=\"auto, (max-width: 1172px) 100vw, 1172px\" \/><\/a><\/p>\n<p>Creada por la nominada al Emmy <strong>Monica Beletsky<\/strong>, quien tambi\u00e9n se desempe\u00f1a como showrunner y productora ejecutiva, \u201c<strong>La Caza del Asesino<\/strong>\u201d es una <strong>serie limitada<\/strong> de <strong>siete cap\u00edtulos<\/strong> sobre cr\u00edmenes reales protagonizada por el actor ganador del premio Emmy <strong>Tobias Menzies<\/strong> (\u201cThe Crown,\u201d \u201cGame of Thrones,\u201d \u201cOutlander\u201d), y basado en el libro de no ficci\u00f3n m\u00e1s vendido del <strong>New York Times<\/strong> y ganador del premio Edgar del autor <strong>James L. Swanson<\/strong>.<\/p>\n<p>\u201c<strong>La Caza del Asesino<\/strong>\u201d es un <strong>thriller<\/strong> de conspiraci\u00f3n sobre uno de los cr\u00edmenes m\u00e1s conocidos pero menos comprendidos de la historia: la asombrosa historia de la b\u00fasqueda de <strong>John Wilkes Booth<\/strong> tras el asesinato de <strong>Abraham Lincoln<\/strong>. Junto a <strong>Menzies<\/strong> protagonizan <strong>Anthony Boyle<\/strong> (\u201cTetris,\u201d \u201cThe Plot Against America\u201d), <strong>Lovie Simone<\/strong> (\u201cGreenleaf\u201d), <strong>Will Harrison<\/strong> (\u201cDaisy Jones &amp; The Six\u201d), <strong>Brandon Flynn<\/strong> (\u201c13 Reasons Why\u201d), <strong>Damian O&#8217;Hare<\/strong> (\u201cHatfields &amp; McCoys\u201d), <strong>Glenn Morshower<\/strong> (\u201cThe Resident\u201d), Patton Oswalt (\u201cA.P. Bio\u201d), Matt Walsh (\u201cVeep\u201d) y <strong>Hamish Linklater<\/strong> (\u201cThe Big Short\u201d).<\/p>\n<p>\u201c<strong>La Caza del Asesino<\/strong>\u201d es una producci\u00f3n de <strong>Apple Studios<\/strong> y coproducida por <strong>Lionsgate Television<\/strong>, en asociaci\u00f3n con <strong>POV Entertainment<\/strong>, <strong>Walden Media<\/strong>, <strong>3 Arts Entertainment<\/strong>, <strong>Dovetale Productions<\/strong> y <strong>Monarch Pictures<\/strong>. <strong>Beletsky<\/strong>, <strong>Franklin<\/strong>, <strong>Layne Eskridge<\/strong> y <strong>Kate Barry<\/strong> son productores ejecutivos. El nominado al Emmy<strong> Carl Franklin<\/strong> dirigi\u00f3 los dos primeros episodios y es productor ejecutivo de la serie.<\/p>\n<p>&nbsp;<\/p>\n<p><strong>Palm Royale<\/strong><br \/>\nNueva serie de comedia<br \/>\n<strong>Mi\u00e9rcoles 20 de marzo<\/strong> por <strong>Apple TV+<\/strong><\/p>\n<p><a href=\"https:\/\/tv.apple.com\/us\/show\/palm-royale\/umc.cmc.6vwg3ce7ovsexa3a6r7f6qk49\" target=\"_blank\" rel=\"noopener\"><img loading=\"lazy\" decoding=\"async\" class=\"alignnone size-full wp-image-4488\" src=\"http:\/\/moviecrazyplanet.com\/wp-content\/uploads\/2024\/01\/Captura-de-pantalla-2024-01-19-a-las-11.45.54.png\" alt=\"\" width=\"1172\" height=\"494\" srcset=\"https:\/\/moviecrazyplanet.com\/wp-content\/uploads\/2024\/01\/Captura-de-pantalla-2024-01-19-a-las-11.45.54.png 1172w, https:\/\/moviecrazyplanet.com\/wp-content\/uploads\/2024\/01\/Captura-de-pantalla-2024-01-19-a-las-11.45.54-300x126.png 300w, https:\/\/moviecrazyplanet.com\/wp-content\/uploads\/2024\/01\/Captura-de-pantalla-2024-01-19-a-las-11.45.54-1024x432.png 1024w, https:\/\/moviecrazyplanet.com\/wp-content\/uploads\/2024\/01\/Captura-de-pantalla-2024-01-19-a-las-11.45.54-768x324.png 768w\" sizes=\"auto, (max-width: 1172px) 100vw, 1172px\" \/><\/a><\/p>\n<p>\u201c<strong>Palm Royale<\/strong>\u201d es una nueva serie de comedia ambientada en <strong>Palm Beach<\/strong>, protagonizada por la <strong>nominada al<\/strong> <strong>Emmy<\/strong> y al <strong>Premio de la Academia Kristen Wiig<\/strong> junto a un elenco de renombre que incluye a las ganadoras del Oscar y del Emmy <strong>Laura Dern<\/strong> y <strong>Allison Janney<\/strong>, junto con <strong>Ricky Martin<\/strong>, <strong>Josh Lucas<\/strong>, <strong>Leslie Bibb<\/strong> y <strong>Amber Chardae Robinson<\/strong>, <strong>Mindy Cohn<\/strong>, <strong>Julia Duffy<\/strong> y <strong>Kaia Gerber<\/strong>. Con la participaci\u00f3n de estrellas invitadas especiales como el legendario <strong>Bruce Dern<\/strong> y la ic\u00f3nica y ganadora de m\u00faltiples premios <strong>Carol Burnett<\/strong>.<\/p>\n<p>Basada libremente en la novela \u201c<strong>Mr. and Mrs. American Pie<\/strong>\u201d de <strong>Juliet McDaniel<\/strong> y producida para <strong>Apple TV+<\/strong> por <strong>Apple Studios<\/strong>, \u201c<strong>Palm Royale<\/strong>\u201d es una historia sobre los desamparados que sigue a <strong>Maxine Simmons<\/strong> (<em><strong>Wiig<\/strong><\/em>) en su intento de entrar en la alta sociedad de <strong>Palm Beach<\/strong>. Mientras <strong>Maxine<\/strong> intenta cruzar esa l\u00ednea impermeable entre los que tienen y los que no, \u201c<strong>Palm Royale<\/strong>\u201d plantea la misma pregunta que todav\u00eda nos desconcierta hoy: \u201c\u00bfCu\u00e1nto de ti est\u00e1s dispuesto a sacrificar para conseguir lo que otra persona tiene?\u201d Ambientada durante <strong>1969<\/strong>, \u201c<strong>Palm Royale<\/strong>\u201d es un testimonio de cada outsider que lucha por su oportunidad de pertenecer verdaderamente.<\/p>\n<p>\u201c<strong>Palm Royale<\/strong>\u201d est\u00e1 escrita y producida por <strong>Abe Sylvia<\/strong> (quien tambi\u00e9n se desempe\u00f1a como show runner) para <strong>Aunt Sylvia&#8217;s Moving Picture Company<\/strong>, con los productores ejecutivos <strong>Laura Dern<\/strong> y <strong>Jayme Lemons<\/strong> para <strong>Jaywalker Pictures<\/strong>; <strong>Kristen Wiig<\/strong>, <strong>Katie O&#8217;Connell Marsh<\/strong>, <strong>Tate Taylor<\/strong> y <strong>John Norris<\/strong> para <strong>Wyolah Films<\/strong>, <strong>Sharr White<\/strong> y <strong>Sheri Holman<\/strong> y <strong>Boat Rocker<\/strong>. La serie est\u00e1 dirigida por <strong>Taylor<\/strong>, <strong>Sylvia<\/strong>, <strong>Claire Scanlon<\/strong> y <strong>Stephanie Laing<\/strong>.<\/p>\n<p><a href=\"https:\/\/tv.apple.com\/?l=es-MX\" target=\"_blank\" rel=\"noopener\"><img loading=\"lazy\" decoding=\"async\" class=\"alignnone size-full wp-image-2718\" src=\"http:\/\/moviecrazyplanet.com\/wp-content\/uploads\/2023\/11\/apple-tv.png\" alt=\"\" width=\"1200\" height=\"630\" srcset=\"https:\/\/moviecrazyplanet.com\/wp-content\/uploads\/2023\/11\/apple-tv.png 1200w, https:\/\/moviecrazyplanet.com\/wp-content\/uploads\/2023\/11\/apple-tv-300x158.png 300w, https:\/\/moviecrazyplanet.com\/wp-content\/uploads\/2023\/11\/apple-tv-1024x538.png 1024w, https:\/\/moviecrazyplanet.com\/wp-content\/uploads\/2023\/11\/apple-tv-768x403.png 768w\" sizes=\"auto, (max-width: 1200px) 100vw, 1200px\" \/><\/a><\/p>\n<p><img loading=\"lazy\" decoding=\"async\" class=\"alignnone size-full wp-image-4088\" src=\"http:\/\/moviecrazyplanet.com\/wp-content\/uploads\/2024\/01\/Apple-Original-Films-.jpeg\" alt=\"\" width=\"764\" height=\"401\" srcset=\"https:\/\/moviecrazyplanet.com\/wp-content\/uploads\/2024\/01\/Apple-Original-Films-.jpeg 764w, https:\/\/moviecrazyplanet.com\/wp-content\/uploads\/2024\/01\/Apple-Original-Films--300x157.jpeg 300w\" sizes=\"auto, (max-width: 764px) 100vw, 764px\" \/><\/p>\n<p>Con informaci\u00f3n de <strong>AppleTV+<\/strong> y <strong>Apple Original<\/strong> Films gracias a <strong>WGT<\/strong>.<\/p>\n","protected":false},"excerpt":{"rendered":"<p>Estrenos Apple TV+ primer trimestre 2024 \u2022 Masters of the Air Nueva Serie Limitada Viernes 26 de enero de 2024 por Apple TV+ Reuniendo al galardonado equipo de Steven Spielberg, Tom Hanks y Gary Goetzman, quienes tambi\u00e9n produjeron \u201cBand of Brothers\u201d y \u201cThe Pacific\u201d, \u201cMasters of the Air\u201d es un drama lleno de acci\u00f3n que [&hellip;]<\/p>\n","protected":false},"author":2,"featured_media":2718,"comment_status":"open","ping_status":"open","sticky":false,"template":"","format":"standard","meta":{"footnotes":""},"categories":[111,68],"tags":[],"class_list":["post-4487","post","type-post","status-publish","format-standard","has-post-thumbnail","hentry","category-appletv","category-estrenos"],"_links":{"self":[{"href":"https:\/\/moviecrazyplanet.com\/index.php?rest_route=\/wp\/v2\/posts\/4487","targetHints":{"allow":["GET"]}}],"collection":[{"href":"https:\/\/moviecrazyplanet.com\/index.php?rest_route=\/wp\/v2\/posts"}],"about":[{"href":"https:\/\/moviecrazyplanet.com\/index.php?rest_route=\/wp\/v2\/types\/post"}],"author":[{"embeddable":true,"href":"https:\/\/moviecrazyplanet.com\/index.php?rest_route=\/wp\/v2\/users\/2"}],"replies":[{"embeddable":true,"href":"https:\/\/moviecrazyplanet.com\/index.php?rest_route=%2Fwp%2Fv2%2Fcomments&post=4487"}],"version-history":[{"count":3,"href":"https:\/\/moviecrazyplanet.com\/index.php?rest_route=\/wp\/v2\/posts\/4487\/revisions"}],"predecessor-version":[{"id":4504,"href":"https:\/\/moviecrazyplanet.com\/index.php?rest_route=\/wp\/v2\/posts\/4487\/revisions\/4504"}],"wp:featuredmedia":[{"embeddable":true,"href":"https:\/\/moviecrazyplanet.com\/index.php?rest_route=\/wp\/v2\/media\/2718"}],"wp:attachment":[{"href":"https:\/\/moviecrazyplanet.com\/index.php?rest_route=%2Fwp%2Fv2%2Fmedia&parent=4487"}],"wp:term":[{"taxonomy":"category","embeddable":true,"href":"https:\/\/moviecrazyplanet.com\/index.php?rest_route=%2Fwp%2Fv2%2Fcategories&post=4487"},{"taxonomy":"post_tag","embeddable":true,"href":"https:\/\/moviecrazyplanet.com\/index.php?rest_route=%2Fwp%2Fv2%2Ftags&post=4487"}],"curies":[{"name":"wp","href":"https:\/\/api.w.org\/{rel}","templated":true}]}}