{"id":4857,"date":"2024-02-19T15:11:43","date_gmt":"2024-02-19T21:11:43","guid":{"rendered":"https:\/\/moviecrazyplanet.com\/?p=4857"},"modified":"2024-03-11T13:41:32","modified_gmt":"2024-03-11T19:41:32","slug":"star-live-presenta-vina-del-mar-2024","status":"publish","type":"post","link":"https:\/\/moviecrazyplanet.com\/?p=4857","title":{"rendered":"Star+ Live presenta Vi\u00f1a del Mar 2024"},"content":{"rendered":"<p style=\"font-weight: 400;\">En una nueva entrega del ciclo\u00a0<strong>\u201cStar+ Live\u201d<\/strong>,\u00a0desde el <strong>domingo\u00a025 hasta el viernes 1 de marzo<\/strong>, llegar\u00e1 en vivo y en directo a <strong>Star+<\/strong> la <strong>63\u00b0 edici\u00f3n<\/strong> del \u201c<strong>Festival Internacional de la Canci\u00f3n de Vi\u00f1a del Mar<\/strong>\u201d.\u00a0Desde el Anfiteatro de la <strong>Quinta Vergara<\/strong>, <strong>Vi\u00f1a del Mar<\/strong>, Chile, la transmisi\u00f3n exclusiva llegar\u00e1 al servicio de\u00a0<em>streaming\u00a0<\/em>para toda la audiencia de habla hispana de <strong>Latinoam\u00e9rica<\/strong>.<\/p>\n<p style=\"font-weight: 400;\"><img loading=\"lazy\" decoding=\"async\" class=\"alignnone size-full wp-image-4861\" src=\"http:\/\/moviecrazyplanet.com\/wp-content\/uploads\/2024\/02\/image002.jpg\" alt=\"\" width=\"716\" height=\"895\" srcset=\"https:\/\/moviecrazyplanet.com\/wp-content\/uploads\/2024\/02\/image002.jpg 716w, https:\/\/moviecrazyplanet.com\/wp-content\/uploads\/2024\/02\/image002-240x300.jpg 240w\" sizes=\"auto, (max-width: 716px) 100vw, 716px\" \/><\/p>\n<p style=\"font-weight: 400;\">Desde las <strong>21.20 hs<\/strong>. <strong>(Chile)<\/strong>,\u00a0los suscriptores de <strong>Star+<\/strong> tendr\u00e1n\u00a0acceso a una experiencia \u00fanica desde la primera fila de uno de los eventos m\u00e1s reconocidos en toda la regi\u00f3n por la calidad de sus invitados musicales y la presencia de artistas internacionales. El festival\u00a0contar\u00e1 con la animaci\u00f3n de los presentadores chilenos\u00a0<strong>Mar\u00eda Luisa Godoy<\/strong>\u00a0y\u00a0<strong>Francisco Saavedra<\/strong>\u00a0y con una imponente grilla de artistas que se presentar\u00e1n a lo largo de la semana: el domingo 25 se presentar\u00e1n\u00a0<strong>Alejandro Sanz<\/strong>\u00a0y\u00a0<strong>Manuel Turizo<\/strong>, el lunes 26\u00a0<strong>Andrea Bocelli\u00a0<\/strong>y<strong>\u00a0Miranda!<\/strong>, el martes 27 ser\u00e1 el turno de\u00a0<strong>Man\u00e1\u00a0<\/strong>y<strong>\u00a0Men At Work<\/strong>, el mi\u00e9rcoles 28 el de\u00a0<strong>Mora\u00a0<\/strong>y<strong>\u00a0Anitta<\/strong>, el jueves 29 se presentar\u00e1n\u00a0<strong>Los Bunkers<\/strong>\u00a0y\u00a0<strong>Young Cister<\/strong>, y el viernes 1 de marzo\u00a0<strong>Peso Pluma<\/strong>\u00a0y\u00a0<strong>Mar\u00eda Becerra\u00a0<\/strong>coronar\u00e1n la \u00faltima noche.<\/p>\n<p style=\"font-weight: 400;\"><img loading=\"lazy\" decoding=\"async\" class=\"alignnone size-full wp-image-4860\" src=\"http:\/\/moviecrazyplanet.com\/wp-content\/uploads\/2024\/02\/Vina-del-Mar-2024-pogramacion.jpg\" alt=\"\" width=\"640\" height=\"640\" srcset=\"https:\/\/moviecrazyplanet.com\/wp-content\/uploads\/2024\/02\/Vina-del-Mar-2024-pogramacion.jpg 640w, https:\/\/moviecrazyplanet.com\/wp-content\/uploads\/2024\/02\/Vina-del-Mar-2024-pogramacion-300x300.jpg 300w, https:\/\/moviecrazyplanet.com\/wp-content\/uploads\/2024\/02\/Vina-del-Mar-2024-pogramacion-150x150.jpg 150w\" sizes=\"auto, (max-width: 640px) 100vw, 640px\" \/><\/p>\n<p style=\"font-weight: 400;\">En tanto, los encargados de entregar <strong>humor<\/strong> las seis noches del Festival ser\u00e1n los artistas chilenos\u00a0<strong>Javiera Contador<\/strong>,\u00a0<strong>Alison Mandel<\/strong>,\u00a0<strong>Luis Slimming<\/strong>,\u00a0<strong>Alex Ortiz,<\/strong>\u00a0<strong>Sergio Freire<\/strong>\u00a0y\u00a0<strong>Luis Miranda<\/strong>.<\/p>\n<p style=\"font-weight: 400;\"><img loading=\"lazy\" decoding=\"async\" class=\"alignnone size-full wp-image-4859\" src=\"http:\/\/moviecrazyplanet.com\/wp-content\/uploads\/2024\/02\/Vina-del-Mar-2024-Humoristas.jpg\" alt=\"\" width=\"640\" height=\"640\" srcset=\"https:\/\/moviecrazyplanet.com\/wp-content\/uploads\/2024\/02\/Vina-del-Mar-2024-Humoristas.jpg 640w, https:\/\/moviecrazyplanet.com\/wp-content\/uploads\/2024\/02\/Vina-del-Mar-2024-Humoristas-300x300.jpg 300w, https:\/\/moviecrazyplanet.com\/wp-content\/uploads\/2024\/02\/Vina-del-Mar-2024-Humoristas-150x150.jpg 150w\" sizes=\"auto, (max-width: 640px) 100vw, 640px\" \/><\/p>\n<p style=\"font-weight: 400;\">El jurado del Festival estar\u00e1 compuesto por el cantante colombiano\u00a0<strong>Manuel Turizo<\/strong>; el cantante chileno\u00a0<strong>Young Cister<\/strong>; la cantante argentina\u00a0<strong>Mar\u00eda Becerra<\/strong>; el cantante, compositor argentino e integrante del grupo\u00a0<strong>Miranda!<\/strong>,\u00a0<strong>Ale Sergi<\/strong>; el periodista argentino especializado en m\u00fasica quien ha presentado en el \u00faltimo a\u00f1o ciclos de <strong>Star+ Live<\/strong> tales como \u201c<strong>Cosqu\u00edn Rock 2024\u201d, \u201cLos \u00c1ngeles Azules: Cumbia Sinf\u00f3nica para el Coraz\u00f3n\u201d\u00a0<\/strong>y<strong>\u00a0\u201cLa Renga: desde el fin del mundo<\/strong>\u201d,\u00a0<strong>Bebe Contepomi<\/strong>; la periodista y conductora de TVN,\u00a0<strong>Constanza Santa Mar\u00eda<\/strong>; la presentadora y periodista del programa \u201cT\u00fa D\u00eda\u201d de Canal 13,\u00a0<strong>Priscilla Vargas<\/strong>\u00a0y el conductor de Radio Coraz\u00f3n (Prisa Media) y periodista,\u00a0<strong>Alejandro Ch\u00e1vez<\/strong>.<\/p>\n<p style=\"font-weight: 400;\"><img loading=\"lazy\" decoding=\"async\" class=\"alignnone size-full wp-image-4858\" src=\"http:\/\/moviecrazyplanet.com\/wp-content\/uploads\/2024\/02\/Vina-del-Mar-Jurado.jpg\" alt=\"\" width=\"640\" height=\"640\" srcset=\"https:\/\/moviecrazyplanet.com\/wp-content\/uploads\/2024\/02\/Vina-del-Mar-Jurado.jpg 640w, https:\/\/moviecrazyplanet.com\/wp-content\/uploads\/2024\/02\/Vina-del-Mar-Jurado-300x300.jpg 300w, https:\/\/moviecrazyplanet.com\/wp-content\/uploads\/2024\/02\/Vina-del-Mar-Jurado-150x150.jpg 150w\" sizes=\"auto, (max-width: 640px) 100vw, 640px\" \/><\/p>\n<p style=\"font-weight: 400;\">El contenido de cada d\u00eda estar\u00e1 disponible en la plataforma <strong>Star+<\/strong> hasta <strong>48 horas despu\u00e9s<\/strong> de su emisi\u00f3n en vivo.<\/p>\n<p><iframe loading=\"lazy\" title=\"Parrilla completa Festival de Vi\u00f1a 2024\" width=\"640\" height=\"360\" src=\"https:\/\/www.youtube.com\/embed\/IyqCyOTgo_c?feature=oembed\" frameborder=\"0\" allow=\"accelerometer; autoplay; clipboard-write; encrypted-media; gyroscope; picture-in-picture; web-share\" referrerpolicy=\"strict-origin-when-cross-origin\" allowfullscreen><\/iframe><\/p>\n<p><a href=\"https:\/\/www.starplus.com\/es-mx?cid=DSS-Search-Google-71700000086244092-&amp;s_kwcid=AL!8468!3!542053728713!p!!g!!star%20plus.com&amp;gad_source=1&amp;gclid=CjwKCAiAlcyuBhBnEiwAOGZ2S3cDmxf-oGgfpqZIL2-pu7a7pdqmWgOhQMJtgk2RrTUZQ8j6-oQyJBoCfmUQAvD_BwE&amp;gclsrc=aw.ds\" target=\"_blank\" rel=\"noopener\"><img loading=\"lazy\" decoding=\"async\" class=\"alignnone size-full wp-image-2835\" src=\"http:\/\/moviecrazyplanet.com\/wp-content\/uploads\/2023\/11\/Star.png\" alt=\"\" width=\"1200\" height=\"630\" srcset=\"https:\/\/moviecrazyplanet.com\/wp-content\/uploads\/2023\/11\/Star.png 1200w, https:\/\/moviecrazyplanet.com\/wp-content\/uploads\/2023\/11\/Star-300x158.png 300w, https:\/\/moviecrazyplanet.com\/wp-content\/uploads\/2023\/11\/Star-1024x538.png 1024w, https:\/\/moviecrazyplanet.com\/wp-content\/uploads\/2023\/11\/Star-768x403.png 768w\" sizes=\"auto, (max-width: 1200px) 100vw, 1200px\" \/><\/a><\/p>\n<p>Con informaci\u00f3n de <strong>Star+<\/strong> gracias a<strong> Disney Prensa M\u00e9xico<\/strong>.<\/p>\n<p>&nbsp;<\/p>\n","protected":false},"excerpt":{"rendered":"<p>En una nueva entrega del ciclo\u00a0\u201cStar+ Live\u201d,\u00a0desde el domingo\u00a025 hasta el viernes 1 de marzo, llegar\u00e1 en vivo y en directo a Star+ la 63\u00b0 edici\u00f3n del \u201cFestival Internacional de la Canci\u00f3n de Vi\u00f1a del Mar\u201d.\u00a0Desde el Anfiteatro de la Quinta Vergara, Vi\u00f1a del Mar, Chile, la transmisi\u00f3n exclusiva llegar\u00e1 al servicio de\u00a0streaming\u00a0para toda la [&hellip;]<\/p>\n","protected":false},"author":2,"featured_media":4865,"comment_status":"open","ping_status":"open","sticky":false,"template":"","format":"standard","meta":{"footnotes":""},"categories":[65,108],"tags":[],"class_list":["post-4857","post","type-post","status-publish","format-standard","has-post-thumbnail","hentry","category-eventos-especiales","category-star"],"_links":{"self":[{"href":"https:\/\/moviecrazyplanet.com\/index.php?rest_route=\/wp\/v2\/posts\/4857","targetHints":{"allow":["GET"]}}],"collection":[{"href":"https:\/\/moviecrazyplanet.com\/index.php?rest_route=\/wp\/v2\/posts"}],"about":[{"href":"https:\/\/moviecrazyplanet.com\/index.php?rest_route=\/wp\/v2\/types\/post"}],"author":[{"embeddable":true,"href":"https:\/\/moviecrazyplanet.com\/index.php?rest_route=\/wp\/v2\/users\/2"}],"replies":[{"embeddable":true,"href":"https:\/\/moviecrazyplanet.com\/index.php?rest_route=%2Fwp%2Fv2%2Fcomments&post=4857"}],"version-history":[{"count":3,"href":"https:\/\/moviecrazyplanet.com\/index.php?rest_route=\/wp\/v2\/posts\/4857\/revisions"}],"predecessor-version":[{"id":5235,"href":"https:\/\/moviecrazyplanet.com\/index.php?rest_route=\/wp\/v2\/posts\/4857\/revisions\/5235"}],"wp:featuredmedia":[{"embeddable":true,"href":"https:\/\/moviecrazyplanet.com\/index.php?rest_route=\/wp\/v2\/media\/4865"}],"wp:attachment":[{"href":"https:\/\/moviecrazyplanet.com\/index.php?rest_route=%2Fwp%2Fv2%2Fmedia&parent=4857"}],"wp:term":[{"taxonomy":"category","embeddable":true,"href":"https:\/\/moviecrazyplanet.com\/index.php?rest_route=%2Fwp%2Fv2%2Fcategories&post=4857"},{"taxonomy":"post_tag","embeddable":true,"href":"https:\/\/moviecrazyplanet.com\/index.php?rest_route=%2Fwp%2Fv2%2Ftags&post=4857"}],"curies":[{"name":"wp","href":"https:\/\/api.w.org\/{rel}","templated":true}]}}