{"id":4919,"date":"2024-02-20T18:14:44","date_gmt":"2024-02-21T00:14:44","guid":{"rendered":"https:\/\/moviecrazyplanet.com\/?p=4919"},"modified":"2024-02-20T18:20:03","modified_gmt":"2024-02-21T00:20:03","slug":"el-halcon-emprende-el-vuelo","status":"publish","type":"post","link":"https:\/\/moviecrazyplanet.com\/?p=4919","title":{"rendered":"El Halc\u00f3n emprende el vuelo"},"content":{"rendered":"<p>Un superh\u00e9roe con alto nivel de colesterol.<\/p>\n<p>En esta esquina, una nueva producci\u00f3n mexicana titulada <strong>El Halc\u00f3n<\/strong> se prepara para su <strong>estreno en cines<\/strong> el pr\u00f3ximo <strong>jueves 29 de febrero<\/strong>. El reconocido realizador, productor, escritor y fundador de <strong>Vice Media M\u00e9xico<\/strong>, <strong>Eduardo Valenzuela<\/strong>, es la mente detr\u00e1s de este largometraje protagonizado por <strong>Guillermo Quintanilla<\/strong> e <strong>Ianis Guerrero<\/strong>. Aventura, humor negro y un superh\u00e9roe enmascarado que combate malhechores al mero estilo mexicano, son los ingredientes llevados a la cartelera nacional gracias a <strong>Cin\u00e9polis Distribuci\u00f3n<\/strong>.<\/p>\n<p><img loading=\"lazy\" decoding=\"async\" class=\"alignnone size-full wp-image-4922\" src=\"http:\/\/moviecrazyplanet.com\/wp-content\/uploads\/2024\/02\/image001.png\" alt=\"\" width=\"1501\" height=\"2250\" srcset=\"https:\/\/moviecrazyplanet.com\/wp-content\/uploads\/2024\/02\/image001.png 1501w, https:\/\/moviecrazyplanet.com\/wp-content\/uploads\/2024\/02\/image001-200x300.png 200w, https:\/\/moviecrazyplanet.com\/wp-content\/uploads\/2024\/02\/image001-683x1024.png 683w, https:\/\/moviecrazyplanet.com\/wp-content\/uploads\/2024\/02\/image001-768x1151.png 768w, https:\/\/moviecrazyplanet.com\/wp-content\/uploads\/2024\/02\/image001-1025x1536.png 1025w, https:\/\/moviecrazyplanet.com\/wp-content\/uploads\/2024\/02\/image001-1366x2048.png 1366w, https:\/\/moviecrazyplanet.com\/wp-content\/uploads\/2024\/02\/image001-1024x1535.png 1024w\" sizes=\"auto, (max-width: 1501px) 100vw, 1501px\" \/><\/p>\n<p>En sus d\u00edas de gloria, <strong>El Halc\u00f3n<\/strong> luchaba por la justicia hasta que un terrible suceso provoca la <strong>desaparici\u00f3n<\/strong> de todos los<strong> luchadores<\/strong> del ojo p\u00fablico. <strong>Treinta a\u00f1os despu\u00e9s<\/strong>, <strong>Ram\u00f3n<\/strong> &#8211; el luchador ya retirado, es due\u00f1o de una <strong>taquer\u00eda<\/strong> junto con su hijo <strong>Pancho<\/strong>, donde tienen que lidiar con una <strong>pandilla de maleantes<\/strong> que aterroriza a <strong>Tijuana<\/strong>. Cuando <strong>Pancho<\/strong> quiere poner un alto al crimen y <strong>ponerse la m\u00e1scara<\/strong>, es secuestrado por un <strong>viejo n\u00e9mesis<\/strong> de su padre: <strong>El Capit\u00e1n<\/strong>. <strong>Ram\u00f3n<\/strong> tendr\u00e1 que volver a usar la m\u00e1scara para rescatar a su hijo con ayuda de <strong>la detective Reyes<\/strong>. <strong>El Halc\u00f3n<\/strong> alzar\u00e1 el vuelo otra vez con sed de venganza.<\/p>\n<p><img loading=\"lazy\" decoding=\"async\" class=\"alignnone size-full wp-image-4926\" src=\"http:\/\/moviecrazyplanet.com\/wp-content\/uploads\/2024\/02\/EL-HALCON-7-scaled.jpg\" alt=\"\" width=\"2560\" height=\"1080\" srcset=\"https:\/\/moviecrazyplanet.com\/wp-content\/uploads\/2024\/02\/EL-HALCON-7-scaled.jpg 2560w, https:\/\/moviecrazyplanet.com\/wp-content\/uploads\/2024\/02\/EL-HALCON-7-300x127.jpg 300w, https:\/\/moviecrazyplanet.com\/wp-content\/uploads\/2024\/02\/EL-HALCON-7-1024x432.jpg 1024w, https:\/\/moviecrazyplanet.com\/wp-content\/uploads\/2024\/02\/EL-HALCON-7-768x324.jpg 768w, https:\/\/moviecrazyplanet.com\/wp-content\/uploads\/2024\/02\/EL-HALCON-7-1536x648.jpg 1536w, https:\/\/moviecrazyplanet.com\/wp-content\/uploads\/2024\/02\/EL-HALCON-7-2048x864.jpg 2048w\" sizes=\"auto, (max-width: 2560px) 100vw, 2560px\" \/><\/p>\n<p>Se trata de la <strong>primera parte<\/strong> de una <strong>trilog\u00eda<\/strong> en donde se busca la reivindicaci\u00f3n de la figura del <strong>superh\u00e9roe mexicano<\/strong> con el personaje de un luchador como protagonista. Cabe destacar que esta pel\u00edcula de ficci\u00f3n est\u00e1 basada en un <strong>deportista<\/strong> profesional <strong>de la vida<\/strong> real llamado <strong>Jos\u00e9 Luis Melchor Ortiz<\/strong>, popularmente conocido como <strong>Danny Ortiz<\/strong>, cuyo al\u00edas en el ring fue <strong>El Halc\u00f3n<\/strong>, quien estuvo activo en la d\u00e9cada de los <strong>70s, 80s <\/strong>y los<strong> 90s<\/strong>.<\/p>\n<p><img loading=\"lazy\" decoding=\"async\" class=\"alignnone size-full wp-image-4927\" src=\"http:\/\/moviecrazyplanet.com\/wp-content\/uploads\/2024\/02\/EL-HALCON-2-scaled.jpg\" alt=\"\" width=\"2560\" height=\"1080\" srcset=\"https:\/\/moviecrazyplanet.com\/wp-content\/uploads\/2024\/02\/EL-HALCON-2-scaled.jpg 2560w, https:\/\/moviecrazyplanet.com\/wp-content\/uploads\/2024\/02\/EL-HALCON-2-300x127.jpg 300w, https:\/\/moviecrazyplanet.com\/wp-content\/uploads\/2024\/02\/EL-HALCON-2-1024x432.jpg 1024w, https:\/\/moviecrazyplanet.com\/wp-content\/uploads\/2024\/02\/EL-HALCON-2-768x324.jpg 768w, https:\/\/moviecrazyplanet.com\/wp-content\/uploads\/2024\/02\/EL-HALCON-2-1536x648.jpg 1536w, https:\/\/moviecrazyplanet.com\/wp-content\/uploads\/2024\/02\/EL-HALCON-2-2048x864.jpg 2048w\" sizes=\"auto, (max-width: 2560px) 100vw, 2560px\" \/><\/p>\n<p>Producido por <strong>United Content<\/strong>, <strong>Amaury Vergara<\/strong>, <strong>Morgan Mason<\/strong>, <strong>Gabriel Stavenhagen<\/strong> y <strong>Armando Kuroda<\/strong>, esta pel\u00edcula de <strong>84 minutos<\/strong> de pura diversi\u00f3n, filmada en locaciones en <strong>Tijuana<\/strong>, <strong>Ensenada<\/strong> y <strong>Rosarito<\/strong> en <strong>Baja California<\/strong>, es un homenaje al <strong>cine de Lucha Libre<\/strong>, que tuvo su esplendor en la <strong>\u00c9poca de Oro del Cine Mexicano<\/strong>. Ahora, los enmascarados regresan en nuestra contemporaneidad con un estilo que recuerda a los primeros proyectos del director <strong>Robert Rodr\u00edguez<\/strong>.<\/p>\n<p><img loading=\"lazy\" decoding=\"async\" class=\"alignnone size-full wp-image-4928\" src=\"http:\/\/moviecrazyplanet.com\/wp-content\/uploads\/2024\/02\/EL-HALCON-3-scaled.jpg\" alt=\"\" width=\"2560\" height=\"1080\" srcset=\"https:\/\/moviecrazyplanet.com\/wp-content\/uploads\/2024\/02\/EL-HALCON-3-scaled.jpg 2560w, https:\/\/moviecrazyplanet.com\/wp-content\/uploads\/2024\/02\/EL-HALCON-3-300x127.jpg 300w, https:\/\/moviecrazyplanet.com\/wp-content\/uploads\/2024\/02\/EL-HALCON-3-1024x432.jpg 1024w, https:\/\/moviecrazyplanet.com\/wp-content\/uploads\/2024\/02\/EL-HALCON-3-768x324.jpg 768w, https:\/\/moviecrazyplanet.com\/wp-content\/uploads\/2024\/02\/EL-HALCON-3-1536x648.jpg 1536w, https:\/\/moviecrazyplanet.com\/wp-content\/uploads\/2024\/02\/EL-HALCON-3-2048x864.jpg 2048w\" sizes=\"auto, (max-width: 2560px) 100vw, 2560px\" \/><\/p>\n<p>\u201cAunque nuestra pel\u00edcula es un homenaje a la lucha libre mexicana, tambi\u00e9n toca muchos temas relevantes en nuestro pa\u00eds como el crimen organizado, corrupci\u00f3n e injusticia narrado con mucho humor negro. Esperamos que nuestro personaje se vuelva el nuevo superh\u00e9roe que nuestro pa\u00eds necesita y logre conectar con generaciones pasadas y actuales\u201d.<\/p>\n<p>Expres\u00f3 el director <strong>Eduardo Valenzuela<\/strong>.<\/p>\n<p><img loading=\"lazy\" decoding=\"async\" class=\"alignnone size-full wp-image-4924\" src=\"http:\/\/moviecrazyplanet.com\/wp-content\/uploads\/2024\/02\/image003-1-scaled.jpg\" alt=\"\" width=\"2560\" height=\"1707\" srcset=\"https:\/\/moviecrazyplanet.com\/wp-content\/uploads\/2024\/02\/image003-1-scaled.jpg 2560w, https:\/\/moviecrazyplanet.com\/wp-content\/uploads\/2024\/02\/image003-1-300x200.jpg 300w, https:\/\/moviecrazyplanet.com\/wp-content\/uploads\/2024\/02\/image003-1-1024x683.jpg 1024w, https:\/\/moviecrazyplanet.com\/wp-content\/uploads\/2024\/02\/image003-1-768x512.jpg 768w, https:\/\/moviecrazyplanet.com\/wp-content\/uploads\/2024\/02\/image003-1-1536x1024.jpg 1536w, https:\/\/moviecrazyplanet.com\/wp-content\/uploads\/2024\/02\/image003-1-2048x1365.jpg 2048w\" sizes=\"auto, (max-width: 2560px) 100vw, 2560px\" \/><\/p>\n<p>Con un estreno nacional en el <strong>21\u00b0 Festival Internacional de Cine de Morelia<\/strong>, la pel\u00edcula cuenta con un elenco conformado por destacados actores como: <strong>Guillermo Quintanilla<\/strong> (Todas menos t\u00fa, 2024; Se\u00f1or de los cielos, 2013), <strong>Ianis Guerrero<\/strong> (Nosotros los nobles, 2013; Club de Cuervos, 2015), <strong>Ana Jimena Villanueva<\/strong> (Las Bravas F.C., 2022) o <strong>Said Sandoval<\/strong> (El Poderoso Victoria, 2023; Club de Cuervos, 2015).<\/p>\n<p><img loading=\"lazy\" decoding=\"async\" class=\"alignnone size-full wp-image-4929\" src=\"http:\/\/moviecrazyplanet.com\/wp-content\/uploads\/2024\/02\/EL-HALCON-5-scaled.jpg\" alt=\"\" width=\"2560\" height=\"1080\" srcset=\"https:\/\/moviecrazyplanet.com\/wp-content\/uploads\/2024\/02\/EL-HALCON-5-scaled.jpg 2560w, https:\/\/moviecrazyplanet.com\/wp-content\/uploads\/2024\/02\/EL-HALCON-5-300x127.jpg 300w, https:\/\/moviecrazyplanet.com\/wp-content\/uploads\/2024\/02\/EL-HALCON-5-1024x432.jpg 1024w, https:\/\/moviecrazyplanet.com\/wp-content\/uploads\/2024\/02\/EL-HALCON-5-768x324.jpg 768w, https:\/\/moviecrazyplanet.com\/wp-content\/uploads\/2024\/02\/EL-HALCON-5-1536x648.jpg 1536w, https:\/\/moviecrazyplanet.com\/wp-content\/uploads\/2024\/02\/EL-HALCON-5-2048x864.jpg 2048w\" sizes=\"auto, (max-width: 2560px) 100vw, 2560px\" \/><\/p>\n<p><strong>El Halc\u00f3n<\/strong> se prepara para alzar el vuelo una vez m\u00e1s con su estreno, <strong>\u00f3pera prima<\/strong> del mexicano <strong>Eduardo Valenzuela<\/strong>. Un luchador retirado, tacos al pastor y un secuestro har\u00e1n que el enmascarado regrese con sed de venganza.<\/p>\n<p><img loading=\"lazy\" decoding=\"async\" class=\"alignnone size-full wp-image-4930\" src=\"http:\/\/moviecrazyplanet.com\/wp-content\/uploads\/2024\/02\/EL-HALCON-6-scaled.jpg\" alt=\"\" width=\"2560\" height=\"1080\" srcset=\"https:\/\/moviecrazyplanet.com\/wp-content\/uploads\/2024\/02\/EL-HALCON-6-scaled.jpg 2560w, https:\/\/moviecrazyplanet.com\/wp-content\/uploads\/2024\/02\/EL-HALCON-6-300x127.jpg 300w, https:\/\/moviecrazyplanet.com\/wp-content\/uploads\/2024\/02\/EL-HALCON-6-1024x432.jpg 1024w, https:\/\/moviecrazyplanet.com\/wp-content\/uploads\/2024\/02\/EL-HALCON-6-768x324.jpg 768w, https:\/\/moviecrazyplanet.com\/wp-content\/uploads\/2024\/02\/EL-HALCON-6-1536x648.jpg 1536w, https:\/\/moviecrazyplanet.com\/wp-content\/uploads\/2024\/02\/EL-HALCON-6-2048x864.jpg 2048w\" sizes=\"auto, (max-width: 2560px) 100vw, 2560px\" \/><\/p>\n<p><strong>El Halc\u00f3n con Sed de Venganza<\/strong> llega a la pantalla grande el <strong>29 de febrero<\/strong> gracias a <strong>Cin\u00e9polis Distribuci\u00f3n<\/strong>.<\/p>\n<p><iframe loading=\"lazy\" title=\"El Halc\u00f3n | Tr\u00e1iler | Cin\u00e9polis Distribuci\u00f3n\" width=\"640\" height=\"360\" src=\"https:\/\/www.youtube.com\/embed\/_e7o2NYdBTc?feature=oembed\" frameborder=\"0\" allow=\"accelerometer; autoplay; clipboard-write; encrypted-media; gyroscope; picture-in-picture; web-share\" referrerpolicy=\"strict-origin-when-cross-origin\" allowfullscreen><\/iframe><\/p>\n<p><img loading=\"lazy\" decoding=\"async\" class=\"alignnone size-full wp-image-2329\" src=\"http:\/\/moviecrazyplanet.com\/wp-content\/uploads\/2023\/10\/images-10.png\" alt=\"\" width=\"554\" height=\"327\" srcset=\"https:\/\/moviecrazyplanet.com\/wp-content\/uploads\/2023\/10\/images-10.png 554w, https:\/\/moviecrazyplanet.com\/wp-content\/uploads\/2023\/10\/images-10-300x177.png 300w\" sizes=\"auto, (max-width: 554px) 100vw, 554px\" \/><\/p>\n<p>Con informaci\u00f3n de <strong>Cin\u00e9polis Distribuci\u00f3n<\/strong> gracias a <strong>IQ Icunacury Acosta &amp; Co\u00a0<\/strong>y <strong>Edelman M\u00e9xico<\/strong>.<\/p>\n","protected":false},"excerpt":{"rendered":"<p>Un superh\u00e9roe con alto nivel de colesterol. En esta esquina, una nueva producci\u00f3n mexicana titulada El Halc\u00f3n se prepara para su estreno en cines el pr\u00f3ximo jueves 29 de febrero. El reconocido realizador, productor, escritor y fundador de Vice Media M\u00e9xico, Eduardo Valenzuela, es la mente detr\u00e1s de este largometraje protagonizado por Guillermo Quintanilla e [&hellip;]<\/p>\n","protected":false},"author":2,"featured_media":4923,"comment_status":"open","ping_status":"open","sticky":false,"template":"","format":"standard","meta":{"footnotes":""},"categories":[54,104],"tags":[],"class_list":["post-4919","post","type-post","status-publish","format-standard","has-post-thumbnail","hentry","category-accion-2","category-cinepolis-distribucion"],"_links":{"self":[{"href":"https:\/\/moviecrazyplanet.com\/index.php?rest_route=\/wp\/v2\/posts\/4919","targetHints":{"allow":["GET"]}}],"collection":[{"href":"https:\/\/moviecrazyplanet.com\/index.php?rest_route=\/wp\/v2\/posts"}],"about":[{"href":"https:\/\/moviecrazyplanet.com\/index.php?rest_route=\/wp\/v2\/types\/post"}],"author":[{"embeddable":true,"href":"https:\/\/moviecrazyplanet.com\/index.php?rest_route=\/wp\/v2\/users\/2"}],"replies":[{"embeddable":true,"href":"https:\/\/moviecrazyplanet.com\/index.php?rest_route=%2Fwp%2Fv2%2Fcomments&post=4919"}],"version-history":[{"count":3,"href":"https:\/\/moviecrazyplanet.com\/index.php?rest_route=\/wp\/v2\/posts\/4919\/revisions"}],"predecessor-version":[{"id":4933,"href":"https:\/\/moviecrazyplanet.com\/index.php?rest_route=\/wp\/v2\/posts\/4919\/revisions\/4933"}],"wp:featuredmedia":[{"embeddable":true,"href":"https:\/\/moviecrazyplanet.com\/index.php?rest_route=\/wp\/v2\/media\/4923"}],"wp:attachment":[{"href":"https:\/\/moviecrazyplanet.com\/index.php?rest_route=%2Fwp%2Fv2%2Fmedia&parent=4919"}],"wp:term":[{"taxonomy":"category","embeddable":true,"href":"https:\/\/moviecrazyplanet.com\/index.php?rest_route=%2Fwp%2Fv2%2Fcategories&post=4919"},{"taxonomy":"post_tag","embeddable":true,"href":"https:\/\/moviecrazyplanet.com\/index.php?rest_route=%2Fwp%2Fv2%2Ftags&post=4919"}],"curies":[{"name":"wp","href":"https:\/\/api.w.org\/{rel}","templated":true}]}}