{"id":5118,"date":"2024-03-03T19:57:48","date_gmt":"2024-03-04T01:57:48","guid":{"rendered":"https:\/\/moviecrazyplanet.com\/?p=5118"},"modified":"2024-03-03T20:14:01","modified_gmt":"2024-03-04T02:14:01","slug":"los-dias-francos-estrena-en-cines","status":"publish","type":"post","link":"https:\/\/moviecrazyplanet.com\/?p=5118","title":{"rendered":"Los D\u00edas Francos estrena en cines"},"content":{"rendered":"<p><strong>Los D\u00edas Francos<\/strong>, drama protagonizado por <strong>Stephanie Salas<\/strong>, <strong>Arturo de la Rosa<\/strong>, <strong>Alberto Santiago<\/strong> dirigido por <strong>Ulises P\u00e9rez Mancilla<\/strong>.<\/p>\n<p><img loading=\"lazy\" decoding=\"async\" class=\"alignnone size-full wp-image-5119\" src=\"http:\/\/moviecrazyplanet.com\/wp-content\/uploads\/2024\/03\/Los-Dias-Francos.jpg\" alt=\"\" width=\"840\" height=\"1200\" srcset=\"https:\/\/moviecrazyplanet.com\/wp-content\/uploads\/2024\/03\/Los-Dias-Francos.jpg 840w, https:\/\/moviecrazyplanet.com\/wp-content\/uploads\/2024\/03\/Los-Dias-Francos-210x300.jpg 210w, https:\/\/moviecrazyplanet.com\/wp-content\/uploads\/2024\/03\/Los-Dias-Francos-717x1024.jpg 717w, https:\/\/moviecrazyplanet.com\/wp-content\/uploads\/2024\/03\/Los-Dias-Francos-768x1097.jpg 768w\" sizes=\"auto, (max-width: 840px) 100vw, 840px\" \/><\/p>\n<p><strong>SINOPSIS:\u00a0<\/strong><\/p>\n<p>Cuando es despedida de su trabajo en una serie de infomerciales, Amanda, una actriz con poco talento y cuya trayectoria en el cine se encuentra en el olvido, decide retomar su carrera en medio de una crisis econ\u00f3mica que la lleva a cuestionarse sobre su vocaci\u00f3n, pero tambi\u00e9n, que la orilla a replantearse su responsabilidad como madre de Nicol\u00e1s, un ni\u00f1o de 7 a\u00f1os a quien no hab\u00eda puesto mucha atenci\u00f3n hasta entonces.<\/p>\n<p><img loading=\"lazy\" decoding=\"async\" class=\"alignnone size-full wp-image-5122\" src=\"http:\/\/moviecrazyplanet.com\/wp-content\/uploads\/2024\/03\/Stephanie-Salas-Los-Dias-Francos.jpg\" alt=\"\" width=\"1080\" height=\"711\" srcset=\"https:\/\/moviecrazyplanet.com\/wp-content\/uploads\/2024\/03\/Stephanie-Salas-Los-Dias-Francos.jpg 1080w, https:\/\/moviecrazyplanet.com\/wp-content\/uploads\/2024\/03\/Stephanie-Salas-Los-Dias-Francos-300x198.jpg 300w, https:\/\/moviecrazyplanet.com\/wp-content\/uploads\/2024\/03\/Stephanie-Salas-Los-Dias-Francos-1024x674.jpg 1024w, https:\/\/moviecrazyplanet.com\/wp-content\/uploads\/2024\/03\/Stephanie-Salas-Los-Dias-Francos-768x506.jpg 768w\" sizes=\"auto, (max-width: 1080px) 100vw, 1080px\" \/><\/p>\n<p><strong>FICHA T\u00c9CNICA:\u00a0<\/strong><\/p>\n<p><strong>Director:<\/strong>\u00a0Ulises P\u00e9rez Mancilla<br \/>\n<strong>Pa\u00eds:<\/strong>\u00a0M\u00e9xico<br \/>\n<strong>A\u00f1o de producci\u00f3n:<\/strong>\u00a02021<br \/>\n<strong>Duraci\u00f3n:<\/strong>\u00a080 minutos<br \/>\n<strong>Genero:<\/strong>\u00a0Drama<br \/>\n<strong>Cast:<\/strong>\u00a0Stephanie Salas,\u00a0 Arturo de la Rosa,\u00a0 Alberto Santiago<\/p>\n<p><img loading=\"lazy\" decoding=\"async\" class=\"alignnone size-full wp-image-5123\" src=\"http:\/\/moviecrazyplanet.com\/wp-content\/uploads\/2024\/03\/Los-Dias-Francos-002.jpg\" alt=\"\" width=\"1080\" height=\"802\" srcset=\"https:\/\/moviecrazyplanet.com\/wp-content\/uploads\/2024\/03\/Los-Dias-Francos-002.jpg 1080w, https:\/\/moviecrazyplanet.com\/wp-content\/uploads\/2024\/03\/Los-Dias-Francos-002-300x223.jpg 300w, https:\/\/moviecrazyplanet.com\/wp-content\/uploads\/2024\/03\/Los-Dias-Francos-002-1024x760.jpg 1024w, https:\/\/moviecrazyplanet.com\/wp-content\/uploads\/2024\/03\/Los-Dias-Francos-002-768x570.jpg 768w\" sizes=\"auto, (max-width: 1080px) 100vw, 1080px\" \/><\/p>\n<p><strong>Acerca del director Ulises P\u00e9rez Mancilla.<\/strong><\/p>\n<p>Es <strong>licenciado en Ciencias de la Comunicaci\u00f3n<\/strong> egresado de la facultad de <strong>Ciencias Pol\u00edticas y Sociales<\/strong> de la <strong>UNAM<\/strong> y curs\u00f3 la especialidad de producci\u00f3n audiovisual en el <strong>centro de Capacitaci\u00f3n Cinematogr\u00e1fica<\/strong>. Tiene 15 a\u00f1os de experiencia en el medio cinematogr\u00e1fico y una filmograf\u00eda de alrededor de <strong>40 pel\u00edculas<\/strong> desempe\u00f1\u00e1ndose como script. Dirigi\u00f3 y escribi\u00f3 los cortometrajes: \u201c<strong>O ser un elefante<\/strong>\u201d (2013) y \u201c<strong>Terry<\/strong>\u201d (2016). \u201c<strong>Los d\u00edas francos<\/strong>\u201d (2021) es su \u00f3pera prima. Actualmente, es miembro del Sistema Nacional de Creadores de Arte y trabaja en sus pr\u00f3ximos proyectos: \u201c<strong>Novenario<\/strong>\u201d e \u201c<strong>Indetectable<\/strong>\u201d.<\/p>\n<p><img loading=\"lazy\" decoding=\"async\" class=\"alignnone size-full wp-image-5130\" src=\"http:\/\/moviecrazyplanet.com\/wp-content\/uploads\/2024\/03\/Ulises-Perez-Mancilla.png\" alt=\"\" width=\"408\" height=\"578\" srcset=\"https:\/\/moviecrazyplanet.com\/wp-content\/uploads\/2024\/03\/Ulises-Perez-Mancilla.png 408w, https:\/\/moviecrazyplanet.com\/wp-content\/uploads\/2024\/03\/Ulises-Perez-Mancilla-212x300.png 212w\" sizes=\"auto, (max-width: 408px) 100vw, 408px\" \/><\/p>\n<p><strong>Los D\u00edas Francos<\/strong> de <strong>Ulises P\u00e9rez Mancilla<\/strong> llegar\u00e1 a cines el <strong>7 de marzo<\/strong> gracias a <strong>Alfhaville Cinema.<\/strong><\/p>\n<p><iframe loading=\"lazy\" title=\"Trailer - Los D\u00edas Francos - #Estreno 7 de marzo del 2024\" width=\"640\" height=\"360\" src=\"https:\/\/www.youtube.com\/embed\/LU-oXKRPDow?feature=oembed\" frameborder=\"0\" allow=\"accelerometer; autoplay; clipboard-write; encrypted-media; gyroscope; picture-in-picture; web-share\" referrerpolicy=\"strict-origin-when-cross-origin\" allowfullscreen><\/iframe><\/p>\n<p><a href=\"https:\/\/www.alfhaville.com\/\" target=\"_blank\" rel=\"noopener\"><img loading=\"lazy\" decoding=\"async\" class=\"alignnone size-full wp-image-5124\" src=\"http:\/\/moviecrazyplanet.com\/wp-content\/uploads\/2024\/03\/Alfhaville-Cinema.png\" alt=\"\" width=\"554\" height=\"554\" srcset=\"https:\/\/moviecrazyplanet.com\/wp-content\/uploads\/2024\/03\/Alfhaville-Cinema.png 554w, https:\/\/moviecrazyplanet.com\/wp-content\/uploads\/2024\/03\/Alfhaville-Cinema-300x300.png 300w, https:\/\/moviecrazyplanet.com\/wp-content\/uploads\/2024\/03\/Alfhaville-Cinema-150x150.png 150w\" sizes=\"auto, (max-width: 554px) 100vw, 554px\" \/><\/a><\/p>\n<p>Con informaci\u00f3n de <strong>Alfhavilla Cinema<\/strong>.<\/p>\n","protected":false},"excerpt":{"rendered":"<p>Los D\u00edas Francos, drama protagonizado por Stephanie Salas, Arturo de la Rosa, Alberto Santiago dirigido por Ulises P\u00e9rez Mancilla. SINOPSIS:\u00a0 Cuando es despedida de su trabajo en una serie de infomerciales, Amanda, una actriz con poco talento y cuya trayectoria en el cine se encuentra en el olvido, decide retomar su carrera en medio de [&hellip;]<\/p>\n","protected":false},"author":2,"featured_media":5126,"comment_status":"open","ping_status":"open","sticky":false,"template":"","format":"standard","meta":{"footnotes":""},"categories":[115,59],"tags":[],"class_list":["post-5118","post","type-post","status-publish","format-standard","has-post-thumbnail","hentry","category-alfhaville-cinema","category-drama"],"_links":{"self":[{"href":"https:\/\/moviecrazyplanet.com\/index.php?rest_route=\/wp\/v2\/posts\/5118","targetHints":{"allow":["GET"]}}],"collection":[{"href":"https:\/\/moviecrazyplanet.com\/index.php?rest_route=\/wp\/v2\/posts"}],"about":[{"href":"https:\/\/moviecrazyplanet.com\/index.php?rest_route=\/wp\/v2\/types\/post"}],"author":[{"embeddable":true,"href":"https:\/\/moviecrazyplanet.com\/index.php?rest_route=\/wp\/v2\/users\/2"}],"replies":[{"embeddable":true,"href":"https:\/\/moviecrazyplanet.com\/index.php?rest_route=%2Fwp%2Fv2%2Fcomments&post=5118"}],"version-history":[{"count":5,"href":"https:\/\/moviecrazyplanet.com\/index.php?rest_route=\/wp\/v2\/posts\/5118\/revisions"}],"predecessor-version":[{"id":5131,"href":"https:\/\/moviecrazyplanet.com\/index.php?rest_route=\/wp\/v2\/posts\/5118\/revisions\/5131"}],"wp:featuredmedia":[{"embeddable":true,"href":"https:\/\/moviecrazyplanet.com\/index.php?rest_route=\/wp\/v2\/media\/5126"}],"wp:attachment":[{"href":"https:\/\/moviecrazyplanet.com\/index.php?rest_route=%2Fwp%2Fv2%2Fmedia&parent=5118"}],"wp:term":[{"taxonomy":"category","embeddable":true,"href":"https:\/\/moviecrazyplanet.com\/index.php?rest_route=%2Fwp%2Fv2%2Fcategories&post=5118"},{"taxonomy":"post_tag","embeddable":true,"href":"https:\/\/moviecrazyplanet.com\/index.php?rest_route=%2Fwp%2Fv2%2Ftags&post=5118"}],"curies":[{"name":"wp","href":"https:\/\/api.w.org\/{rel}","templated":true}]}}