{"id":5621,"date":"2024-03-28T23:00:08","date_gmt":"2024-03-29T05:00:08","guid":{"rendered":"https:\/\/moviecrazyplanet.com\/?p=5621"},"modified":"2024-03-28T23:04:40","modified_gmt":"2024-03-29T05:04:40","slug":"alma-viva-el-drama-portugues-estrena-en-cines","status":"publish","type":"post","link":"https:\/\/moviecrazyplanet.com\/?p=5621","title":{"rendered":"Alma Viva, el drama portugu\u00e9s estrena en cines"},"content":{"rendered":"<p style=\"text-align: left;\">La perdida inesperada de un ser querido lo cambia todo.<\/p>\n<p style=\"text-align: left;\">Luego de su estreno mundial en la <strong><em>Semana de la Cr\u00edtica<\/em><\/strong> en el <strong>Festival de Cannes 2022<\/strong> y su paso por <strong><em>Talento Emergente 2023<\/em><\/strong> de <strong>Cineteca Nacional M\u00e9xico<\/strong>, compartimos con mucha alegr\u00eda que <em><strong>ALMA VIVA<\/strong><\/em> de <strong>Crist\u00e8le Alves Meira<\/strong>, tendr\u00e1 su estreno en el pa\u00eds a partir del <strong>28 de marzo<\/strong>.<\/p>\n<p><img loading=\"lazy\" decoding=\"async\" class=\"alignnone size-full wp-image-5580\" src=\"http:\/\/moviecrazyplanet.com\/wp-content\/uploads\/2024\/03\/Alma-Viva-scaled.jpg\" alt=\"\" width=\"1920\" height=\"2560\" srcset=\"https:\/\/moviecrazyplanet.com\/wp-content\/uploads\/2024\/03\/Alma-Viva-scaled.jpg 1920w, https:\/\/moviecrazyplanet.com\/wp-content\/uploads\/2024\/03\/Alma-Viva-225x300.jpg 225w, https:\/\/moviecrazyplanet.com\/wp-content\/uploads\/2024\/03\/Alma-Viva-768x1024.jpg 768w, https:\/\/moviecrazyplanet.com\/wp-content\/uploads\/2024\/03\/Alma-Viva-1152x1536.jpg 1152w, https:\/\/moviecrazyplanet.com\/wp-content\/uploads\/2024\/03\/Alma-Viva-1536x2048.jpg 1536w, https:\/\/moviecrazyplanet.com\/wp-content\/uploads\/2024\/03\/Alma-Viva-1024x1365.jpg 1024w\" sizes=\"auto, (max-width: 1920px) 100vw, 1920px\" \/><\/p>\n<p>En un tono sobrenatural y oscuro,\u00a0esta pel\u00edcula\u00a0se enfoca en la peque\u00f1a <strong>Salom\u00e9<\/strong>, quien regresa a su pueblo familiar enclavado en las <strong>monta\u00f1as portuguesas<\/strong> para pasar las vacaciones. Su amada abuela muere repentinamente y a ra\u00edz de esto los adultos se destrozan entre s\u00ed por el funeral, mientras <strong>Salom\u00e9<\/strong> es acechada por el esp\u00edritu de una <strong>bruja<\/strong>.<\/p>\n<p><img loading=\"lazy\" decoding=\"async\" class=\"alignnone size-full wp-image-5625\" src=\"http:\/\/moviecrazyplanet.com\/wp-content\/uploads\/2024\/03\/Alma-Viva-001.jpg\" alt=\"\" width=\"1076\" height=\"559\" srcset=\"https:\/\/moviecrazyplanet.com\/wp-content\/uploads\/2024\/03\/Alma-Viva-001.jpg 1076w, https:\/\/moviecrazyplanet.com\/wp-content\/uploads\/2024\/03\/Alma-Viva-001-300x156.jpg 300w, https:\/\/moviecrazyplanet.com\/wp-content\/uploads\/2024\/03\/Alma-Viva-001-1024x532.jpg 1024w, https:\/\/moviecrazyplanet.com\/wp-content\/uploads\/2024\/03\/Alma-Viva-001-768x399.jpg 768w\" sizes=\"auto, (max-width: 1076px) 100vw, 1076px\" \/><\/p>\n<p><strong>SINOPSIS<\/strong><\/p>\n<p class=\"last-child\">Como cada verano, Salom\u00e9 regresa de vacaciones a su pueblo familiar enclavado en los montes portugueses. Ah\u00ed disfruta con sus t\u00edas y primos de un ambiente alegre y festivo hasta que se produce de manera inesperada la muerte de su querida abuela. Mientras los adultos se dedican a pelearse entre ellos debido a la herencia y se enfrentan a los lugare\u00f1os antes del entierro como si fueran forasteros en su propio pueblo, Salom\u00e9 comienza a sentir el poder de todas las tradiciones que su Avoa le cont\u00f3 antes de fallecer. Mientras las creencias sobre la existencia de los esp\u00edritus siguen vivas, Salom\u00e9, desde la inocencia que brinda lo cotidiano, conseguir\u00e1 unir a su familia bajo una lluvia redentora.<\/p>\n<p><img loading=\"lazy\" decoding=\"async\" class=\"alignnone size-full wp-image-5627\" src=\"http:\/\/moviecrazyplanet.com\/wp-content\/uploads\/2024\/03\/Alma-Viva-003.jpg\" alt=\"\" width=\"1080\" height=\"580\" srcset=\"https:\/\/moviecrazyplanet.com\/wp-content\/uploads\/2024\/03\/Alma-Viva-003.jpg 1080w, https:\/\/moviecrazyplanet.com\/wp-content\/uploads\/2024\/03\/Alma-Viva-003-300x161.jpg 300w, https:\/\/moviecrazyplanet.com\/wp-content\/uploads\/2024\/03\/Alma-Viva-003-1024x550.jpg 1024w, https:\/\/moviecrazyplanet.com\/wp-content\/uploads\/2024\/03\/Alma-Viva-003-768x412.jpg 768w\" sizes=\"auto, (max-width: 1080px) 100vw, 1080px\" \/><\/p>\n<p><strong>DIRECCI\u00d3N: <\/strong>Crist\u00e8le Alves Meira<br \/>\n<strong>GUION: <\/strong>Crist\u00e8le Alves Meira, Laurent Lunetta<br \/>\n<strong>G\u00c9NERO:<\/strong> Drama<br \/>\n<strong>DURACI\u00d3N:<\/strong> 88 mins.<br \/>\n<strong>A\u00d1O: <\/strong>2022<br \/>\n<strong>PA\u00cdS:<\/strong> Portugal<br \/>\n<strong>IDIOMA:<\/strong> Portugu\u00e9s<br \/>\n<strong>DISTRIBUIDORA:<\/strong> Tulip Pictures<br \/>\n<strong>REPARTO:<\/strong> Lua Michel, Ester Catal\u0101o, Ana Padr\u00e3o, Jacqueline Corado, Catherine Sal\u00e9e<\/p>\n<p><img loading=\"lazy\" decoding=\"async\" class=\"alignnone size-full wp-image-5628\" src=\"http:\/\/moviecrazyplanet.com\/wp-content\/uploads\/2024\/03\/Alma-Viva-005.jpg\" alt=\"\" width=\"1080\" height=\"672\" srcset=\"https:\/\/moviecrazyplanet.com\/wp-content\/uploads\/2024\/03\/Alma-Viva-005.jpg 1080w, https:\/\/moviecrazyplanet.com\/wp-content\/uploads\/2024\/03\/Alma-Viva-005-300x187.jpg 300w, https:\/\/moviecrazyplanet.com\/wp-content\/uploads\/2024\/03\/Alma-Viva-005-1024x637.jpg 1024w, https:\/\/moviecrazyplanet.com\/wp-content\/uploads\/2024\/03\/Alma-Viva-005-768x478.jpg 768w\" sizes=\"auto, (max-width: 1080px) 100vw, 1080px\" \/><\/p>\n<p><strong>ESTRENO:<\/strong> <strong>28 de marzo<\/strong> en <strong>Cinemex<\/strong> y a partir del <strong>29 de marzo<\/strong> en <strong>Cineteca Nacional<\/strong>, <strong>Cineteca FICG<\/strong>, <strong>Le Cinema IFAL<\/strong>, <strong>Cineteca Nuevo Le\u00f3n<\/strong>, entre otros.<\/p>\n<p><img loading=\"lazy\" decoding=\"async\" class=\"alignnone size-full wp-image-5624\" src=\"http:\/\/moviecrazyplanet.com\/wp-content\/uploads\/2024\/03\/Alma-Viva-Cartelera.jpeg\" alt=\"\" width=\"1190\" height=\"1184\" srcset=\"https:\/\/moviecrazyplanet.com\/wp-content\/uploads\/2024\/03\/Alma-Viva-Cartelera.jpeg 1190w, https:\/\/moviecrazyplanet.com\/wp-content\/uploads\/2024\/03\/Alma-Viva-Cartelera-300x298.jpeg 300w, https:\/\/moviecrazyplanet.com\/wp-content\/uploads\/2024\/03\/Alma-Viva-Cartelera-1024x1019.jpeg 1024w, https:\/\/moviecrazyplanet.com\/wp-content\/uploads\/2024\/03\/Alma-Viva-Cartelera-150x150.jpeg 150w, https:\/\/moviecrazyplanet.com\/wp-content\/uploads\/2024\/03\/Alma-Viva-Cartelera-768x764.jpeg 768w\" sizes=\"auto, (max-width: 1190px) 100vw, 1190px\" \/><\/p>\n<p class=\"last-child\"><strong>Tr\u00e1iler oficial<\/strong> de <strong>Alma Viva<\/strong>, pel\u00edcula dirigida por <strong>Crist\u00e8le Alves Meira<\/strong> y protagonizada por <strong>Lua Michel<\/strong> y <strong>Ester Catal\u0101o<\/strong> que llega a los cines a partir del <strong>28 de marzo<\/strong> gracias a <strong>Tulip Pictures<\/strong>.<\/p>\n<p><iframe loading=\"lazy\" title=\"ALMA VIVA (Tra\u0301iler oficial) | Subtitulado al espa\u00f1ol | Tulip Pictures\" width=\"640\" height=\"360\" src=\"https:\/\/www.youtube.com\/embed\/3vJ4H5Y2RzQ?feature=oembed\" frameborder=\"0\" allow=\"accelerometer; autoplay; clipboard-write; encrypted-media; gyroscope; picture-in-picture; web-share\" referrerpolicy=\"strict-origin-when-cross-origin\" allowfullscreen><\/iframe><\/p>\n<p><img loading=\"lazy\" decoding=\"async\" class=\"alignnone size-full wp-image-3658\" src=\"http:\/\/moviecrazyplanet.com\/wp-content\/uploads\/2023\/12\/Tulip-Pictures-Logo.jpg\" alt=\"\" width=\"1080\" height=\"720\" srcset=\"https:\/\/moviecrazyplanet.com\/wp-content\/uploads\/2023\/12\/Tulip-Pictures-Logo.jpg 1080w, https:\/\/moviecrazyplanet.com\/wp-content\/uploads\/2023\/12\/Tulip-Pictures-Logo-300x200.jpg 300w, https:\/\/moviecrazyplanet.com\/wp-content\/uploads\/2023\/12\/Tulip-Pictures-Logo-1024x683.jpg 1024w, https:\/\/moviecrazyplanet.com\/wp-content\/uploads\/2023\/12\/Tulip-Pictures-Logo-768x512.jpg 768w\" sizes=\"auto, (max-width: 1080px) 100vw, 1080px\" \/><\/p>\n<p>Con informaci\u00f3n de <strong>Tulip Pictures<\/strong>.<\/p>\n","protected":false},"excerpt":{"rendered":"<p>La perdida inesperada de un ser querido lo cambia todo. Luego de su estreno mundial en la Semana de la Cr\u00edtica en el Festival de Cannes 2022 y su paso por Talento Emergente 2023 de Cineteca Nacional M\u00e9xico, compartimos con mucha alegr\u00eda que ALMA VIVA de Crist\u00e8le Alves Meira, tendr\u00e1 su estreno en el pa\u00eds [&hellip;]<\/p>\n","protected":false},"author":2,"featured_media":5626,"comment_status":"open","ping_status":"open","sticky":false,"template":"","format":"standard","meta":{"footnotes":""},"categories":[59,116],"tags":[],"class_list":["post-5621","post","type-post","status-publish","format-standard","has-post-thumbnail","hentry","category-drama","category-tulip-pictures"],"_links":{"self":[{"href":"https:\/\/moviecrazyplanet.com\/index.php?rest_route=\/wp\/v2\/posts\/5621","targetHints":{"allow":["GET"]}}],"collection":[{"href":"https:\/\/moviecrazyplanet.com\/index.php?rest_route=\/wp\/v2\/posts"}],"about":[{"href":"https:\/\/moviecrazyplanet.com\/index.php?rest_route=\/wp\/v2\/types\/post"}],"author":[{"embeddable":true,"href":"https:\/\/moviecrazyplanet.com\/index.php?rest_route=\/wp\/v2\/users\/2"}],"replies":[{"embeddable":true,"href":"https:\/\/moviecrazyplanet.com\/index.php?rest_route=%2Fwp%2Fv2%2Fcomments&post=5621"}],"version-history":[{"count":3,"href":"https:\/\/moviecrazyplanet.com\/index.php?rest_route=\/wp\/v2\/posts\/5621\/revisions"}],"predecessor-version":[{"id":5633,"href":"https:\/\/moviecrazyplanet.com\/index.php?rest_route=\/wp\/v2\/posts\/5621\/revisions\/5633"}],"wp:featuredmedia":[{"embeddable":true,"href":"https:\/\/moviecrazyplanet.com\/index.php?rest_route=\/wp\/v2\/media\/5626"}],"wp:attachment":[{"href":"https:\/\/moviecrazyplanet.com\/index.php?rest_route=%2Fwp%2Fv2%2Fmedia&parent=5621"}],"wp:term":[{"taxonomy":"category","embeddable":true,"href":"https:\/\/moviecrazyplanet.com\/index.php?rest_route=%2Fwp%2Fv2%2Fcategories&post=5621"},{"taxonomy":"post_tag","embeddable":true,"href":"https:\/\/moviecrazyplanet.com\/index.php?rest_route=%2Fwp%2Fv2%2Ftags&post=5621"}],"curies":[{"name":"wp","href":"https:\/\/api.w.org\/{rel}","templated":true}]}}