{"id":8314,"date":"2024-08-18T19:52:27","date_gmt":"2024-08-19T01:52:27","guid":{"rendered":"https:\/\/moviecrazyplanet.com\/?p=8314"},"modified":"2024-08-18T19:52:27","modified_gmt":"2024-08-19T01:52:27","slug":"la-voz-ausente-la-serie-de-suspenso-psicologico-llega-a-disney","status":"publish","type":"post","link":"https:\/\/moviecrazyplanet.com\/?p=8314","title":{"rendered":"La Voz Ausente, la serie de suspenso psicol\u00f3gico llega a Disney+"},"content":{"rendered":"<p>Una serie de muertes tan misteriosas como la mente humana.<\/p>\n<p style=\"font-weight: 400;\">En la recta final hacia el estreno del <strong>21 de agosto<\/strong>, se dieron a conocer nuevos detalles sobre los personajes de <strong>La Voz Ausente<\/strong>, la serie de suspenso psicol\u00f3gico que llega exclusivamente a <strong>Disney+<\/strong> con sus <strong>siete episodios<\/strong>. Inspirada en la novela hom\u00f3nima del psicoanalista y escritor\u00a0<strong>Gabriel Rol\u00f3n<\/strong>, la nueva producci\u00f3n del sello\u00a0<strong>Star Original Productions <\/strong>est\u00e1 protagonizada por\u00a0<strong>Benjam\u00edn Vicu\u00f1a<\/strong><strong> y Gimena Accardi <\/strong>y se centra en un reconocido psicoanalista que se embarca en una inquietante misi\u00f3n: esclarecer el presunto suicidio de su hermano. Entre otros reconocidos actores y actrices, forman parte del elenco de\u00a0<strong>La Voz Ausente <\/strong><strong>Jazm\u00edn Stuart, Federico Olivera y cuenta\u00a0<\/strong>con la participaci\u00f3n especial de<strong>\u00a0Sus\u00fa Pecoraro.<\/strong><\/p>\n<p><img loading=\"lazy\" decoding=\"async\" class=\"alignnone size-full wp-image-8325\" src=\"http:\/\/moviecrazyplanet.com\/wp-content\/uploads\/2024\/08\/La-voz-ausente-Disney-Poster-1.jpg\" alt=\"\" width=\"1080\" height=\"1350\" srcset=\"https:\/\/moviecrazyplanet.com\/wp-content\/uploads\/2024\/08\/La-voz-ausente-Disney-Poster-1.jpg 1080w, https:\/\/moviecrazyplanet.com\/wp-content\/uploads\/2024\/08\/La-voz-ausente-Disney-Poster-1-240x300.jpg 240w, https:\/\/moviecrazyplanet.com\/wp-content\/uploads\/2024\/08\/La-voz-ausente-Disney-Poster-1-819x1024.jpg 819w, https:\/\/moviecrazyplanet.com\/wp-content\/uploads\/2024\/08\/La-voz-ausente-Disney-Poster-1-768x960.jpg 768w, https:\/\/moviecrazyplanet.com\/wp-content\/uploads\/2024\/08\/La-voz-ausente-Disney-Poster-1-1024x1280.jpg 1024w\" sizes=\"auto, (max-width: 1080px) 100vw, 1080px\" \/><\/p>\n<p style=\"font-weight: 400;\">En\u00a0<strong>La Voz Ausente<\/strong>, el renombrado psicoanalista <strong>Pablo Rouviot<\/strong> (<strong>Vicu\u00f1a<\/strong>), se sumerge en una investigaci\u00f3n en la que deber\u00e1 hacer uso de sus herramientas anal\u00edticas para esclarecer el presunto suicidio de su hermano. Impulsado por una duda que lo lleva al l\u00edmite de lo irracional, Rouviot convence a <strong>Cecilia Berm\u00fadez<\/strong> (<strong>Accardi<\/strong>), una inexperta polic\u00eda, de sumarse como asesor del caso. Para resolverlo, ambos deber\u00e1n atravesar un universo cr\u00edptico y velado en el que el descubrimiento de un secreto familiar dejar\u00e1 al psicoanalista cara a cara con un enemigo tan h\u00e1bil como \u00e9l en el arte de bucear en la psiquis humana.<\/p>\n<p style=\"font-weight: 400;\">Estos son los personajes principales que dan vida a esta nueva historia:<\/p>\n<p style=\"font-weight: 400;\"><strong>Pablo Rouviot (Benjam\u00edn Vicu\u00f1a)<\/strong><\/p>\n<p><img loading=\"lazy\" decoding=\"async\" class=\"alignnone size-full wp-image-8327\" src=\"http:\/\/moviecrazyplanet.com\/wp-content\/uploads\/2024\/08\/La-voz-ausente-Disney-Pablo-Rouviot-Benjamin-Vicuna.png\" alt=\"\" width=\"1080\" height=\"1350\" srcset=\"https:\/\/moviecrazyplanet.com\/wp-content\/uploads\/2024\/08\/La-voz-ausente-Disney-Pablo-Rouviot-Benjamin-Vicuna.png 1080w, https:\/\/moviecrazyplanet.com\/wp-content\/uploads\/2024\/08\/La-voz-ausente-Disney-Pablo-Rouviot-Benjamin-Vicuna-240x300.png 240w, https:\/\/moviecrazyplanet.com\/wp-content\/uploads\/2024\/08\/La-voz-ausente-Disney-Pablo-Rouviot-Benjamin-Vicuna-819x1024.png 819w, https:\/\/moviecrazyplanet.com\/wp-content\/uploads\/2024\/08\/La-voz-ausente-Disney-Pablo-Rouviot-Benjamin-Vicuna-768x960.png 768w, https:\/\/moviecrazyplanet.com\/wp-content\/uploads\/2024\/08\/La-voz-ausente-Disney-Pablo-Rouviot-Benjamin-Vicuna-1024x1280.png 1024w\" sizes=\"auto, (max-width: 1080px) 100vw, 1080px\" \/><\/p>\n<p style=\"font-weight: 400;\">Es un reconocido psicoanalista proveniente de una familia acomodada. Silencioso, met\u00f3dico y con rasgos obsesivos, tiene\u00a0un talento natural para observar y entender a otros, leer entre l\u00edneas, y\u00a0escuchar lo que los dem\u00e1s callan. Tras la muerte de su padre cuando \u00e9l era adolescente, mantiene un v\u00ednculo estrecho con su madre y su hermano <strong>Jos\u00e9<\/strong>.<\/p>\n<p><img loading=\"lazy\" decoding=\"async\" class=\"alignnone size-full wp-image-8329\" src=\"http:\/\/moviecrazyplanet.com\/wp-content\/uploads\/2024\/08\/La-voz-ausente-Disney-Benjamin-Vicuna.png\" alt=\"\" width=\"2588\" height=\"1298\" srcset=\"https:\/\/moviecrazyplanet.com\/wp-content\/uploads\/2024\/08\/La-voz-ausente-Disney-Benjamin-Vicuna.png 2588w, https:\/\/moviecrazyplanet.com\/wp-content\/uploads\/2024\/08\/La-voz-ausente-Disney-Benjamin-Vicuna-300x150.png 300w, https:\/\/moviecrazyplanet.com\/wp-content\/uploads\/2024\/08\/La-voz-ausente-Disney-Benjamin-Vicuna-1024x514.png 1024w, https:\/\/moviecrazyplanet.com\/wp-content\/uploads\/2024\/08\/La-voz-ausente-Disney-Benjamin-Vicuna-768x385.png 768w, https:\/\/moviecrazyplanet.com\/wp-content\/uploads\/2024\/08\/La-voz-ausente-Disney-Benjamin-Vicuna-1536x770.png 1536w, https:\/\/moviecrazyplanet.com\/wp-content\/uploads\/2024\/08\/La-voz-ausente-Disney-Benjamin-Vicuna-2048x1027.png 2048w\" sizes=\"auto, (max-width: 2588px) 100vw, 2588px\" \/><\/p>\n<p style=\"font-weight: 400;\">Asentado en Espa\u00f1a, regresa despu\u00e9s de varios a\u00f1os a la <strong>Argentina<\/strong> para asistir, sin mucho entusiasmo, al festejo de 25 a\u00f1os de casados de <strong>Jos\u00e9<\/strong> y <strong>Candela<\/strong>. Luego de esta celebraci\u00f3n, <strong>Jos\u00e9<\/strong> aparece muerto. Todo indica que es un suicidio, pero Pablo no lo cree y comienza una b\u00fasqueda para encontrar la verdad sobre la muerte de su hermano.<\/p>\n<p><b><span lang=\"ES\">Cecilia Berm\u00fadez (Gimena Accardi)<\/span><\/b><\/p>\n<p><img loading=\"lazy\" decoding=\"async\" class=\"alignnone size-full wp-image-8326\" src=\"http:\/\/moviecrazyplanet.com\/wp-content\/uploads\/2024\/08\/La-voz-ausente-Disney-Cecilia-Bermudez-Gimena-Accardi.png\" alt=\"\" width=\"1080\" height=\"1350\" srcset=\"https:\/\/moviecrazyplanet.com\/wp-content\/uploads\/2024\/08\/La-voz-ausente-Disney-Cecilia-Bermudez-Gimena-Accardi.png 1080w, https:\/\/moviecrazyplanet.com\/wp-content\/uploads\/2024\/08\/La-voz-ausente-Disney-Cecilia-Bermudez-Gimena-Accardi-240x300.png 240w, https:\/\/moviecrazyplanet.com\/wp-content\/uploads\/2024\/08\/La-voz-ausente-Disney-Cecilia-Bermudez-Gimena-Accardi-819x1024.png 819w, https:\/\/moviecrazyplanet.com\/wp-content\/uploads\/2024\/08\/La-voz-ausente-Disney-Cecilia-Bermudez-Gimena-Accardi-768x960.png 768w, https:\/\/moviecrazyplanet.com\/wp-content\/uploads\/2024\/08\/La-voz-ausente-Disney-Cecilia-Bermudez-Gimena-Accardi-1024x1280.png 1024w\" sizes=\"auto, (max-width: 1080px) 100vw, 1080px\" \/><\/p>\n<p style=\"font-weight: 400;\">Es una joven agente de polic\u00eda, hija de un reconocido comisario.\u00a0<strong>Cecilia<\/strong> tiene un car\u00e1cter directo y no duda en ir para adelante cuando se propone algo. Est\u00e1 casada con <strong>Mauro<\/strong>, su ex compa\u00f1ero de la fuerza en el que se apoya tanto emocional como laboralmente.<\/p>\n<p><img loading=\"lazy\" decoding=\"async\" class=\"alignnone size-full wp-image-8330\" src=\"http:\/\/moviecrazyplanet.com\/wp-content\/uploads\/2024\/08\/La-voz-ausente-Disney-Gimena-Accardi.jpg\" alt=\"\" width=\"2362\" height=\"1577\" srcset=\"https:\/\/moviecrazyplanet.com\/wp-content\/uploads\/2024\/08\/La-voz-ausente-Disney-Gimena-Accardi.jpg 2362w, https:\/\/moviecrazyplanet.com\/wp-content\/uploads\/2024\/08\/La-voz-ausente-Disney-Gimena-Accardi-300x200.jpg 300w, https:\/\/moviecrazyplanet.com\/wp-content\/uploads\/2024\/08\/La-voz-ausente-Disney-Gimena-Accardi-1024x684.jpg 1024w, https:\/\/moviecrazyplanet.com\/wp-content\/uploads\/2024\/08\/La-voz-ausente-Disney-Gimena-Accardi-768x513.jpg 768w, https:\/\/moviecrazyplanet.com\/wp-content\/uploads\/2024\/08\/La-voz-ausente-Disney-Gimena-Accardi-1536x1026.jpg 1536w, https:\/\/moviecrazyplanet.com\/wp-content\/uploads\/2024\/08\/La-voz-ausente-Disney-Gimena-Accardi-2048x1367.jpg 2048w\" sizes=\"auto, (max-width: 2362px) 100vw, 2362px\" \/><\/p>\n<p style=\"font-weight: 400;\">El caso de <strong>Jos\u00e9 Rouviot<\/strong> ser\u00e1 su oportunidad para demostrarle a sus compa\u00f1eros que es m\u00e1s que la hija del comisario, y a su padre, de lo que es capaz.<\/p>\n<p><img loading=\"lazy\" decoding=\"async\" class=\"alignnone size-full wp-image-8334\" src=\"http:\/\/moviecrazyplanet.com\/wp-content\/uploads\/2024\/08\/La-voz-ausente-Disney-Benjamin-Vicuna-Gimena-Accardi-2-scaled.jpg\" alt=\"\" width=\"2560\" height=\"1709\" srcset=\"https:\/\/moviecrazyplanet.com\/wp-content\/uploads\/2024\/08\/La-voz-ausente-Disney-Benjamin-Vicuna-Gimena-Accardi-2-scaled.jpg 2560w, https:\/\/moviecrazyplanet.com\/wp-content\/uploads\/2024\/08\/La-voz-ausente-Disney-Benjamin-Vicuna-Gimena-Accardi-2-300x200.jpg 300w, https:\/\/moviecrazyplanet.com\/wp-content\/uploads\/2024\/08\/La-voz-ausente-Disney-Benjamin-Vicuna-Gimena-Accardi-2-1024x684.jpg 1024w, https:\/\/moviecrazyplanet.com\/wp-content\/uploads\/2024\/08\/La-voz-ausente-Disney-Benjamin-Vicuna-Gimena-Accardi-2-768x513.jpg 768w, https:\/\/moviecrazyplanet.com\/wp-content\/uploads\/2024\/08\/La-voz-ausente-Disney-Benjamin-Vicuna-Gimena-Accardi-2-1536x1025.jpg 1536w, https:\/\/moviecrazyplanet.com\/wp-content\/uploads\/2024\/08\/La-voz-ausente-Disney-Benjamin-Vicuna-Gimena-Accardi-2-2048x1367.jpg 2048w\" sizes=\"auto, (max-width: 2560px) 100vw, 2560px\" \/><\/p>\n<p style=\"font-weight: 400;\">Completan el elenco\u00a0<strong>Francisco V\u00e1zquez<\/strong>, <strong>Gustavo Garz\u00f3n<\/strong>,\u00a0<strong>Tupac\u00a0Larriera<\/strong>,\u00a0<strong>Nicol\u00e1s Garc\u00eda Hume<\/strong>,\u00a0<strong>Gonzalo Urtizberea<\/strong>,\u00a0<strong>C\u00e9sar Bord\u00f3n<\/strong>,\u00a0<strong>Lorena\u00a0Meritano<\/strong>\u00a0y\u00a0<strong>Germ\u00e1n de Silva<\/strong>.<\/p>\n<p><img loading=\"lazy\" decoding=\"async\" class=\"alignnone size-full wp-image-8332\" src=\"http:\/\/moviecrazyplanet.com\/wp-content\/uploads\/2024\/08\/La-voz-ausente-Disney-Benjamin-Vicuna-Gimena-Accardi-1-scaled.jpg\" alt=\"\" width=\"2560\" height=\"1709\" srcset=\"https:\/\/moviecrazyplanet.com\/wp-content\/uploads\/2024\/08\/La-voz-ausente-Disney-Benjamin-Vicuna-Gimena-Accardi-1-scaled.jpg 2560w, https:\/\/moviecrazyplanet.com\/wp-content\/uploads\/2024\/08\/La-voz-ausente-Disney-Benjamin-Vicuna-Gimena-Accardi-1-300x200.jpg 300w, https:\/\/moviecrazyplanet.com\/wp-content\/uploads\/2024\/08\/La-voz-ausente-Disney-Benjamin-Vicuna-Gimena-Accardi-1-1024x683.jpg 1024w, https:\/\/moviecrazyplanet.com\/wp-content\/uploads\/2024\/08\/La-voz-ausente-Disney-Benjamin-Vicuna-Gimena-Accardi-1-768x513.jpg 768w, https:\/\/moviecrazyplanet.com\/wp-content\/uploads\/2024\/08\/La-voz-ausente-Disney-Benjamin-Vicuna-Gimena-Accardi-1-1536x1025.jpg 1536w, https:\/\/moviecrazyplanet.com\/wp-content\/uploads\/2024\/08\/La-voz-ausente-Disney-Benjamin-Vicuna-Gimena-Accardi-1-2048x1367.jpg 2048w\" sizes=\"auto, (max-width: 2560px) 100vw, 2560px\" \/><\/p>\n<p style=\"font-weight: 400;\">Realizada por <strong>Pampa Films <\/strong>\/ <strong>Gloriamundi Producciones<\/strong>, la serie est\u00e1 compuesta por <strong>siete episodios<\/strong> de <strong>30 minutos<\/strong> cargados de suspenso, intriga y giros inesperados en la trama que mantendr\u00e1n a la audiencia ansiosa por avanzar en la historia. <strong>La Voz Ausente<\/strong>\u00a0cuenta con\u00a0<strong>Gustavo Hern\u00e1ndez<\/strong>\u00a0como director y showrunner y est\u00e1 escrita por\u00a0<strong>Juma Fodde Roma<\/strong>,\u00a0<strong>Mar\u00eda Meira<\/strong>,\u00a0<strong>Carlos Zicanelli<\/strong>,\u00a0<strong>Ginna \u00c1lvarez<\/strong>\u00a0y la colaboraci\u00f3n autoral de\u00a0<strong>Leandro Custo<\/strong>.<\/p>\n<p><img loading=\"lazy\" decoding=\"async\" class=\"alignnone size-full wp-image-8328\" src=\"http:\/\/moviecrazyplanet.com\/wp-content\/uploads\/2024\/08\/La-voz-ausente-Disney-Poster-final.png\" alt=\"\" width=\"1080\" height=\"1350\" srcset=\"https:\/\/moviecrazyplanet.com\/wp-content\/uploads\/2024\/08\/La-voz-ausente-Disney-Poster-final.png 1080w, https:\/\/moviecrazyplanet.com\/wp-content\/uploads\/2024\/08\/La-voz-ausente-Disney-Poster-final-240x300.png 240w, https:\/\/moviecrazyplanet.com\/wp-content\/uploads\/2024\/08\/La-voz-ausente-Disney-Poster-final-819x1024.png 819w, https:\/\/moviecrazyplanet.com\/wp-content\/uploads\/2024\/08\/La-voz-ausente-Disney-Poster-final-768x960.png 768w, https:\/\/moviecrazyplanet.com\/wp-content\/uploads\/2024\/08\/La-voz-ausente-Disney-Poster-final-1024x1280.png 1024w\" sizes=\"auto, (max-width: 1080px) 100vw, 1080px\" \/><\/p>\n<p><strong>La Voz Ausente<\/strong>,\u00a0inspirada en la novela policial de <strong>Gabriel Rol\u00f3n<\/strong>. Temporada completa disponible a partir del <strong>21 de agosto<\/strong> en <strong>Disney+<\/strong>.<\/p>\n<p><iframe loading=\"lazy\" title=\"La Voz Ausente | Tr\u00e1iler oficial | Disney+\" width=\"640\" height=\"360\" src=\"https:\/\/www.youtube.com\/embed\/8ILaoljh2K4?feature=oembed\" frameborder=\"0\" allow=\"accelerometer; autoplay; clipboard-write; encrypted-media; gyroscope; picture-in-picture; web-share\" referrerpolicy=\"strict-origin-when-cross-origin\" allowfullscreen><\/iframe><\/p>\n<p><img loading=\"lazy\" decoding=\"async\" class=\"alignnone size-full wp-image-5604\" src=\"http:\/\/moviecrazyplanet.com\/wp-content\/uploads\/2024\/03\/Disney-Plus-logo-rectangular.jpg\" alt=\"\" width=\"2000\" height=\"1125\" srcset=\"https:\/\/moviecrazyplanet.com\/wp-content\/uploads\/2024\/03\/Disney-Plus-logo-rectangular.jpg 2000w, https:\/\/moviecrazyplanet.com\/wp-content\/uploads\/2024\/03\/Disney-Plus-logo-rectangular-300x169.jpg 300w, https:\/\/moviecrazyplanet.com\/wp-content\/uploads\/2024\/03\/Disney-Plus-logo-rectangular-1024x576.jpg 1024w, https:\/\/moviecrazyplanet.com\/wp-content\/uploads\/2024\/03\/Disney-Plus-logo-rectangular-768x432.jpg 768w, https:\/\/moviecrazyplanet.com\/wp-content\/uploads\/2024\/03\/Disney-Plus-logo-rectangular-1536x864.jpg 1536w, https:\/\/moviecrazyplanet.com\/wp-content\/uploads\/2024\/03\/Disney-Plus-logo-rectangular-1280x720.jpg 1280w\" sizes=\"auto, (max-width: 2000px) 100vw, 2000px\" \/><\/p>\n<p>Con informaci\u00f3n de <strong>Disney+<\/strong> gracias a <strong>Disney<\/strong> <strong>Prensa M\u00e9xico<\/strong>.<\/p>\n","protected":false},"excerpt":{"rendered":"<p>Una serie de muertes tan misteriosas como la mente humana. En la recta final hacia el estreno del 21 de agosto, se dieron a conocer nuevos detalles sobre los personajes de La Voz Ausente, la serie de suspenso psicol\u00f3gico que llega exclusivamente a Disney+ con sus siete episodios. Inspirada en la novela hom\u00f3nima del psicoanalista [&hellip;]<\/p>\n","protected":false},"author":2,"featured_media":8331,"comment_status":"open","ping_status":"open","sticky":false,"template":"","format":"standard","meta":{"footnotes":""},"categories":[72,59],"tags":[],"class_list":["post-8314","post","type-post","status-publish","format-standard","has-post-thumbnail","hentry","category-disney","category-drama"],"_links":{"self":[{"href":"https:\/\/moviecrazyplanet.com\/index.php?rest_route=\/wp\/v2\/posts\/8314","targetHints":{"allow":["GET"]}}],"collection":[{"href":"https:\/\/moviecrazyplanet.com\/index.php?rest_route=\/wp\/v2\/posts"}],"about":[{"href":"https:\/\/moviecrazyplanet.com\/index.php?rest_route=\/wp\/v2\/types\/post"}],"author":[{"embeddable":true,"href":"https:\/\/moviecrazyplanet.com\/index.php?rest_route=\/wp\/v2\/users\/2"}],"replies":[{"embeddable":true,"href":"https:\/\/moviecrazyplanet.com\/index.php?rest_route=%2Fwp%2Fv2%2Fcomments&post=8314"}],"version-history":[{"count":3,"href":"https:\/\/moviecrazyplanet.com\/index.php?rest_route=\/wp\/v2\/posts\/8314\/revisions"}],"predecessor-version":[{"id":8336,"href":"https:\/\/moviecrazyplanet.com\/index.php?rest_route=\/wp\/v2\/posts\/8314\/revisions\/8336"}],"wp:featuredmedia":[{"embeddable":true,"href":"https:\/\/moviecrazyplanet.com\/index.php?rest_route=\/wp\/v2\/media\/8331"}],"wp:attachment":[{"href":"https:\/\/moviecrazyplanet.com\/index.php?rest_route=%2Fwp%2Fv2%2Fmedia&parent=8314"}],"wp:term":[{"taxonomy":"category","embeddable":true,"href":"https:\/\/moviecrazyplanet.com\/index.php?rest_route=%2Fwp%2Fv2%2Fcategories&post=8314"},{"taxonomy":"post_tag","embeddable":true,"href":"https:\/\/moviecrazyplanet.com\/index.php?rest_route=%2Fwp%2Fv2%2Ftags&post=8314"}],"curies":[{"name":"wp","href":"https:\/\/api.w.org\/{rel}","templated":true}]}}