{"id":8365,"date":"2024-08-24T21:11:24","date_gmt":"2024-08-25T03:11:24","guid":{"rendered":"https:\/\/moviecrazyplanet.com\/?p=8365"},"modified":"2024-08-24T21:13:24","modified_gmt":"2024-08-25T03:13:24","slug":"conoce-a-los-personajes-de-selenkay-nueva-serie-de-fantasia-y-suspenso-de-disney","status":"publish","type":"post","link":"https:\/\/moviecrazyplanet.com\/?p=8365","title":{"rendered":"Conoce a los personajes de Selenkay, nueva serie de fantas\u00eda y suspenso de Disney+"},"content":{"rendered":"<p style=\"font-weight: 400;\">Ser una adolecente com\u00fan nunca fue tan dif\u00edcil.<\/p>\n<p style=\"font-weight: 400;\">Los suscriptores de <strong>Disney+<\/strong> ya pueden disfrutar de <strong><em>Selenkay<\/em><\/strong><em>,<strong>\u00a0<\/strong><\/em>la nueva serie original de fantas\u00eda y suspenso que\u00a0se destaca por su alto valor de producci\u00f3n\u00a0llega a la plataforma con su temporada completa. Realizada por <strong>Metrovisi\u00f3n Producciones<\/strong>, la historia compuesta de <strong>ocho episodios<\/strong> de <strong>40 minutos<\/strong> de duraci\u00f3n est\u00e1 protagonizada por\u00a0<strong>Gina Mastronicola<\/strong>\u00a0(<strong>Sof\u00eda<\/strong>) y presenta un talentoso elenco\u00a0con personajes intrigantes.<\/p>\n<p><img loading=\"lazy\" decoding=\"async\" class=\"alignnone size-full wp-image-8393\" src=\"http:\/\/moviecrazyplanet.com\/wp-content\/uploads\/2024\/08\/Selenkay-001.jpg\" alt=\"\" width=\"849\" height=\"961\" srcset=\"https:\/\/moviecrazyplanet.com\/wp-content\/uploads\/2024\/08\/Selenkay-001.jpg 849w, https:\/\/moviecrazyplanet.com\/wp-content\/uploads\/2024\/08\/Selenkay-001-265x300.jpg 265w, https:\/\/moviecrazyplanet.com\/wp-content\/uploads\/2024\/08\/Selenkay-001-768x869.jpg 768w\" sizes=\"auto, (max-width: 849px) 100vw, 849px\" \/><\/p>\n<p style=\"font-weight: 400;\">En\u00a0<strong><em>Selenkay<\/em><\/strong>, Sof\u00eda Rivera (<strong>Mastronicola<\/strong>) es una adolescente que tiene un solo deseo: ser una chica com\u00fan, ir a la escuela, tener una mejor amiga, enamorarse\u2026 y esto es dif\u00edcil de lograr\u00a0viviendo en lugares remotos, como lo ha hecho toda su vida debido al trabajo de guardaparques de sus\u00a0padres. Pero todo cambia cuando la familia <strong>Rivera<\/strong> se muda a <strong>R\u00edo Vivo<\/strong>, un peque\u00f1o pueblo de monta\u00f1a en la <strong>Patagonia<\/strong>. All\u00ed, <strong>Sof\u00eda<\/strong> finalmente consigue hacer realidad su sue\u00f1o de ir a la escuela secundaria y tener la vida de una adolescente t\u00edpica, pero poco despu\u00e9s de llegar, tiene un accidente en el m\u00e1gico <strong>Lago Selenkay<\/strong>, y repentinamente, un poder sobrenatural e indomable se despierta en su interior, poniendo en peligro la vida que tanto le cost\u00f3 conseguir.\u00a0Al mismo tiempo, los extra\u00f1os hermanos <strong>F\u00e9nix<\/strong> llegan al pueblo y captan la atenci\u00f3n de todos los residentes, incluyendo la de <strong>Sof\u00eda<\/strong>, que no puede evitar sentirse atra\u00edda por Gael (<strong>Manuel Ramos<\/strong>), el hermano del medio.\u00a0Mientras <strong>Sof\u00eda<\/strong> intenta encontrar respuestas para entender lo que le pasa, los <strong>F\u00e9nix<\/strong> buscan concretar una misi\u00f3n secreta, que terminar\u00e1 enfrent\u00e1ndolos a todos en un cruce inesperado y explosivo.<\/p>\n<p><img loading=\"lazy\" decoding=\"async\" class=\"alignnone size-full wp-image-8394\" src=\"http:\/\/moviecrazyplanet.com\/wp-content\/uploads\/2024\/08\/Selenkay-002.jpg\" alt=\"\" width=\"1080\" height=\"1350\" srcset=\"https:\/\/moviecrazyplanet.com\/wp-content\/uploads\/2024\/08\/Selenkay-002.jpg 1080w, https:\/\/moviecrazyplanet.com\/wp-content\/uploads\/2024\/08\/Selenkay-002-240x300.jpg 240w, https:\/\/moviecrazyplanet.com\/wp-content\/uploads\/2024\/08\/Selenkay-002-819x1024.jpg 819w, https:\/\/moviecrazyplanet.com\/wp-content\/uploads\/2024\/08\/Selenkay-002-768x960.jpg 768w, https:\/\/moviecrazyplanet.com\/wp-content\/uploads\/2024\/08\/Selenkay-002-1024x1280.jpg 1024w\" sizes=\"auto, (max-width: 1080px) 100vw, 1080px\" \/><\/p>\n<p style=\"font-weight: 400;\">\u00bfQui\u00e9nes son los personajes que dan vida a la intrigante trama, cargada de magia y misterio?<\/p>\n<p style=\"font-weight: 400;\"><strong>SOF\u00cdA (Gina Mastronicola)<\/strong><\/p>\n<p style=\"font-weight: 400;\"><strong> <img loading=\"lazy\" decoding=\"async\" class=\"alignnone size-full wp-image-8366\" src=\"http:\/\/moviecrazyplanet.com\/wp-content\/uploads\/2024\/08\/Sofia-scaled.jpg\" alt=\"\" width=\"2560\" height=\"1708\" srcset=\"https:\/\/moviecrazyplanet.com\/wp-content\/uploads\/2024\/08\/Sofia-scaled.jpg 2560w, https:\/\/moviecrazyplanet.com\/wp-content\/uploads\/2024\/08\/Sofia-300x200.jpg 300w, https:\/\/moviecrazyplanet.com\/wp-content\/uploads\/2024\/08\/Sofia-1024x683.jpg 1024w, https:\/\/moviecrazyplanet.com\/wp-content\/uploads\/2024\/08\/Sofia-768x512.jpg 768w, https:\/\/moviecrazyplanet.com\/wp-content\/uploads\/2024\/08\/Sofia-1536x1025.jpg 1536w, https:\/\/moviecrazyplanet.com\/wp-content\/uploads\/2024\/08\/Sofia-2048x1366.jpg 2048w\" sizes=\"auto, (max-width: 2560px) 100vw, 2560px\" \/><\/strong><\/p>\n<p style=\"font-weight: 400;\">Es una adolescente inteligente, curiosa y sensible que desarroll\u00f3 un gran poder de adaptaci\u00f3n a lo largo de su vida. Es generosa, amigable y tiene habilidad para percibir en qui\u00e9n puede confiar y en qui\u00e9n, no. La aparici\u00f3n de su nuevo poder sobrenatural la llevar\u00e1 a destrabar aspectos de su personalidad que desconoc\u00eda hasta ahora.<\/p>\n<p>&nbsp;<\/p>\n<p style=\"font-weight: 400;\"><strong>GAEL (Manuel Ramos)<\/strong><\/p>\n<p style=\"font-weight: 400;\"><strong><img loading=\"lazy\" decoding=\"async\" class=\"alignnone size-full wp-image-8367\" src=\"http:\/\/moviecrazyplanet.com\/wp-content\/uploads\/2024\/08\/Gael.jpg\" alt=\"\" width=\"2048\" height=\"1366\" srcset=\"https:\/\/moviecrazyplanet.com\/wp-content\/uploads\/2024\/08\/Gael.jpg 2048w, https:\/\/moviecrazyplanet.com\/wp-content\/uploads\/2024\/08\/Gael-300x200.jpg 300w, https:\/\/moviecrazyplanet.com\/wp-content\/uploads\/2024\/08\/Gael-1024x683.jpg 1024w, https:\/\/moviecrazyplanet.com\/wp-content\/uploads\/2024\/08\/Gael-768x512.jpg 768w, https:\/\/moviecrazyplanet.com\/wp-content\/uploads\/2024\/08\/Gael-1536x1025.jpg 1536w\" sizes=\"auto, (max-width: 2048px) 100vw, 2048px\" \/><\/strong><\/p>\n<p style=\"font-weight: 400;\">Es el hermano del medio de los F\u00e9nix, una familia que al igual que la de Sof\u00eda, reci\u00e9n llega a R\u00edo Vivo. Siempre oculto detr\u00e1s de su capucha, tiene un car\u00e1cter misterioso que resulta atractivo. Gael es compa\u00f1ero de clase de Sof\u00eda.<\/p>\n<p>&nbsp;<\/p>\n<p style=\"font-weight: 400;\"><strong>MICAEL (Francisco V\u00e1zquez)<\/strong><\/p>\n<p style=\"font-weight: 400;\"><strong> <img loading=\"lazy\" decoding=\"async\" class=\"alignnone size-full wp-image-8368\" src=\"http:\/\/moviecrazyplanet.com\/wp-content\/uploads\/2024\/08\/Micael-scaled.jpg\" alt=\"\" width=\"2560\" height=\"1708\" srcset=\"https:\/\/moviecrazyplanet.com\/wp-content\/uploads\/2024\/08\/Micael-scaled.jpg 2560w, https:\/\/moviecrazyplanet.com\/wp-content\/uploads\/2024\/08\/Micael-300x200.jpg 300w, https:\/\/moviecrazyplanet.com\/wp-content\/uploads\/2024\/08\/Micael-1024x683.jpg 1024w, https:\/\/moviecrazyplanet.com\/wp-content\/uploads\/2024\/08\/Micael-768x512.jpg 768w, https:\/\/moviecrazyplanet.com\/wp-content\/uploads\/2024\/08\/Micael-1536x1025.jpg 1536w, https:\/\/moviecrazyplanet.com\/wp-content\/uploads\/2024\/08\/Micael-2048x1366.jpg 2048w\" sizes=\"auto, (max-width: 2560px) 100vw, 2560px\" \/><\/strong><\/p>\n<p style=\"font-weight: 400;\">Es el hermano menor de los F\u00e9nix. Es un gran manipulador que busca agradar para conseguir lo que quiere. Parece tener todo bajo control y ser muy independiente, pero en el fondo siempre est\u00e1 buscando la aprobaci\u00f3n de sus hermanos.<\/p>\n<p>&nbsp;<\/p>\n<p style=\"font-weight: 400;\"><strong>RAFAEL (Valent\u00edn Villafa\u00f1e)<\/strong><\/p>\n<p style=\"font-weight: 400;\"><strong><img loading=\"lazy\" decoding=\"async\" class=\"alignnone size-full wp-image-8369\" src=\"http:\/\/moviecrazyplanet.com\/wp-content\/uploads\/2024\/08\/Rafael-scaled.jpg\" alt=\"\" width=\"2560\" height=\"1708\" srcset=\"https:\/\/moviecrazyplanet.com\/wp-content\/uploads\/2024\/08\/Rafael-scaled.jpg 2560w, https:\/\/moviecrazyplanet.com\/wp-content\/uploads\/2024\/08\/Rafael-300x200.jpg 300w, https:\/\/moviecrazyplanet.com\/wp-content\/uploads\/2024\/08\/Rafael-1024x683.jpg 1024w, https:\/\/moviecrazyplanet.com\/wp-content\/uploads\/2024\/08\/Rafael-768x512.jpg 768w, https:\/\/moviecrazyplanet.com\/wp-content\/uploads\/2024\/08\/Rafael-1536x1025.jpg 1536w, https:\/\/moviecrazyplanet.com\/wp-content\/uploads\/2024\/08\/Rafael-2048x1366.jpg 2048w\" sizes=\"auto, (max-width: 2560px) 100vw, 2560px\" \/><\/strong><\/p>\n<p style=\"font-weight: 400;\">Es el hermano mayor de los F\u00e9nix. Ambicioso, fr\u00edo y de pocas palabras, se encarga de administrar F\u00e9nix, el bar familiar.<\/p>\n<p>&nbsp;<\/p>\n<p style=\"font-weight: 400;\"><strong>IRIS (Mar\u00eda Zubiri)<\/strong><\/p>\n<p style=\"font-weight: 400;\"><strong><img loading=\"lazy\" decoding=\"async\" class=\"alignnone size-full wp-image-8370\" src=\"http:\/\/moviecrazyplanet.com\/wp-content\/uploads\/2024\/08\/Iris-scaled.jpg\" alt=\"\" width=\"2560\" height=\"1708\" srcset=\"https:\/\/moviecrazyplanet.com\/wp-content\/uploads\/2024\/08\/Iris-scaled.jpg 2560w, https:\/\/moviecrazyplanet.com\/wp-content\/uploads\/2024\/08\/Iris-300x200.jpg 300w, https:\/\/moviecrazyplanet.com\/wp-content\/uploads\/2024\/08\/Iris-1024x683.jpg 1024w, https:\/\/moviecrazyplanet.com\/wp-content\/uploads\/2024\/08\/Iris-768x512.jpg 768w, https:\/\/moviecrazyplanet.com\/wp-content\/uploads\/2024\/08\/Iris-1536x1025.jpg 1536w, https:\/\/moviecrazyplanet.com\/wp-content\/uploads\/2024\/08\/Iris-2048x1366.jpg 2048w\" sizes=\"auto, (max-width: 2560px) 100vw, 2560px\" \/><\/strong><\/p>\n<p style=\"font-weight: 400;\">Es la mam\u00e1 de Sof\u00eda. Resolutiva, pr\u00e1ctica y muy perceptiva, se desempe\u00f1a como guardaparques en el Parque Nacional Selenkay junto a su esposo, Pedro.<\/p>\n<p>&nbsp;<\/p>\n<p style=\"font-weight: 400;\"><strong>PEDRO (Alejandro Paker)<\/strong><\/p>\n<p style=\"font-weight: 400;\"><strong><img loading=\"lazy\" decoding=\"async\" class=\"alignnone size-full wp-image-8371\" src=\"http:\/\/moviecrazyplanet.com\/wp-content\/uploads\/2024\/08\/Pedro-scaled.jpg\" alt=\"\" width=\"2560\" height=\"1708\" srcset=\"https:\/\/moviecrazyplanet.com\/wp-content\/uploads\/2024\/08\/Pedro-scaled.jpg 2560w, https:\/\/moviecrazyplanet.com\/wp-content\/uploads\/2024\/08\/Pedro-300x200.jpg 300w, https:\/\/moviecrazyplanet.com\/wp-content\/uploads\/2024\/08\/Pedro-1024x683.jpg 1024w, https:\/\/moviecrazyplanet.com\/wp-content\/uploads\/2024\/08\/Pedro-768x512.jpg 768w, https:\/\/moviecrazyplanet.com\/wp-content\/uploads\/2024\/08\/Pedro-1536x1025.jpg 1536w, https:\/\/moviecrazyplanet.com\/wp-content\/uploads\/2024\/08\/Pedro-2048x1366.jpg 2048w\" sizes=\"auto, (max-width: 2560px) 100vw, 2560px\" \/><\/strong><\/p>\n<p style=\"font-weight: 400;\">Es el padre de Sof\u00eda, un hombre dulce y considerado. A diferencia de su esposa Iris, que tiene los pies sobre la tierra, es sensible, creativo y so\u00f1ador.<\/p>\n<p>&nbsp;<\/p>\n<p style=\"font-weight: 400;\"><strong>LUPO (Juli\u00e1n Caballero)<\/strong><\/p>\n<p style=\"font-weight: 400;\"><strong><img loading=\"lazy\" decoding=\"async\" class=\"alignnone size-full wp-image-8372\" src=\"http:\/\/moviecrazyplanet.com\/wp-content\/uploads\/2024\/08\/Lupo-scaled.jpg\" alt=\"\" width=\"2560\" height=\"1707\" srcset=\"https:\/\/moviecrazyplanet.com\/wp-content\/uploads\/2024\/08\/Lupo-scaled.jpg 2560w, https:\/\/moviecrazyplanet.com\/wp-content\/uploads\/2024\/08\/Lupo-300x200.jpg 300w, https:\/\/moviecrazyplanet.com\/wp-content\/uploads\/2024\/08\/Lupo-1024x683.jpg 1024w, https:\/\/moviecrazyplanet.com\/wp-content\/uploads\/2024\/08\/Lupo-768x512.jpg 768w, https:\/\/moviecrazyplanet.com\/wp-content\/uploads\/2024\/08\/Lupo-1536x1024.jpg 1536w, https:\/\/moviecrazyplanet.com\/wp-content\/uploads\/2024\/08\/Lupo-2048x1366.jpg 2048w\" sizes=\"auto, (max-width: 2560px) 100vw, 2560px\" \/><\/strong><\/p>\n<p style=\"font-weight: 400;\">Es el hermano mayor de Sof\u00eda. Serio, reservado y con un coraz\u00f3n de oro, es el hermano protector y en quien Sof\u00eda m\u00e1s conf\u00eda para hablar de lo que le pasa.<\/p>\n<p>&nbsp;<\/p>\n<p style=\"font-weight: 400;\"><strong>FLOX (Luisina Arito)<\/strong><\/p>\n<p style=\"font-weight: 400;\"><strong><img loading=\"lazy\" decoding=\"async\" class=\"alignnone size-full wp-image-8373\" src=\"http:\/\/moviecrazyplanet.com\/wp-content\/uploads\/2024\/08\/Flox-scaled.jpg\" alt=\"\" width=\"2560\" height=\"1708\" srcset=\"https:\/\/moviecrazyplanet.com\/wp-content\/uploads\/2024\/08\/Flox-scaled.jpg 2560w, https:\/\/moviecrazyplanet.com\/wp-content\/uploads\/2024\/08\/Flox-300x200.jpg 300w, https:\/\/moviecrazyplanet.com\/wp-content\/uploads\/2024\/08\/Flox-1024x683.jpg 1024w, https:\/\/moviecrazyplanet.com\/wp-content\/uploads\/2024\/08\/Flox-768x512.jpg 768w, https:\/\/moviecrazyplanet.com\/wp-content\/uploads\/2024\/08\/Flox-1536x1025.jpg 1536w, https:\/\/moviecrazyplanet.com\/wp-content\/uploads\/2024\/08\/Flox-2048x1366.jpg 2048w\" sizes=\"auto, (max-width: 2560px) 100vw, 2560px\" \/>\u00a0<\/strong><\/p>\n<p style=\"font-weight: 400;\">Es la hermana menor de Sof\u00eda. T\u00edmida y reservada, enfrenta un gran desaf\u00edo al adaptarse a su nueva vida escolar en R\u00edo Vivo. Tiene una fascinaci\u00f3n por el mundo de la bot\u00e1nica y se siente mucho m\u00e1s a gusto con las plantas que con los adolescentes.<\/p>\n<p style=\"font-weight: 400;\"><strong>\u00a0<\/strong><\/p>\n<p style=\"font-weight: 400;\"><strong>DIANA (Thais Rippel)<\/strong><\/p>\n<p style=\"font-weight: 400;\"><strong><img loading=\"lazy\" decoding=\"async\" class=\"alignnone size-full wp-image-8374\" src=\"http:\/\/moviecrazyplanet.com\/wp-content\/uploads\/2024\/08\/Diana-scaled.jpg\" alt=\"\" width=\"2560\" height=\"1707\" srcset=\"https:\/\/moviecrazyplanet.com\/wp-content\/uploads\/2024\/08\/Diana-scaled.jpg 2560w, https:\/\/moviecrazyplanet.com\/wp-content\/uploads\/2024\/08\/Diana-300x200.jpg 300w, https:\/\/moviecrazyplanet.com\/wp-content\/uploads\/2024\/08\/Diana-1024x683.jpg 1024w, https:\/\/moviecrazyplanet.com\/wp-content\/uploads\/2024\/08\/Diana-768x512.jpg 768w, https:\/\/moviecrazyplanet.com\/wp-content\/uploads\/2024\/08\/Diana-1536x1024.jpg 1536w, https:\/\/moviecrazyplanet.com\/wp-content\/uploads\/2024\/08\/Diana-2048x1366.jpg 2048w\" sizes=\"auto, (max-width: 2560px) 100vw, 2560px\" \/><\/strong><\/p>\n<p style=\"font-weight: 400;\">Es la nueva mejor amiga de Sof\u00eda en R\u00edo Vivo, amante de las ciencias naturales, racional y cientificista. Intenta ayudar a Sof\u00eda a entender el extra\u00f1o poder vinculado con el agua.<\/p>\n<p>&nbsp;<\/p>\n<p style=\"font-weight: 400;\"><strong>EMILIA (Carolina Kopelioff)<\/strong><\/p>\n<p style=\"font-weight: 400;\"><strong><img loading=\"lazy\" decoding=\"async\" class=\"alignnone size-full wp-image-8375\" src=\"http:\/\/moviecrazyplanet.com\/wp-content\/uploads\/2024\/08\/Emilia-scaled.jpg\" alt=\"\" width=\"2560\" height=\"1708\" srcset=\"https:\/\/moviecrazyplanet.com\/wp-content\/uploads\/2024\/08\/Emilia-scaled.jpg 2560w, https:\/\/moviecrazyplanet.com\/wp-content\/uploads\/2024\/08\/Emilia-300x200.jpg 300w, https:\/\/moviecrazyplanet.com\/wp-content\/uploads\/2024\/08\/Emilia-1024x683.jpg 1024w, https:\/\/moviecrazyplanet.com\/wp-content\/uploads\/2024\/08\/Emilia-768x512.jpg 768w, https:\/\/moviecrazyplanet.com\/wp-content\/uploads\/2024\/08\/Emilia-1536x1025.jpg 1536w, https:\/\/moviecrazyplanet.com\/wp-content\/uploads\/2024\/08\/Emilia-2048x1366.jpg 2048w\" sizes=\"auto, (max-width: 2560px) 100vw, 2560px\" \/><\/strong><\/p>\n<p style=\"font-weight: 400;\">Es la hija del intendente del pueblo. Amable y de amplia sonrisa, Emilia es popular dentro de la escuela y lo usa a su favor.<\/p>\n<p>&nbsp;<\/p>\n<p style=\"font-weight: 400;\"><strong>TACU (Nahuel Pirovano)<\/strong><\/p>\n<p style=\"font-weight: 400;\"><strong><img loading=\"lazy\" decoding=\"async\" class=\"alignnone size-full wp-image-8376\" src=\"http:\/\/moviecrazyplanet.com\/wp-content\/uploads\/2024\/08\/Tacu-scaled.jpg\" alt=\"\" width=\"2560\" height=\"1708\" srcset=\"https:\/\/moviecrazyplanet.com\/wp-content\/uploads\/2024\/08\/Tacu-scaled.jpg 2560w, https:\/\/moviecrazyplanet.com\/wp-content\/uploads\/2024\/08\/Tacu-300x200.jpg 300w, https:\/\/moviecrazyplanet.com\/wp-content\/uploads\/2024\/08\/Tacu-1024x683.jpg 1024w, https:\/\/moviecrazyplanet.com\/wp-content\/uploads\/2024\/08\/Tacu-768x512.jpg 768w, https:\/\/moviecrazyplanet.com\/wp-content\/uploads\/2024\/08\/Tacu-1536x1025.jpg 1536w, https:\/\/moviecrazyplanet.com\/wp-content\/uploads\/2024\/08\/Tacu-2048x1366.jpg 2048w\" sizes=\"auto, (max-width: 2560px) 100vw, 2560px\" \/><\/strong><\/p>\n<p style=\"font-weight: 400;\">Tacu pertenece a uno de los pueblos originarios de la zona y fue criado por su t\u00eda Navera. Es un joven silencioso y retra\u00eddo que toca la guitarra y es amante de la m\u00fasica. Tacu tiene hipoacusia<\/p>\n<p>&nbsp;<\/p>\n<p style=\"font-weight: 400;\"><strong>NAVERA (Charo Bogar\u00edn)<\/strong><\/p>\n<p style=\"font-weight: 400;\"><strong><img loading=\"lazy\" decoding=\"async\" class=\"alignnone size-full wp-image-8377\" src=\"http:\/\/moviecrazyplanet.com\/wp-content\/uploads\/2024\/08\/Nevera-scaled.jpg\" alt=\"\" width=\"2560\" height=\"1708\" srcset=\"https:\/\/moviecrazyplanet.com\/wp-content\/uploads\/2024\/08\/Nevera-scaled.jpg 2560w, https:\/\/moviecrazyplanet.com\/wp-content\/uploads\/2024\/08\/Nevera-300x200.jpg 300w, https:\/\/moviecrazyplanet.com\/wp-content\/uploads\/2024\/08\/Nevera-1024x683.jpg 1024w, https:\/\/moviecrazyplanet.com\/wp-content\/uploads\/2024\/08\/Nevera-768x512.jpg 768w, https:\/\/moviecrazyplanet.com\/wp-content\/uploads\/2024\/08\/Nevera-1536x1025.jpg 1536w, https:\/\/moviecrazyplanet.com\/wp-content\/uploads\/2024\/08\/Nevera-2048x1366.jpg 2048w\" sizes=\"auto, (max-width: 2560px) 100vw, 2560px\" \/><\/strong><\/p>\n<p style=\"font-weight: 400;\">Orfebre y naturalista, Navera vive en un cerro, alejada del pueblo, junto a su sobrino, Tacu. Es descendiente de nativos y tiene un gran conocimiento de la flora de la zona.<\/p>\n<p>&nbsp;<\/p>\n<p style=\"font-weight: 400;\"><strong>AURORA (Monna Anton\u00f3pulos)<\/strong><\/p>\n<p style=\"font-weight: 400;\"><strong><img loading=\"lazy\" decoding=\"async\" class=\"alignnone size-full wp-image-8378\" src=\"http:\/\/moviecrazyplanet.com\/wp-content\/uploads\/2024\/08\/Aurora-scaled.jpg\" alt=\"\" width=\"2560\" height=\"1708\" srcset=\"https:\/\/moviecrazyplanet.com\/wp-content\/uploads\/2024\/08\/Aurora-scaled.jpg 2560w, https:\/\/moviecrazyplanet.com\/wp-content\/uploads\/2024\/08\/Aurora-300x200.jpg 300w, https:\/\/moviecrazyplanet.com\/wp-content\/uploads\/2024\/08\/Aurora-1024x683.jpg 1024w, https:\/\/moviecrazyplanet.com\/wp-content\/uploads\/2024\/08\/Aurora-768x512.jpg 768w, https:\/\/moviecrazyplanet.com\/wp-content\/uploads\/2024\/08\/Aurora-1536x1025.jpg 1536w, https:\/\/moviecrazyplanet.com\/wp-content\/uploads\/2024\/08\/Aurora-2048x1366.jpg 2048w\" sizes=\"auto, (max-width: 2560px) 100vw, 2560px\" \/><\/strong><\/p>\n<p style=\"font-weight: 400;\">Es una mujer enigm\u00e1tica cuyo camino se cruza con el de Sof\u00eda.<\/p>\n<p style=\"font-weight: 400;\"><strong>\u00a0<\/strong><\/p>\n<p style=\"font-weight: 400;\"><strong>PATRICK (Joaqu\u00edn Berthold)<\/strong><\/p>\n<p style=\"font-weight: 400;\"><strong><img loading=\"lazy\" decoding=\"async\" class=\"alignnone size-full wp-image-8379\" src=\"http:\/\/moviecrazyplanet.com\/wp-content\/uploads\/2024\/08\/Patrick-scaled.jpg\" alt=\"\" width=\"2560\" height=\"1708\" srcset=\"https:\/\/moviecrazyplanet.com\/wp-content\/uploads\/2024\/08\/Patrick-scaled.jpg 2560w, https:\/\/moviecrazyplanet.com\/wp-content\/uploads\/2024\/08\/Patrick-300x200.jpg 300w, https:\/\/moviecrazyplanet.com\/wp-content\/uploads\/2024\/08\/Patrick-1024x683.jpg 1024w, https:\/\/moviecrazyplanet.com\/wp-content\/uploads\/2024\/08\/Patrick-768x512.jpg 768w, https:\/\/moviecrazyplanet.com\/wp-content\/uploads\/2024\/08\/Patrick-1536x1025.jpg 1536w, https:\/\/moviecrazyplanet.com\/wp-content\/uploads\/2024\/08\/Patrick-2048x1366.jpg 2048w\" sizes=\"auto, (max-width: 2560px) 100vw, 2560px\" \/><\/strong><\/p>\n<p style=\"font-weight: 400;\">Trotamundos, mezcla de artista y explorador de las ciencias naturales, llega a R\u00edo Vivo por un trabajo. Patrick es amante de la naturaleza y un experto en \u00e1rboles.<\/p>\n<p>&nbsp;<\/p>\n<p style=\"font-weight: 400;\"><strong>LUCIO (Mario Alarc\u00f3n)<\/strong><\/p>\n<p style=\"font-weight: 400;\"><strong><img loading=\"lazy\" decoding=\"async\" class=\"alignnone size-full wp-image-8380\" src=\"http:\/\/moviecrazyplanet.com\/wp-content\/uploads\/2024\/08\/Lucio-scaled.jpg\" alt=\"\" width=\"2560\" height=\"1708\" srcset=\"https:\/\/moviecrazyplanet.com\/wp-content\/uploads\/2024\/08\/Lucio-scaled.jpg 2560w, https:\/\/moviecrazyplanet.com\/wp-content\/uploads\/2024\/08\/Lucio-300x200.jpg 300w, https:\/\/moviecrazyplanet.com\/wp-content\/uploads\/2024\/08\/Lucio-1024x683.jpg 1024w, https:\/\/moviecrazyplanet.com\/wp-content\/uploads\/2024\/08\/Lucio-768x512.jpg 768w, https:\/\/moviecrazyplanet.com\/wp-content\/uploads\/2024\/08\/Lucio-1536x1025.jpg 1536w, https:\/\/moviecrazyplanet.com\/wp-content\/uploads\/2024\/08\/Lucio-2048x1366.jpg 2048w\" sizes=\"auto, (max-width: 2560px) 100vw, 2560px\" \/>\u00a0<\/strong><\/p>\n<p style=\"font-weight: 400;\">Es un personaje entra\u00f1able de R\u00edo Vivo. Tiene una personalidad algo peculiar y siente especial afecto por su perro, Roberto. Lucio es el due\u00f1o de la vieja herrer\u00eda que alberga el bar de los F\u00e9nix.<\/p>\n<p>&nbsp;<\/p>\n<p style=\"font-weight: 400;\"><strong>INTENDENTE FRANK (Gustavo Mas\u00f3)<\/strong><\/p>\n<p style=\"font-weight: 400;\"><strong><img loading=\"lazy\" decoding=\"async\" class=\"alignnone size-full wp-image-8381\" src=\"http:\/\/moviecrazyplanet.com\/wp-content\/uploads\/2024\/08\/Intendente-Frank-scaled.jpg\" alt=\"\" width=\"2560\" height=\"1707\" srcset=\"https:\/\/moviecrazyplanet.com\/wp-content\/uploads\/2024\/08\/Intendente-Frank-scaled.jpg 2560w, https:\/\/moviecrazyplanet.com\/wp-content\/uploads\/2024\/08\/Intendente-Frank-300x200.jpg 300w, https:\/\/moviecrazyplanet.com\/wp-content\/uploads\/2024\/08\/Intendente-Frank-1024x683.jpg 1024w, https:\/\/moviecrazyplanet.com\/wp-content\/uploads\/2024\/08\/Intendente-Frank-768x512.jpg 768w, https:\/\/moviecrazyplanet.com\/wp-content\/uploads\/2024\/08\/Intendente-Frank-1536x1024.jpg 1536w, https:\/\/moviecrazyplanet.com\/wp-content\/uploads\/2024\/08\/Intendente-Frank-2048x1365.jpg 2048w\" sizes=\"auto, (max-width: 2560px) 100vw, 2560px\" \/>\u00a0<\/strong><\/p>\n<p style=\"font-weight: 400;\">Es el intendente de <strong>R\u00edo Vivo<\/strong> y proviene de una familia con largas ra\u00edces en la comunidad. Naci\u00f3 y creci\u00f3 en el pueblo y es un hombre respetado por la comunidad. Es el padre de <strong>Emilia<\/strong>.<\/p>\n<p><img loading=\"lazy\" decoding=\"async\" class=\"alignnone size-full wp-image-8395\" src=\"http:\/\/moviecrazyplanet.com\/wp-content\/uploads\/2024\/08\/Selenkay-003.jpg\" alt=\"\" width=\"1080\" height=\"1350\" srcset=\"https:\/\/moviecrazyplanet.com\/wp-content\/uploads\/2024\/08\/Selenkay-003.jpg 1080w, https:\/\/moviecrazyplanet.com\/wp-content\/uploads\/2024\/08\/Selenkay-003-240x300.jpg 240w, https:\/\/moviecrazyplanet.com\/wp-content\/uploads\/2024\/08\/Selenkay-003-819x1024.jpg 819w, https:\/\/moviecrazyplanet.com\/wp-content\/uploads\/2024\/08\/Selenkay-003-768x960.jpg 768w, https:\/\/moviecrazyplanet.com\/wp-content\/uploads\/2024\/08\/Selenkay-003-1024x1280.jpg 1024w\" sizes=\"auto, (max-width: 1080px) 100vw, 1080px\" \/><\/p>\n<p>Disfruta el <strong>tr\u00e1iler oficial <\/strong>de <strong>Selenkay<\/strong>, temporada completa disponible ahora en <strong>Disney+<\/strong>.<\/p>\n<p><iframe loading=\"lazy\" title=\"Selenkay | Tr\u00e1iler oficial |\u00a0Disney+\" width=\"640\" height=\"360\" src=\"https:\/\/www.youtube.com\/embed\/VzK6YQ9Eovg?feature=oembed\" frameborder=\"0\" allow=\"accelerometer; autoplay; clipboard-write; encrypted-media; gyroscope; picture-in-picture; web-share\" referrerpolicy=\"strict-origin-when-cross-origin\" allowfullscreen><\/iframe><\/p>\n<p style=\"font-weight: 400;\">La <strong>segunda temporada<\/strong> de la serie est\u00e1 confirmada y llegar\u00e1 este a\u00f1o a <strong>Disney+<\/strong>.<\/p>\n<p><a href=\"https:\/\/www.disneyplus.com\/es-mx?cid=DSS-Search-Google-71700000075996355-&amp;s_kwcid=AL!8468!3!702200642612!e!!g!!disney%20plus&amp;gad_source=1&amp;gclid=CjwKCAjwiaa2BhAiEiwAQBgyHo2dO7uhZpGZRRYkzosk2zW0ABvyIF9h2Tjulo7paAvY0ymq0i9wdBoCn-IQAvD_BwE&amp;gclsrc=aw.ds\" target=\"_blank\" rel=\"noopener\"><img loading=\"lazy\" decoding=\"async\" class=\"alignnone size-full wp-image-5604\" src=\"http:\/\/moviecrazyplanet.com\/wp-content\/uploads\/2024\/03\/Disney-Plus-logo-rectangular.jpg\" alt=\"\" width=\"2000\" height=\"1125\" srcset=\"https:\/\/moviecrazyplanet.com\/wp-content\/uploads\/2024\/03\/Disney-Plus-logo-rectangular.jpg 2000w, https:\/\/moviecrazyplanet.com\/wp-content\/uploads\/2024\/03\/Disney-Plus-logo-rectangular-300x169.jpg 300w, https:\/\/moviecrazyplanet.com\/wp-content\/uploads\/2024\/03\/Disney-Plus-logo-rectangular-1024x576.jpg 1024w, https:\/\/moviecrazyplanet.com\/wp-content\/uploads\/2024\/03\/Disney-Plus-logo-rectangular-768x432.jpg 768w, https:\/\/moviecrazyplanet.com\/wp-content\/uploads\/2024\/03\/Disney-Plus-logo-rectangular-1536x864.jpg 1536w, https:\/\/moviecrazyplanet.com\/wp-content\/uploads\/2024\/03\/Disney-Plus-logo-rectangular-1280x720.jpg 1280w\" sizes=\"auto, (max-width: 2000px) 100vw, 2000px\" \/><\/a><\/p>\n<p>Con informaci\u00f3n de <strong>Disney+<\/strong> gracias a <strong>Disney Prensa M\u00e9xico<\/strong>.<\/p>\n","protected":false},"excerpt":{"rendered":"<p>Ser una adolecente com\u00fan nunca fue tan dif\u00edcil. Los suscriptores de Disney+ ya pueden disfrutar de Selenkay,\u00a0la nueva serie original de fantas\u00eda y suspenso que\u00a0se destaca por su alto valor de producci\u00f3n\u00a0llega a la plataforma con su temporada completa. Realizada por Metrovisi\u00f3n Producciones, la historia compuesta de ocho episodios de 40 minutos de duraci\u00f3n est\u00e1 [&hellip;]<\/p>\n","protected":false},"author":2,"featured_media":8402,"comment_status":"open","ping_status":"open","sticky":false,"template":"","format":"standard","meta":{"footnotes":""},"categories":[55,72,59,64,88],"tags":[],"class_list":["post-8365","post","type-post","status-publish","format-standard","has-post-thumbnail","hentry","category-aventura","category-disney","category-drama","category-fantasia","category-misterio"],"_links":{"self":[{"href":"https:\/\/moviecrazyplanet.com\/index.php?rest_route=\/wp\/v2\/posts\/8365","targetHints":{"allow":["GET"]}}],"collection":[{"href":"https:\/\/moviecrazyplanet.com\/index.php?rest_route=\/wp\/v2\/posts"}],"about":[{"href":"https:\/\/moviecrazyplanet.com\/index.php?rest_route=\/wp\/v2\/types\/post"}],"author":[{"embeddable":true,"href":"https:\/\/moviecrazyplanet.com\/index.php?rest_route=\/wp\/v2\/users\/2"}],"replies":[{"embeddable":true,"href":"https:\/\/moviecrazyplanet.com\/index.php?rest_route=%2Fwp%2Fv2%2Fcomments&post=8365"}],"version-history":[{"count":5,"href":"https:\/\/moviecrazyplanet.com\/index.php?rest_route=\/wp\/v2\/posts\/8365\/revisions"}],"predecessor-version":[{"id":8401,"href":"https:\/\/moviecrazyplanet.com\/index.php?rest_route=\/wp\/v2\/posts\/8365\/revisions\/8401"}],"wp:featuredmedia":[{"embeddable":true,"href":"https:\/\/moviecrazyplanet.com\/index.php?rest_route=\/wp\/v2\/media\/8402"}],"wp:attachment":[{"href":"https:\/\/moviecrazyplanet.com\/index.php?rest_route=%2Fwp%2Fv2%2Fmedia&parent=8365"}],"wp:term":[{"taxonomy":"category","embeddable":true,"href":"https:\/\/moviecrazyplanet.com\/index.php?rest_route=%2Fwp%2Fv2%2Fcategories&post=8365"},{"taxonomy":"post_tag","embeddable":true,"href":"https:\/\/moviecrazyplanet.com\/index.php?rest_route=%2Fwp%2Fv2%2Ftags&post=8365"}],"curies":[{"name":"wp","href":"https:\/\/api.w.org\/{rel}","templated":true}]}}