{"id":8737,"date":"2024-09-20T18:02:48","date_gmt":"2024-09-21T00:02:48","guid":{"rendered":"https:\/\/moviecrazyplanet.com\/?p=8737"},"modified":"2024-09-20T18:02:48","modified_gmt":"2024-09-21T00:02:48","slug":"eugenio-derbez-protagoniza-la-serie-y-llegaron-de-noche","status":"publish","type":"post","link":"https:\/\/moviecrazyplanet.com\/?p=8737","title":{"rendered":"Eugenio Derbez protagoniza la serie &#8230;Y Llegaron de Noche"},"content":{"rendered":"<p><strong>ViX<\/strong>, el servicio de streaming en espa\u00f1ol l\u00edder en el mundo, anunci\u00f3 que su nueva serie original protagonizada, producida y dirigida por <strong>Eugenio Derbez<\/strong>, &#8230;<strong>Y LLEGARON DE NOCHE<\/strong>, se estrenar\u00e1 el <strong>4 de octubre<\/strong>. Los dos primeros episodios estar\u00e1n disponibles en el plan premium del servicio y cada <strong>viernes<\/strong> se estrenar\u00e1 un <strong>cap\u00edtulo nuevo<\/strong>. Adem\u00e1s, el <strong>primer episodio<\/strong> se podr\u00e1 disfrutar en <strong>ViX Gratis<\/strong>.<\/p>\n<p><img loading=\"lazy\" decoding=\"async\" class=\"alignnone size-full wp-image-8741\" src=\"http:\/\/moviecrazyplanet.com\/wp-content\/uploads\/2024\/09\/Y-Llegaron-de-noche-poster-01-1.jpg\" alt=\"\" width=\"641\" height=\"973\" srcset=\"https:\/\/moviecrazyplanet.com\/wp-content\/uploads\/2024\/09\/Y-Llegaron-de-noche-poster-01-1.jpg 641w, https:\/\/moviecrazyplanet.com\/wp-content\/uploads\/2024\/09\/Y-Llegaron-de-noche-poster-01-1-198x300.jpg 198w\" sizes=\"auto, (max-width: 641px) 100vw, 641px\" \/><\/p>\n<p><strong>&#8230;Y LLEGARON DE NOCHE<\/strong> marca el regreso de <strong>Eugenio Derbez<\/strong> a la comedia en espa\u00f1ol despu\u00e9s de <strong>m\u00e1s de diez a\u00f1os<\/strong> y es su primera <strong>comedia original<\/strong> como parte del acuerdo de acceso preferencial <strong>o first-look<\/strong> entre <strong>3Pas Studios<\/strong> y <strong>ViX<\/strong>.<\/p>\n<p>La serie original de <strong>ViX<\/strong> es protagonizada tambi\u00e9n por <strong>Yare Santana<\/strong>, <strong>Sofia Ni\u00f1o de Rivera<\/strong>, <strong>AJ Vaage<\/strong> y <strong>Jason Alexander<\/strong> (\u201cSeinfeld\u201d).<\/p>\n<p><img loading=\"lazy\" decoding=\"async\" class=\"alignnone size-full wp-image-8744\" src=\"http:\/\/moviecrazyplanet.com\/wp-content\/uploads\/2024\/09\/Y-Llegaron-de-Noche-Eugenio-Derbez.jpg\" alt=\"\" width=\"760\" height=\"576\" srcset=\"https:\/\/moviecrazyplanet.com\/wp-content\/uploads\/2024\/09\/Y-Llegaron-de-Noche-Eugenio-Derbez.jpg 760w, https:\/\/moviecrazyplanet.com\/wp-content\/uploads\/2024\/09\/Y-Llegaron-de-Noche-Eugenio-Derbez-300x227.jpg 300w\" sizes=\"auto, (max-width: 760px) 100vw, 760px\" \/><\/p>\n<p>Inspirada en hechos reales, la divertida comedia cuenta la historia detr\u00e1s de c\u00e1maras de c\u00f3mo un grupo de Latinos cre\u00f3 el mejor filme de <strong>Dr\u00e1cula<\/strong>, uno que pocos han visto: la versi\u00f3n en espa\u00f1ol de la <strong>cl\u00e1sica pel\u00edcula<\/strong> de <strong>1931<\/strong>. Mientras <strong>Bela Lugosi<\/strong> filmaba de d\u00eda, otro elenco y equipo llegaban de noche para producir la pel\u00edcula en espa\u00f1ol, usando el mismo escenario, vestuario y un guion traducido. Trabajando desde el anochecer hasta el amanecer crearon, contra todo pron\u00f3stico, una versi\u00f3n superior a la original.<\/p>\n<p><img loading=\"lazy\" decoding=\"async\" class=\"alignnone size-full wp-image-8745\" src=\"http:\/\/moviecrazyplanet.com\/wp-content\/uploads\/2024\/09\/Y-llegaron-de-Noche-003.jpg\" alt=\"\" width=\"1920\" height=\"1080\" srcset=\"https:\/\/moviecrazyplanet.com\/wp-content\/uploads\/2024\/09\/Y-llegaron-de-Noche-003.jpg 1920w, https:\/\/moviecrazyplanet.com\/wp-content\/uploads\/2024\/09\/Y-llegaron-de-Noche-003-300x169.jpg 300w, https:\/\/moviecrazyplanet.com\/wp-content\/uploads\/2024\/09\/Y-llegaron-de-Noche-003-1024x576.jpg 1024w, https:\/\/moviecrazyplanet.com\/wp-content\/uploads\/2024\/09\/Y-llegaron-de-Noche-003-768x432.jpg 768w, https:\/\/moviecrazyplanet.com\/wp-content\/uploads\/2024\/09\/Y-llegaron-de-Noche-003-1536x864.jpg 1536w, https:\/\/moviecrazyplanet.com\/wp-content\/uploads\/2024\/09\/Y-llegaron-de-Noche-003-1280x720.jpg 1280w\" sizes=\"auto, (max-width: 1920px) 100vw, 1920px\" \/><\/p>\n<p>Forman parte del elenco <strong>Diana Bovio<\/strong>, <strong>Laura Ferreti<\/strong>, <strong>Manuel \u201cEl Flaco\u201d Iba\u00f1ez<\/strong>, <strong>Daniel Sosa<\/strong>, <strong>John Goodrich<\/strong>, <strong>Federico Espejo<\/strong>, <strong>Daniel Raymond<\/strong>, <strong>Gerardo Velazquez<\/strong> y <strong>Fernando Memije<\/strong>.<\/p>\n<p>La serie fue creada y escrita por <strong>Rob Greenberg<\/strong> y <strong>Bob Fisher<\/strong> (\u201cThe Valet\u201d y \u201cOverboard\u201d). <strong>Ben Odell<\/strong>, <strong>Eugenio Derbez<\/strong> y <strong>Javier Williams<\/strong> son los productores ejecutivos a nombre de <strong>3Pas Studios<\/strong>. <strong>Eugenio Derbez<\/strong> es adem\u00e1s <strong>showrunner<\/strong> y <strong>director del piloto<\/strong>. <strong>Jorge Ulloa<\/strong>, <strong>Pipe Ybarra<\/strong> y <strong>Alessandro Damiani<\/strong> son tambi\u00e9n directores y el trabajo de producci\u00f3n de &#8230;<strong>Y LLEGARON DE NOCHE<\/strong> est\u00e1 a cargo de <strong>Visceral<\/strong>, con <strong>Pablo Calasso<\/strong> como su productor ejecutivo.<\/p>\n<p>La tranquilidad de la noche se convierte en caos cuando un envejecido <strong>divo de Hollywood<\/strong> es elegido para protagonizar la versi\u00f3n en espa\u00f1ol de <strong>Dr\u00e1cula<\/strong>.<\/p>\n<p><img loading=\"lazy\" decoding=\"async\" class=\"alignnone size-full wp-image-8743\" src=\"http:\/\/moviecrazyplanet.com\/wp-content\/uploads\/2024\/09\/Y-Llelegaron-de-Noche-poster-02-2.jpg\" alt=\"\" width=\"1365\" height=\"2048\" srcset=\"https:\/\/moviecrazyplanet.com\/wp-content\/uploads\/2024\/09\/Y-Llelegaron-de-Noche-poster-02-2.jpg 1365w, https:\/\/moviecrazyplanet.com\/wp-content\/uploads\/2024\/09\/Y-Llelegaron-de-Noche-poster-02-2-200x300.jpg 200w, https:\/\/moviecrazyplanet.com\/wp-content\/uploads\/2024\/09\/Y-Llelegaron-de-Noche-poster-02-2-683x1024.jpg 683w, https:\/\/moviecrazyplanet.com\/wp-content\/uploads\/2024\/09\/Y-Llelegaron-de-Noche-poster-02-2-768x1152.jpg 768w, https:\/\/moviecrazyplanet.com\/wp-content\/uploads\/2024\/09\/Y-Llelegaron-de-Noche-poster-02-2-1024x1536.jpg 1024w\" sizes=\"auto, (max-width: 1365px) 100vw, 1365px\" \/><\/p>\n<p><strong>Eugenio Derbez<\/strong> protagoniza, produce y dirige <strong>&#8230;Y LLEGARON DE NOCHE<\/strong>, los <strong>dos primeros episodios<\/strong> estrenan el <strong>4 de octubre<\/strong> y cada <strong>viernes<\/strong> nuevos episodios en <strong>ViX<\/strong>.<\/p>\n<p><iframe loading=\"lazy\" title=\"Y Llegaron de Noche | Tr\u00e1iler oficial | ViX\" width=\"640\" height=\"360\" src=\"https:\/\/www.youtube.com\/embed\/HSTtpJmGa2U?feature=oembed\" frameborder=\"0\" allow=\"accelerometer; autoplay; clipboard-write; encrypted-media; gyroscope; picture-in-picture; web-share\" referrerpolicy=\"strict-origin-when-cross-origin\" allowfullscreen><\/iframe><\/p>\n<p><a href=\"http:\/\/vix.com\" target=\"_blank\" rel=\"noopener\"><img loading=\"lazy\" decoding=\"async\" class=\"alignnone size-full wp-image-1364\" src=\"http:\/\/moviecrazyplanet.com\/wp-content\/uploads\/2023\/07\/zyro-image.png-3.jpg\" alt=\"\" width=\"1480\" height=\"912\" srcset=\"https:\/\/moviecrazyplanet.com\/wp-content\/uploads\/2023\/07\/zyro-image.png-3.jpg 1480w, https:\/\/moviecrazyplanet.com\/wp-content\/uploads\/2023\/07\/zyro-image.png-3-300x185.jpg 300w, https:\/\/moviecrazyplanet.com\/wp-content\/uploads\/2023\/07\/zyro-image.png-3-1024x631.jpg 1024w, https:\/\/moviecrazyplanet.com\/wp-content\/uploads\/2023\/07\/zyro-image.png-3-768x473.jpg 768w\" sizes=\"auto, (max-width: 1480px) 100vw, 1480px\" \/><\/a><\/p>\n<p>Con informaci\u00f3n de <strong>ViX<\/strong>\u00a0 gracias a <strong>Televisa Univisi\u00f3n<\/strong>.<\/p>\n","protected":false},"excerpt":{"rendered":"<p>ViX, el servicio de streaming en espa\u00f1ol l\u00edder en el mundo, anunci\u00f3 que su nueva serie original protagonizada, producida y dirigida por Eugenio Derbez, &#8230;Y LLEGARON DE NOCHE, se estrenar\u00e1 el 4 de octubre. Los dos primeros episodios estar\u00e1n disponibles en el plan premium del servicio y cada viernes se estrenar\u00e1 un cap\u00edtulo nuevo. Adem\u00e1s, [&hellip;]<\/p>\n","protected":false},"author":2,"featured_media":8748,"comment_status":"open","ping_status":"open","sticky":false,"template":"","format":"standard","meta":{"footnotes":""},"categories":[57,71],"tags":[],"class_list":["post-8737","post","type-post","status-publish","format-standard","has-post-thumbnail","hentry","category-comedia","category-vix-original"],"_links":{"self":[{"href":"https:\/\/moviecrazyplanet.com\/index.php?rest_route=\/wp\/v2\/posts\/8737","targetHints":{"allow":["GET"]}}],"collection":[{"href":"https:\/\/moviecrazyplanet.com\/index.php?rest_route=\/wp\/v2\/posts"}],"about":[{"href":"https:\/\/moviecrazyplanet.com\/index.php?rest_route=\/wp\/v2\/types\/post"}],"author":[{"embeddable":true,"href":"https:\/\/moviecrazyplanet.com\/index.php?rest_route=\/wp\/v2\/users\/2"}],"replies":[{"embeddable":true,"href":"https:\/\/moviecrazyplanet.com\/index.php?rest_route=%2Fwp%2Fv2%2Fcomments&post=8737"}],"version-history":[{"count":1,"href":"https:\/\/moviecrazyplanet.com\/index.php?rest_route=\/wp\/v2\/posts\/8737\/revisions"}],"predecessor-version":[{"id":8749,"href":"https:\/\/moviecrazyplanet.com\/index.php?rest_route=\/wp\/v2\/posts\/8737\/revisions\/8749"}],"wp:featuredmedia":[{"embeddable":true,"href":"https:\/\/moviecrazyplanet.com\/index.php?rest_route=\/wp\/v2\/media\/8748"}],"wp:attachment":[{"href":"https:\/\/moviecrazyplanet.com\/index.php?rest_route=%2Fwp%2Fv2%2Fmedia&parent=8737"}],"wp:term":[{"taxonomy":"category","embeddable":true,"href":"https:\/\/moviecrazyplanet.com\/index.php?rest_route=%2Fwp%2Fv2%2Fcategories&post=8737"},{"taxonomy":"post_tag","embeddable":true,"href":"https:\/\/moviecrazyplanet.com\/index.php?rest_route=%2Fwp%2Fv2%2Ftags&post=8737"}],"curies":[{"name":"wp","href":"https:\/\/api.w.org\/{rel}","templated":true}]}}