{"id":9297,"date":"2024-10-16T09:11:00","date_gmt":"2024-10-16T15:11:00","guid":{"rendered":"https:\/\/moviecrazyplanet.com\/?p=9297"},"modified":"2024-10-16T09:11:00","modified_gmt":"2024-10-16T15:11:00","slug":"pedro-paramo-la-adaptacion-cinematografica-llega-a-netflix","status":"publish","type":"post","link":"https:\/\/moviecrazyplanet.com\/?p=9297","title":{"rendered":"Pedro P\u00e1ramo, la adaptaci\u00f3n cinematogr\u00e1fica llega a Netflix"},"content":{"rendered":"<p>Vine a Comala porque me dijeron que ac\u00e1 viv\u00eda mi padre, un tal&#8230; Pedro P\u00e1ramo.<\/p>\n<p><strong>Pedro P\u00e1ramo<\/strong>, la adaptaci\u00f3n cinematogr\u00e1fica de la obra cumbre de <strong>Juan Rulfo<\/strong>, presenta su primer adelanto. Estar\u00e1 disponible globalmente en <strong>Netflix<\/strong> el <strong>6 de noviembre<\/strong>.<\/p>\n<figure id=\"attachment_9306\" aria-describedby=\"caption-attachment-9306\" style=\"width: 2560px\" class=\"wp-caption alignnone\"><img loading=\"lazy\" decoding=\"async\" class=\"size-full wp-image-9306\" src=\"http:\/\/moviecrazyplanet.com\/wp-content\/uploads\/2024\/10\/Pedro_Paramo_u_00_38_08_02_R-scaled.jpg\" alt=\"\" width=\"2560\" height=\"1251\" srcset=\"https:\/\/moviecrazyplanet.com\/wp-content\/uploads\/2024\/10\/Pedro_Paramo_u_00_38_08_02_R-scaled.jpg 2560w, https:\/\/moviecrazyplanet.com\/wp-content\/uploads\/2024\/10\/Pedro_Paramo_u_00_38_08_02_R-300x147.jpg 300w, https:\/\/moviecrazyplanet.com\/wp-content\/uploads\/2024\/10\/Pedro_Paramo_u_00_38_08_02_R-1024x500.jpg 1024w, https:\/\/moviecrazyplanet.com\/wp-content\/uploads\/2024\/10\/Pedro_Paramo_u_00_38_08_02_R-768x375.jpg 768w, https:\/\/moviecrazyplanet.com\/wp-content\/uploads\/2024\/10\/Pedro_Paramo_u_00_38_08_02_R-1536x751.jpg 1536w, https:\/\/moviecrazyplanet.com\/wp-content\/uploads\/2024\/10\/Pedro_Paramo_u_00_38_08_02_R-2048x1001.jpg 2048w\" sizes=\"auto, (max-width: 2560px) 100vw, 2560px\" \/><figcaption id=\"caption-attachment-9306\" class=\"wp-caption-text\">Pedro P\u00e1ramo. (L to R) Manuel Garc\u00eda Rulfo as Pedro P\u00e1ramo in Pedro P\u00e1ramo. Cr. Courtesy of Netflix \/ \u00a92024<\/figcaption><\/figure>\n<p>La pel\u00edcula marca el debut directorial del reconocido cinefot\u00f3grafo mexicano <strong>Rodrigo Prieto<\/strong>. Detr\u00e1s de c\u00e1maras cuenta con un equipo internacionalmente reconocido: el guion es de <strong>Mateo Gil<\/strong>; el dise\u00f1o de producci\u00f3n estuvo a cargo de <strong>Eugenio Caballero<\/strong> y <strong>Carlos Y. Jacques<\/strong>; <strong>Prieto<\/strong> y <strong>Nico Aguilar<\/strong> realizaron la fotograf\u00eda; el dise\u00f1o de vestuario es de <strong>Anna Terrazas<\/strong>; la m\u00fasica original, de <strong>Gustavo Santaolalla<\/strong> y la supervisi\u00f3n musical, de <strong>Leonardo Heiblum<\/strong>.<\/p>\n<p><img loading=\"lazy\" decoding=\"async\" class=\"alignnone size-full wp-image-9305\" src=\"http:\/\/moviecrazyplanet.com\/wp-content\/uploads\/2024\/10\/Pedro_Paramo_n_01_28_46_17_R-scaled.jpg\" alt=\"\" width=\"2560\" height=\"1280\" srcset=\"https:\/\/moviecrazyplanet.com\/wp-content\/uploads\/2024\/10\/Pedro_Paramo_n_01_28_46_17_R-scaled.jpg 2560w, https:\/\/moviecrazyplanet.com\/wp-content\/uploads\/2024\/10\/Pedro_Paramo_n_01_28_46_17_R-300x150.jpg 300w, https:\/\/moviecrazyplanet.com\/wp-content\/uploads\/2024\/10\/Pedro_Paramo_n_01_28_46_17_R-1024x512.jpg 1024w, https:\/\/moviecrazyplanet.com\/wp-content\/uploads\/2024\/10\/Pedro_Paramo_n_01_28_46_17_R-768x384.jpg 768w, https:\/\/moviecrazyplanet.com\/wp-content\/uploads\/2024\/10\/Pedro_Paramo_n_01_28_46_17_R-1536x768.jpg 1536w, https:\/\/moviecrazyplanet.com\/wp-content\/uploads\/2024\/10\/Pedro_Paramo_n_01_28_46_17_R-2048x1024.jpg 2048w\" sizes=\"auto, (max-width: 2560px) 100vw, 2560px\" \/><\/p>\n<p>El reparto cuenta con las actuaciones de <strong>Manuel Garc\u00eda Rulfo<\/strong>, <strong>Tenoch Huerta<\/strong>, <strong>Dolores Heredia<\/strong>, <strong>Ilse Salas<\/strong>, <strong>H\u00e9ctor Kotsifakis<\/strong>, <strong>Mayra Batalla<\/strong>, <strong>Roberto Sosa<\/strong>, <strong>Giovanna Zacar\u00edas<\/strong>, <strong>No\u00e9 Hern\u00e1ndez<\/strong> y <strong>Yoshira Esc\u00e1rrega<\/strong>, entre otros.<\/p>\n<figure id=\"attachment_9303\" aria-describedby=\"caption-attachment-9303\" style=\"width: 2560px\" class=\"wp-caption alignnone\"><img loading=\"lazy\" decoding=\"async\" class=\"size-full wp-image-9303\" src=\"http:\/\/moviecrazyplanet.com\/wp-content\/uploads\/2024\/10\/Pedro_Paramo_n_00_49_24_04_R-scaled.jpg\" alt=\"\" width=\"2560\" height=\"1440\" srcset=\"https:\/\/moviecrazyplanet.com\/wp-content\/uploads\/2024\/10\/Pedro_Paramo_n_00_49_24_04_R-scaled.jpg 2560w, https:\/\/moviecrazyplanet.com\/wp-content\/uploads\/2024\/10\/Pedro_Paramo_n_00_49_24_04_R-300x169.jpg 300w, https:\/\/moviecrazyplanet.com\/wp-content\/uploads\/2024\/10\/Pedro_Paramo_n_00_49_24_04_R-1024x576.jpg 1024w, https:\/\/moviecrazyplanet.com\/wp-content\/uploads\/2024\/10\/Pedro_Paramo_n_00_49_24_04_R-768x432.jpg 768w, https:\/\/moviecrazyplanet.com\/wp-content\/uploads\/2024\/10\/Pedro_Paramo_n_00_49_24_04_R-1536x864.jpg 1536w, https:\/\/moviecrazyplanet.com\/wp-content\/uploads\/2024\/10\/Pedro_Paramo_n_00_49_24_04_R-2048x1152.jpg 2048w, https:\/\/moviecrazyplanet.com\/wp-content\/uploads\/2024\/10\/Pedro_Paramo_n_00_49_24_04_R-1280x720.jpg 1280w\" sizes=\"auto, (max-width: 2560px) 100vw, 2560px\" \/><figcaption id=\"caption-attachment-9303\" class=\"wp-caption-text\">Pedro P\u00e1ramo. (L to R) Ishbel Bautista as Doloritas, Dolores Eredia as Eduviges in Pedro P\u00e1ramo. Cr. Courtesy of Netflix \/ \u00a92024<\/figcaption><\/figure>\n<p>En palabras de <strong>Rodrigo Prieto<\/strong>:<\/p>\n<p>\u00abCasi 70 a\u00f1os despu\u00e9s de su publicaci\u00f3n, el impacto de la novela sigue resonando, marc\u00e1ndola como una de las piezas m\u00e1s significativas de la literatura mexicana. Dirigir esta adaptaci\u00f3n cinematogr\u00e1fica ha sido un reto apasionante y un viaje profundamente personal que me ha llevado a explorar mis propias conexiones con los fantasmas de generaciones anteriores de mi familia, al igual que hizo Juan Preciado cuando lleg\u00f3 a Comala en busca de su padre, un hombre llamado <strong>Pedro P\u00e1ramo<\/strong>\u201d.<\/p>\n<figure id=\"attachment_9308\" aria-describedby=\"caption-attachment-9308\" style=\"width: 2560px\" class=\"wp-caption alignnone\"><img loading=\"lazy\" decoding=\"async\" class=\"size-full wp-image-9308\" src=\"http:\/\/moviecrazyplanet.com\/wp-content\/uploads\/2024\/10\/Pedro_Paramo_n_01_55_45_13_R_R-scaled.jpg\" alt=\"\" width=\"2560\" height=\"1280\" srcset=\"https:\/\/moviecrazyplanet.com\/wp-content\/uploads\/2024\/10\/Pedro_Paramo_n_01_55_45_13_R_R-scaled.jpg 2560w, https:\/\/moviecrazyplanet.com\/wp-content\/uploads\/2024\/10\/Pedro_Paramo_n_01_55_45_13_R_R-300x150.jpg 300w, https:\/\/moviecrazyplanet.com\/wp-content\/uploads\/2024\/10\/Pedro_Paramo_n_01_55_45_13_R_R-1024x512.jpg 1024w, https:\/\/moviecrazyplanet.com\/wp-content\/uploads\/2024\/10\/Pedro_Paramo_n_01_55_45_13_R_R-768x384.jpg 768w, https:\/\/moviecrazyplanet.com\/wp-content\/uploads\/2024\/10\/Pedro_Paramo_n_01_55_45_13_R_R-1536x768.jpg 1536w, https:\/\/moviecrazyplanet.com\/wp-content\/uploads\/2024\/10\/Pedro_Paramo_n_01_55_45_13_R_R-2048x1024.jpg 2048w\" sizes=\"auto, (max-width: 2560px) 100vw, 2560px\" \/><figcaption id=\"caption-attachment-9308\" class=\"wp-caption-text\">Pedro P\u00e1ramo. Ilse Salas as Susana San Juan in Pedro P\u00e1ramo. Cr. Courtesy of Netflix \/ \u00a92024<\/figcaption><\/figure>\n<p>Acerca de <strong>Pedro P\u00e1ramo<\/strong>:<\/p>\n<p><strong>Director<\/strong>: Rodrigo Prieto<br \/>\n<strong>Guion<\/strong>: Mateo Gil<br \/>\n<strong>Productores<\/strong>: Stacy Perskie and Rafael Ley<br \/>\nElenco: Manuel Garc\u00eda Rulfo, Tenoch Huerta, <strong>Dolores<\/strong> Heredia, Ilse Salas, H\u00e9ctor Kotsifakis, Mayra Batalla, Roberto Sosa, Giovanna Zacar\u00edas, No\u00e9 Hern\u00e1ndez y Yoshira Esc\u00e1rrega, entre otros.<\/p>\n<figure id=\"attachment_9307\" aria-describedby=\"caption-attachment-9307\" style=\"width: 2560px\" class=\"wp-caption alignnone\"><img loading=\"lazy\" decoding=\"async\" class=\"size-full wp-image-9307\" src=\"http:\/\/moviecrazyplanet.com\/wp-content\/uploads\/2024\/10\/Pedro_Paramo_n_01_51_57_03_R-scaled.jpg\" alt=\"\" width=\"2560\" height=\"1296\" srcset=\"https:\/\/moviecrazyplanet.com\/wp-content\/uploads\/2024\/10\/Pedro_Paramo_n_01_51_57_03_R-scaled.jpg 2560w, https:\/\/moviecrazyplanet.com\/wp-content\/uploads\/2024\/10\/Pedro_Paramo_n_01_51_57_03_R-300x152.jpg 300w, https:\/\/moviecrazyplanet.com\/wp-content\/uploads\/2024\/10\/Pedro_Paramo_n_01_51_57_03_R-1024x518.jpg 1024w, https:\/\/moviecrazyplanet.com\/wp-content\/uploads\/2024\/10\/Pedro_Paramo_n_01_51_57_03_R-768x389.jpg 768w, https:\/\/moviecrazyplanet.com\/wp-content\/uploads\/2024\/10\/Pedro_Paramo_n_01_51_57_03_R-1536x777.jpg 1536w, https:\/\/moviecrazyplanet.com\/wp-content\/uploads\/2024\/10\/Pedro_Paramo_n_01_51_57_03_R-2048x1037.jpg 2048w\" sizes=\"auto, (max-width: 2560px) 100vw, 2560px\" \/><figcaption id=\"caption-attachment-9307\" class=\"wp-caption-text\">Pedro P\u00e1ramo. (L to R) Roberto Sosa as Renter\u00eda, Manuel Garc\u00eda Rulfo as Pedro P\u00e1ramo in Pedro P\u00e1ramo. Cr. Courtesy of Netflix \/ \u00a92024<\/figcaption><\/figure>\n<p><strong>Sinopsis<\/strong><\/p>\n<p>Basada en la cumbre literaria de <strong>Juan Rulfo<\/strong>, la pel\u00edcula narra el viaje cargado de ilusiones de <strong>Juan Preciado<\/strong> (<strong>Tenoch Huerta<\/strong>) buscando la riqueza de un padre a quien no conoce. Pero al llegar a <strong>Comala<\/strong>, el lugar donde le dijeron que viv\u00eda, solo encuentra los atroces recuerdos de un pueblo sometido durante d\u00e9cadas por ese hombre, <strong>Pedro P\u00e1ramo<\/strong> (<strong>Manuel Garc\u00eda-Rulfo<\/strong>), condenado por su violenta cruzada en pos del poder y por la furia que despert\u00f3 en \u00e9l su frustrado amor por <strong>Susana San Juan<\/strong> (<strong>Ilse Salas<\/strong>). Tanto as\u00ed que <strong>Juan<\/strong> comienza a preguntarse si sus habitantes podr\u00edan no estar vivos.<\/p>\n<figure id=\"attachment_9304\" aria-describedby=\"caption-attachment-9304\" style=\"width: 2560px\" class=\"wp-caption alignnone\"><img loading=\"lazy\" decoding=\"async\" class=\"size-full wp-image-9304\" src=\"http:\/\/moviecrazyplanet.com\/wp-content\/uploads\/2024\/10\/Pedro_Paramo_n_00_48_20_17_R-scaled.jpg\" alt=\"\" width=\"2560\" height=\"1440\" srcset=\"https:\/\/moviecrazyplanet.com\/wp-content\/uploads\/2024\/10\/Pedro_Paramo_n_00_48_20_17_R-scaled.jpg 2560w, https:\/\/moviecrazyplanet.com\/wp-content\/uploads\/2024\/10\/Pedro_Paramo_n_00_48_20_17_R-300x169.jpg 300w, https:\/\/moviecrazyplanet.com\/wp-content\/uploads\/2024\/10\/Pedro_Paramo_n_00_48_20_17_R-1024x576.jpg 1024w, https:\/\/moviecrazyplanet.com\/wp-content\/uploads\/2024\/10\/Pedro_Paramo_n_00_48_20_17_R-768x432.jpg 768w, https:\/\/moviecrazyplanet.com\/wp-content\/uploads\/2024\/10\/Pedro_Paramo_n_00_48_20_17_R-1536x864.jpg 1536w, https:\/\/moviecrazyplanet.com\/wp-content\/uploads\/2024\/10\/Pedro_Paramo_n_00_48_20_17_R-2048x1152.jpg 2048w, https:\/\/moviecrazyplanet.com\/wp-content\/uploads\/2024\/10\/Pedro_Paramo_n_00_48_20_17_R-1280x720.jpg 1280w\" sizes=\"auto, (max-width: 2560px) 100vw, 2560px\" \/><figcaption id=\"caption-attachment-9304\" class=\"wp-caption-text\">Pedro P\u00e1ramo. Mayra Batalla as Damiana in Pedro P\u00e1ramo. Cr. Courtesy of Netflix \/ \u00a92024<\/figcaption><\/figure>\n<p>Murmullos del pasado, historias de vivos que se entrelazan con muertos, una b\u00fasqueda disfrazada de condena y un pueblo fantasmag\u00f3rico llamado <strong>Comala<\/strong>.<\/p>\n<p><img loading=\"lazy\" decoding=\"async\" class=\"alignnone size-full wp-image-9309\" src=\"http:\/\/moviecrazyplanet.com\/wp-content\/uploads\/2024\/10\/Es_Mx_PedroParamo_Main_Vertical_27x40_SRGB_PRE-scaled.jpg\" alt=\"\" width=\"1729\" height=\"2560\" srcset=\"https:\/\/moviecrazyplanet.com\/wp-content\/uploads\/2024\/10\/Es_Mx_PedroParamo_Main_Vertical_27x40_SRGB_PRE-scaled.jpg 1729w, https:\/\/moviecrazyplanet.com\/wp-content\/uploads\/2024\/10\/Es_Mx_PedroParamo_Main_Vertical_27x40_SRGB_PRE-203x300.jpg 203w, https:\/\/moviecrazyplanet.com\/wp-content\/uploads\/2024\/10\/Es_Mx_PedroParamo_Main_Vertical_27x40_SRGB_PRE-692x1024.jpg 692w, https:\/\/moviecrazyplanet.com\/wp-content\/uploads\/2024\/10\/Es_Mx_PedroParamo_Main_Vertical_27x40_SRGB_PRE-768x1137.jpg 768w, https:\/\/moviecrazyplanet.com\/wp-content\/uploads\/2024\/10\/Es_Mx_PedroParamo_Main_Vertical_27x40_SRGB_PRE-1038x1536.jpg 1038w, https:\/\/moviecrazyplanet.com\/wp-content\/uploads\/2024\/10\/Es_Mx_PedroParamo_Main_Vertical_27x40_SRGB_PRE-1383x2048.jpg 1383w, https:\/\/moviecrazyplanet.com\/wp-content\/uploads\/2024\/10\/Es_Mx_PedroParamo_Main_Vertical_27x40_SRGB_PRE-1024x1516.jpg 1024w\" sizes=\"auto, (max-width: 1729px) 100vw, 1729px\" \/><\/p>\n<p><strong>Pedro P\u00e1ramo, <\/strong>pel\u00edcula de<strong> Pedro Prieto <\/strong>protagonizada por<strong> Manuel Garc\u00eda-Rulfo<\/strong>\u00a0se estrena el <strong>6 de noviembre de 2024<\/strong> solo en <strong>Netflix<\/strong>.<\/p>\n<p><iframe loading=\"lazy\" title=\"Pedro P\u00e1ramo | Avance oficial | Netflix\" width=\"640\" height=\"360\" src=\"https:\/\/www.youtube.com\/embed\/xKWEBc-df_M?feature=oembed\" frameborder=\"0\" allow=\"accelerometer; autoplay; clipboard-write; encrypted-media; gyroscope; picture-in-picture; web-share\" referrerpolicy=\"strict-origin-when-cross-origin\" allowfullscreen><\/iframe><\/p>\n<p><a href=\"http:\/\/www.netflix.com\" target=\"_blank\" rel=\"noopener\"><img loading=\"lazy\" decoding=\"async\" class=\"alignnone size-full wp-image-1763\" src=\"http:\/\/moviecrazyplanet.com\/wp-content\/uploads\/2023\/08\/images-2-1.png\" alt=\"\" width=\"738\" height=\"415\" srcset=\"https:\/\/moviecrazyplanet.com\/wp-content\/uploads\/2023\/08\/images-2-1.png 738w, https:\/\/moviecrazyplanet.com\/wp-content\/uploads\/2023\/08\/images-2-1-300x169.png 300w\" sizes=\"auto, (max-width: 738px) 100vw, 738px\" \/><\/a><\/p>\n<p>Con informaci\u00f3n de <strong>Netflix<\/strong> gracias a <strong>Eureka&amp;Co<\/strong>.<\/p>\n<p>&nbsp;<\/p>\n","protected":false},"excerpt":{"rendered":"<p>Vine a Comala porque me dijeron que ac\u00e1 viv\u00eda mi padre, un tal&#8230; Pedro P\u00e1ramo. Pedro P\u00e1ramo, la adaptaci\u00f3n cinematogr\u00e1fica de la obra cumbre de Juan Rulfo, presenta su primer adelanto. Estar\u00e1 disponible globalmente en Netflix el 6 de noviembre. La pel\u00edcula marca el debut directorial del reconocido cinefot\u00f3grafo mexicano Rodrigo Prieto. Detr\u00e1s de c\u00e1maras [&hellip;]<\/p>\n","protected":false},"author":2,"featured_media":9310,"comment_status":"open","ping_status":"open","sticky":false,"template":"","format":"standard","meta":{"footnotes":""},"categories":[59,64,87,88,82,103],"tags":[],"class_list":["post-9297","post","type-post","status-publish","format-standard","has-post-thumbnail","hentry","category-drama","category-fantasia","category-horror","category-misterio","category-netflix","category-romance"],"_links":{"self":[{"href":"https:\/\/moviecrazyplanet.com\/index.php?rest_route=\/wp\/v2\/posts\/9297","targetHints":{"allow":["GET"]}}],"collection":[{"href":"https:\/\/moviecrazyplanet.com\/index.php?rest_route=\/wp\/v2\/posts"}],"about":[{"href":"https:\/\/moviecrazyplanet.com\/index.php?rest_route=\/wp\/v2\/types\/post"}],"author":[{"embeddable":true,"href":"https:\/\/moviecrazyplanet.com\/index.php?rest_route=\/wp\/v2\/users\/2"}],"replies":[{"embeddable":true,"href":"https:\/\/moviecrazyplanet.com\/index.php?rest_route=%2Fwp%2Fv2%2Fcomments&post=9297"}],"version-history":[{"count":2,"href":"https:\/\/moviecrazyplanet.com\/index.php?rest_route=\/wp\/v2\/posts\/9297\/revisions"}],"predecessor-version":[{"id":9311,"href":"https:\/\/moviecrazyplanet.com\/index.php?rest_route=\/wp\/v2\/posts\/9297\/revisions\/9311"}],"wp:featuredmedia":[{"embeddable":true,"href":"https:\/\/moviecrazyplanet.com\/index.php?rest_route=\/wp\/v2\/media\/9310"}],"wp:attachment":[{"href":"https:\/\/moviecrazyplanet.com\/index.php?rest_route=%2Fwp%2Fv2%2Fmedia&parent=9297"}],"wp:term":[{"taxonomy":"category","embeddable":true,"href":"https:\/\/moviecrazyplanet.com\/index.php?rest_route=%2Fwp%2Fv2%2Fcategories&post=9297"},{"taxonomy":"post_tag","embeddable":true,"href":"https:\/\/moviecrazyplanet.com\/index.php?rest_route=%2Fwp%2Fv2%2Ftags&post=9297"}],"curies":[{"name":"wp","href":"https:\/\/api.w.org\/{rel}","templated":true}]}}